{"id":511993,"date":"2026-09-01T10:47:04","date_gmt":"2026-09-01T13:47:04","guid":{"rendered":"https:\/\/www.planbnoticias.com.ar\/?p=511993"},"modified":"2026-09-01T10:47:04","modified_gmt":"2026-09-01T13:47:04","slug":"activamos-modo-avion-la-obra-que-invita-a-hablar-de-las-violencias-digitales-en-las-escuelas","status":"publish","type":"post","link":"https:\/\/www.planbnoticias.com.ar\/index.php\/2026\/09\/01\/activamos-modo-avion-la-obra-que-invita-a-hablar-de-las-violencias-digitales-en-las-escuelas\/","title":{"rendered":"\u201cActivamos modo avi\u00f3n\u201d, la obra que invita a hablar de las violencias digitales en las escuelas"},"content":{"rendered":"<p><img fetchpriority=\"high\" decoding=\"async\" class=\"alignnone size-full wp-image-511995\" src=\"https:\/\/www.planbnoticias.com.ar\/wp-content\/uploads\/2026\/09\/activamos-modo-avion.jpeg\" alt=\"\" width=\"1280\" height=\"920\" srcset=\"https:\/\/www.planbnoticias.com.ar\/wp-content\/uploads\/2026\/09\/activamos-modo-avion.jpeg 1280w, https:\/\/www.planbnoticias.com.ar\/wp-content\/uploads\/2026\/09\/activamos-modo-avion-300x216.jpeg 300w, https:\/\/www.planbnoticias.com.ar\/wp-content\/uploads\/2026\/09\/activamos-modo-avion-1024x736.jpeg 1024w, https:\/\/www.planbnoticias.com.ar\/wp-content\/uploads\/2026\/09\/activamos-modo-avion-768x552.jpeg 768w, https:\/\/www.planbnoticias.com.ar\/wp-content\/uploads\/2026\/09\/activamos-modo-avion-1170x841.jpeg 1170w, https:\/\/www.planbnoticias.com.ar\/wp-content\/uploads\/2026\/09\/activamos-modo-avion-585x420.jpeg 585w\" sizes=\"(max-width: 1280px) 100vw, 1280px\" \/><\/p>\n<p>La obra de teatro se present\u00f3 en el Medasur con historias vinculadas a las violencias digitales. La iniciativa continuar\u00e1 en las escuelas con actividades y una campa\u00f1a de sensibilizaci\u00f3n para toda la comunidad educativa.<\/p>\n<p>Jimena Blanco e Iv\u00e1n Pe\u00f1alba, dialogaron con Plan B, en el marco de la presentaci\u00f3n de la obra de teatro \u201cActivamos modo avi\u00f3n\u201d, que se realiz\u00f3 en el Medasur y de la cual participaron autoridades provinciales, del Ministerio de Educaci\u00f3n, estudiantes y docentes de nivel Secundario.<\/p>\n<p>De la presentaci\u00f3n tambi\u00e9n particip\u00f3 Laura Ver\u00f3nica Sanchez (Creadora de la Gu\u00eda Ema y Ley Ema. Presidenta de Mundo Ema &#8211; Asociaci\u00f3n Civil sin fines de lucro e Integrante de la Red Latinoamericana de Defensoras Digitales).<\/p>\n<p>\u201cLa obra se llama \u2018Activamos modo avi\u00f3n\u2019 y la escribimos nosotros, con el \u00e1rea del equipo de Pol\u00edticas de Cuidado, ESI y Educaci\u00f3n Vial. Es algo que empezamos a trabajar el a\u00f1o pasado, a partir de charlas que d\u00e1bamos, donde empezamos a incorporar dramatizaciones y este a\u00f1o, la armamos bien como obra de teatro\u201d, dijo Jimena.<\/p>\n<p><script async src=\"\/\/pagead2.googlesyndication.com\/pagead\/js\/adsbygoogle.js\"><\/script><\/p>\n<p><!-- Publi m\u00f3vil interior nota --><\/p>\n<p>&nbsp;<\/p>\n<p><script><\/p>\n<p>(adsbygoogle = window.adsbygoogle || []).push({});<\/p>\n<p><\/script><\/p>\n<p>\u201cLa obra est\u00e1 dirigida a las instituciones educativas de la provincia, de nivel secundario y las tem\u00e1ticas que abordan tienen que con las violencias digitales y las formas que tenemos de habitar los entornos digitales hoy en d\u00eda\u201d, agreg\u00f3 Ivan.<\/p>\n<p>\u201cEn esta puesta en escena, se seleccionaron algunas de las tantas violencias digitales para darles un formato de obra. Tiene como objetivo principal interpelar a las y los adolescentes y la construcci\u00f3n de un trabajo. Esto no queda en una puesta en escena, ya que tambi\u00e9n se llevan una carpeta. En ese sentido, desde el \u00e1rea asumimos, junto con las instituciones educativas, a la entrega de una carpeta que consta de actividades y de una campa\u00f1a de sensibilizaci\u00f3n, para que la obra de teatro no quede como un hecho aislado, sino que tiene una continuidad institucional\u201d, agreg\u00f3.<\/p>\n<p>\u201cEsto funciona en dos etapas: la primera, es para los y las estudiantes que llegaron hoy ac\u00e1, que puedan poner voces, pensamientos y emociones y generar, en base a eso, contenido. La idea es que despu\u00e9s no quede al interior de cada espacio curricular, sino que se pueda extender a toda la instituci\u00f3n educativa. Y en la segunda etapa, propone romper el espacio f\u00edsico de la escuela y llegar a toda la comunidad educativa, con mensajes de campa\u00f1a de sensibilizaci\u00f3n sobre la tem\u00e1tica\u201d, dijo Iv\u00e1n Pe\u00f1alba.<\/p>\n<p>\u201cLa idea es activar un poco y creo que hace falta, es muy necesario trabajar con chicos y chicas estas tem\u00e1ticas\u201d, terci\u00f3 Jimena Blanco. \u201cLa idea es abrir la palabra, escucharlos y surgen un mont\u00f3n de cosas muy interesantes: la lectura que tienen de la obra, esto de que lo que se cuenta son historias reales o no, c\u00f3mo surgen las tem\u00e1ticas. Y nombran casos que han vivenciado tambi\u00e9n, es muy interesante el abrir la palabra\u201d, afirm\u00f3.<\/p>\n<p>En este marco, Iv\u00e1n record\u00f3 las palabras de un estudiante de General Acha. \u201cNos dijo que era muy necesario abrir estos temas, porque les est\u00e1 sucediendo a ellos constantemente en diferentes entornos digitales\u201d.<\/p>\n<p>Hasta el momento, han hecho dos funciones, previo al lanzamiento oficial de este martes. \u201cQuer\u00edamos ver qu\u00e9 repercusiones ten\u00edamos, tanto en estudiantes como en instituciones educativas. La respuesta ha sido demasiado positiva y muchos equipos directivos nos acompa\u00f1aron. Nos agradecieron, incluso hubo personas adultas muy interpeladas y emocionadas por lo que van viendo. Y, a partir de eso, le dimos el inicio formal hoy en Santa Rosa, donde estar\u00e1n presentes todas las autoridades\u201d, afirm\u00f3 Iv\u00e1n.<\/p>\n<p><img decoding=\"async\" class=\"alignnone size-full wp-image-511994\" src=\"https:\/\/www.planbnoticias.com.ar\/wp-content\/uploads\/2026\/09\/activamos-modo-avion1.jpeg\" alt=\"\" width=\"1280\" height=\"960\" srcset=\"https:\/\/www.planbnoticias.com.ar\/wp-content\/uploads\/2026\/09\/activamos-modo-avion1.jpeg 1280w, https:\/\/www.planbnoticias.com.ar\/wp-content\/uploads\/2026\/09\/activamos-modo-avion1-300x225.jpeg 300w, https:\/\/www.planbnoticias.com.ar\/wp-content\/uploads\/2026\/09\/activamos-modo-avion1-1024x768.jpeg 1024w, https:\/\/www.planbnoticias.com.ar\/wp-content\/uploads\/2026\/09\/activamos-modo-avion1-768x576.jpeg 768w, https:\/\/www.planbnoticias.com.ar\/wp-content\/uploads\/2026\/09\/activamos-modo-avion1-1170x878.jpeg 1170w, https:\/\/www.planbnoticias.com.ar\/wp-content\/uploads\/2026\/09\/activamos-modo-avion1-585x439.jpeg 585w\" sizes=\"(max-width: 1280px) 100vw, 1280px\" \/><\/p>\n<p>\u201cTambi\u00e9n viene Laura S\u00e1nchez, la mam\u00e1 de Ema, que es una ley que se implement\u00f3 en Santa Fe y es la que impulsa y es activista de la Gu\u00eda Ema, que est\u00e1 preparada para el abordaje de los entornos digitales en todas las instituciones educativas. Ella milita a nivel federal esa gu\u00eda. Nos pareci\u00f3 super importante que una persona con su historia pueda acercarse y formar parte de esto que proponemos ac\u00e1 por primera vez en La Pampa. Es la primera vez que el Ministerio tiene una obra de autoridad propia\u201d, resalt\u00f3 finaliz\u00f3 Pe\u00f1alba.<\/p>\n","protected":false},"excerpt":{"rendered":"<p>La obra de teatro se present\u00f3 en el Medasur con historias vinculadas a las violencias digitales. La iniciativa continuar\u00e1 en las escuelas con actividades y una campa\u00f1a de sensibilizaci\u00f3n para&hellip;<\/p>\n","protected":false},"author":3,"featured_media":511995,"comment_status":"closed","ping_status":"open","sticky":false,"template":"","format":"standard","meta":{"footnotes":""},"categories":[4,5],"tags":[],"class_list":["post-511993","post","type-post","status-publish","format-standard","has-post-thumbnail","hentry","category-ciudad","category-cultura"],"jetpack_featured_media_url":"https:\/\/www.planbnoticias.com.ar\/wp-content\/uploads\/2026\/09\/activamos-modo-avion.jpeg","_links":{"self":[{"href":"https:\/\/www.planbnoticias.com.ar\/index.php\/wp-json\/wp\/v2\/posts\/511993","targetHints":{"allow":["GET"]}}],"collection":[{"href":"https:\/\/www.planbnoticias.com.ar\/index.php\/wp-json\/wp\/v2\/posts"}],"about":[{"href":"https:\/\/www.planbnoticias.com.ar\/index.php\/wp-json\/wp\/v2\/types\/post"}],"author":[{"embeddable":true,"href":"https:\/\/www.planbnoticias.com.ar\/index.php\/wp-json\/wp\/v2\/users\/3"}],"replies":[{"embeddable":true,"href":"https:\/\/www.planbnoticias.com.ar\/index.php\/wp-json\/wp\/v2\/comments?post=511993"}],"version-history":[{"count":1,"href":"https:\/\/www.planbnoticias.com.ar\/index.php\/wp-json\/wp\/v2\/posts\/511993\/revisions"}],"predecessor-version":[{"id":511996,"href":"https:\/\/www.planbnoticias.com.ar\/index.php\/wp-json\/wp\/v2\/posts\/511993\/revisions\/511996"}],"wp:featuredmedia":[{"embeddable":true,"href":"https:\/\/www.planbnoticias.com.ar\/index.php\/wp-json\/wp\/v2\/media\/511995"}],"wp:attachment":[{"href":"https:\/\/www.planbnoticias.com.ar\/index.php\/wp-json\/wp\/v2\/media?parent=511993"}],"wp:term":[{"taxonomy":"category","embeddable":true,"href":"https:\/\/www.planbnoticias.com.ar\/index.php\/wp-json\/wp\/v2\/categories?post=511993"},{"taxonomy":"post_tag","embeddable":true,"href":"https:\/\/www.planbnoticias.com.ar\/index.php\/wp-json\/wp\/v2\/tags?post=511993"}],"curies":[{"name":"wp","href":"https:\/\/api.w.org\/{rel}","templated":true}]}}