{"id":511998,"date":"2026-09-01T11:45:09","date_gmt":"2026-09-01T14:45:09","guid":{"rendered":"https:\/\/www.planbnoticias.com.ar\/?p=511998"},"modified":"2026-09-01T14:07:56","modified_gmt":"2026-09-01T17:07:56","slug":"laura-sanchez-hay-que-humanizar-la-digitalidad-y-escuchar-a-las-adolescencias","status":"publish","type":"post","link":"https:\/\/www.planbnoticias.com.ar\/index.php\/2026\/09\/01\/laura-sanchez-hay-que-humanizar-la-digitalidad-y-escuchar-a-las-adolescencias\/","title":{"rendered":"Laura S\u00e1nchez: \u201cHay que humanizar la digitalidad y escuchar a las adolescencias\u201d"},"content":{"rendered":"<p><img fetchpriority=\"high\" decoding=\"async\" class=\"alignnone size-full wp-image-511999\" src=\"https:\/\/www.planbnoticias.com.ar\/wp-content\/uploads\/2026\/09\/laura-sanc-hez-rocio-souto.avif\" alt=\"\" width=\"1280\" height=\"960\" srcset=\"https:\/\/www.planbnoticias.com.ar\/wp-content\/uploads\/2026\/09\/laura-sanc-hez-rocio-souto.avif 1280w, https:\/\/www.planbnoticias.com.ar\/wp-content\/uploads\/2026\/09\/laura-sanc-hez-rocio-souto-300x225.avif 300w, https:\/\/www.planbnoticias.com.ar\/wp-content\/uploads\/2026\/09\/laura-sanc-hez-rocio-souto-1024x768.avif 1024w, https:\/\/www.planbnoticias.com.ar\/wp-content\/uploads\/2026\/09\/laura-sanc-hez-rocio-souto-768x576.avif 768w, https:\/\/www.planbnoticias.com.ar\/wp-content\/uploads\/2026\/09\/laura-sanc-hez-rocio-souto-1170x878.avif 1170w, https:\/\/www.planbnoticias.com.ar\/wp-content\/uploads\/2026\/09\/laura-sanc-hez-rocio-souto-585x439.avif 585w\" sizes=\"(max-width: 1280px) 100vw, 1280px\" \/><\/p>\n<p>La mam\u00e1 de Ema, la adolescente que muri\u00f3 tras la difusi\u00f3n no consentida de un video \u00edntimo, impulsa la Gu\u00eda y la Ley Ema. En La Pampa present\u00f3 la iniciativa que busca prevenir y abordar las violencias digitales en las escuelas y acompa\u00f1\u00f3 la presentaci\u00f3n de la obra de teatro &#8216;Activamos el modo avi\u00f3n&#8217;. \u201cEsto se est\u00e1 llevando puesto a los chicos y las chicas. Hay que hacer algo ya\u201d, dijo.<\/p>\n<p>Laura Ver\u00f3nica Sanchez, creadora de la Gu\u00eda Ema y Ley Ema y presidenta de la Asociaci\u00f3n Civil sin fines de Lucro, \u2018Mundo Ema\u2019 e Integrante de la Red Latinoamericana de Defensoras Digitales dialog\u00f3 con Plan B, en el marco del estreno en el Medasur de la obra \u201cActivamos modo avi\u00f3n\u201d, que busca advertir por las violencias digitales en adolescentes.<\/p>\n<p>Laura S\u00e1nchez es la mam\u00e1 de Ema, la adolescente de 15 a\u00f1os que se suicid\u00f3 el 24 de agosto de 2024 despu\u00e9s de que un compa\u00f1ero de colegio \u201424 horas antes\u2014 difundiera un video de ellos teniendo relaciones sexuales.<\/p>\n<p>Las im\u00e1genes, difundidas sin el consentimiento de la menor, provoc\u00f3 que decidiera quitarse la vida. Desde entonces, Laura busc\u00f3 la manera de transformar ese dolor en acci\u00f3n. As\u00ed naci\u00f3 la Gu\u00eda Ema, que busca dar herramientas a las escuelas para que sepan c\u00f3mo actuar ante un caso de violencia digital.<\/p>\n<p><script async src=\"\/\/pagead2.googlesyndication.com\/pagead\/js\/adsbygoogle.js\"><\/script><br \/>\n<!-- Publi m\u00f3vil interior nota --><br \/>\n<ins class=\"adsbygoogle\" style=\"display: inline-block; width: 320px; height: 100px;\" data-ad-client=\"ca-pub-7250018434179914\" data-ad-slot=\"1040343543\"><\/ins><br \/>\n<script>\n(adsbygoogle = window.adsbygoogle || []).push({});\n<\/script><\/p>\n<p>\u201cEn principio fui convocada por Roc\u00edo (Souto, coordinadora de Pol\u00edticas Pedag\u00f3gicas Educativas, del ministerio de Educaci\u00f3n pampeano). Ella me cont\u00f3 sobre la obra y el trabajo que vienen haciendo y me parece maravilloso. Creo que la sensibilizaci\u00f3n, la herramienta del conocimiento y la difusi\u00f3n es el primer gran paso para la prevenci\u00f3n de las violencias digitales entre pares, ya que hablamos siempre que estas violencias se dan entre adolescentes\u201d, dijo Laura S\u00e1nchez a Plan B.<\/p>\n<p>\u201cTambi\u00e9n estuvimos hablando de la Ley Ema, que ha sido presentada en La Pampa y es un programa de prevenci\u00f3n y abordaje para las violencias digitales. Lo que busca la ley es darle un marco, que todas las escuelas puedan tener herramientas para prevenir la violencia digital, pensar en las adolescencias como sujetos de derecho en territorios digitales\u201d, agreg\u00f3 Laura.<\/p>\n<p>\u201cBuscamos que ellos tengan ciudadan\u00eda digital, que pueda habitar estos territorios con derechos. Y, cuando sepan sus derechos, van a saber sus responsabilidades, que son igual de importante. Creo que el arte es una bisagra tremenda, es una manifestaci\u00f3n para sensibilizar a las adolescencias y no solo en modo conversatorio, pensando en la ley. En la ley y la Gu\u00eda Ema, lo que queremos es corrernos del adultocentrismo y hacer un acompa\u00f1amiento, escuchar qu\u00e9 les est\u00e1 pasando en estos territorios que, en definitiva, estamos construyendo entre todos, porque somos nuevos en estos territorios. Es un cambio de \u00e9poca, un proceso hist\u00f3rico y estamos construy\u00e9ndolos, junto a las adolescencias y los adultos, en el rol que cada adulto ocupe\u201d, explic\u00f3 Laura.<\/p>\n<p>\u201cEste es un contexto dif\u00edcil y para pensar. Creo que la violencia digital se erradica volviendo a las pr\u00e1cticas humanitarias, pensando en c\u00f3mo humanizar la digitalidad. S\u00ed es un contexto dif\u00edcil para pensar estas pr\u00e1cticas, pensar en el otro. Construirme con el otro y desde el otro, pero ac\u00e1 estamos, est\u00e1n ustedes d\u00e1ndonos la voz y el espacio para construir, estamos con Roc\u00edo y todo su equipo en esta obra. Yo recorro este pa\u00eds con algo que parece simple: humanizar la digitalidad\u201d, agreg\u00f3 Laura S\u00e1nchez.<\/p>\n<p>\u201cAc\u00e1 estamos y es esperanzador. Tenemos ley Ema aprobada por unanimidad en Santa Fe y esto demuestra que es una problem\u00e1tica transversal, que no tiene color pol\u00edtico ni religioso, ni estrato social. Dej\u00f3 de ser una problem\u00e1tica emergente, para convertirse en urgente. Esto se est\u00e1 llevando puesto a los chicos y las chicas. Hay que hacer algo ya\u201d, dijo S\u00e1nchez.<\/p>\n<p><b>En referencia a la implementaci\u00f3n de la ley en el resto del pa\u00eds, Laura record\u00f3 que en Buenos Aires tiene media sanci\u00f3n. \u201c<\/b>En Naci\u00f3n, est\u00e1 esperando a tener tratamiento en la comisi\u00f3n de presupuesto, en una comisi\u00f3n dif\u00edcil en este contexto nacional. La estamos presentando en La Pampa. Se present\u00f3 en septiembre en Santa Cruz, pr\u00f3ximamente vamos a estar en C\u00f3rdoba. Estamos haciendo el caminito para que sea ley en todo el pa\u00eds, para que este programa de abordaje y prevenci\u00f3n, lo tenga todo el pa\u00eds\u201d.<\/p>\n<p>\u201cPensando en el momento en que sucedi\u00f3, lo que sucedi\u00f3 con Ema, la escuela, nosotros como familia o Ema, hubiera tenido las herramientas, definitivamente, la historia ser\u00eda otra. Por eso pensamos en esto, para que la historia de Ema no se repita\u201d, finaliz\u00f3 Laura S\u00e1nchez.<\/p>\n<p>Quienes quieran conocer la historia de Laura y las actividades que lleva adelante, pueden consultar su Instagram: <strong><a href=\"https:\/\/www.instagram.com\/ema_almamia\/\">https:\/\/www.instagram.com\/ema_almamia\/<\/a><\/strong><\/p>\n<p>Descarg\u00e1 la <strong><a href=\"https:\/\/drive.google.com\/file\/d\/1fcQhyHgn7bOujcxj7Hwhq6BnXP4bNzX9\/view?usp=sharing\" target=\"_blank\" rel=\"noopener\">Gu\u00eda Ema<\/a><\/strong><\/p>\n<p>&nbsp;<\/p>\n","protected":false},"excerpt":{"rendered":"<p>La mam\u00e1 de Ema, la adolescente que muri\u00f3 tras la difusi\u00f3n no consentida de un video \u00edntimo, impulsa la Gu\u00eda y la Ley Ema. En La Pampa present\u00f3 la iniciativa&hellip;<\/p>\n","protected":false},"author":3,"featured_media":511999,"comment_status":"closed","ping_status":"open","sticky":false,"template":"","format":"standard","meta":{"footnotes":""},"categories":[4,5,7],"tags":[],"class_list":["post-511998","post","type-post","status-publish","format-standard","has-post-thumbnail","hentry","category-ciudad","category-cultura","category-destacadas"],"jetpack_featured_media_url":"https:\/\/www.planbnoticias.com.ar\/wp-content\/uploads\/2026\/09\/laura-sanc-hez-rocio-souto.avif","_links":{"self":[{"href":"https:\/\/www.planbnoticias.com.ar\/index.php\/wp-json\/wp\/v2\/posts\/511998","targetHints":{"allow":["GET"]}}],"collection":[{"href":"https:\/\/www.planbnoticias.com.ar\/index.php\/wp-json\/wp\/v2\/posts"}],"about":[{"href":"https:\/\/www.planbnoticias.com.ar\/index.php\/wp-json\/wp\/v2\/types\/post"}],"author":[{"embeddable":true,"href":"https:\/\/www.planbnoticias.com.ar\/index.php\/wp-json\/wp\/v2\/users\/3"}],"replies":[{"embeddable":true,"href":"https:\/\/www.planbnoticias.com.ar\/index.php\/wp-json\/wp\/v2\/comments?post=511998"}],"version-history":[{"count":2,"href":"https:\/\/www.planbnoticias.com.ar\/index.php\/wp-json\/wp\/v2\/posts\/511998\/revisions"}],"predecessor-version":[{"id":512001,"href":"https:\/\/www.planbnoticias.com.ar\/index.php\/wp-json\/wp\/v2\/posts\/511998\/revisions\/512001"}],"wp:featuredmedia":[{"embeddable":true,"href":"https:\/\/www.planbnoticias.com.ar\/index.php\/wp-json\/wp\/v2\/media\/511999"}],"wp:attachment":[{"href":"https:\/\/www.planbnoticias.com.ar\/index.php\/wp-json\/wp\/v2\/media?parent=511998"}],"wp:term":[{"taxonomy":"category","embeddable":true,"href":"https:\/\/www.planbnoticias.com.ar\/index.php\/wp-json\/wp\/v2\/categories?post=511998"},{"taxonomy":"post_tag","embeddable":true,"href":"https:\/\/www.planbnoticias.com.ar\/index.php\/wp-json\/wp\/v2\/tags?post=511998"}],"curies":[{"name":"wp","href":"https:\/\/api.w.org\/{rel}","templated":true}]}}