{"id":512011,"date":"2026-09-01T13:51:16","date_gmt":"2026-09-01T16:51:16","guid":{"rendered":"https:\/\/www.planbnoticias.com.ar\/?p=512011"},"modified":"2026-09-01T13:51:16","modified_gmt":"2026-09-01T16:51:16","slug":"19-proyectos-representaran-a-la-pampa-en-las-ferias-nacionales-de-ciencias-arte-y-tecnologia","status":"publish","type":"post","link":"https:\/\/www.planbnoticias.com.ar\/index.php\/2026\/09\/01\/19-proyectos-representaran-a-la-pampa-en-las-ferias-nacionales-de-ciencias-arte-y-tecnologia\/","title":{"rendered":"19 proyectos representar\u00e1n a La Pampa en las Ferias Nacionales de Ciencias, Arte y Tecnolog\u00eda"},"content":{"rendered":"<p><img fetchpriority=\"high\" decoding=\"async\" class=\"alignnone size-full wp-image-510720\" src=\"https:\/\/www.planbnoticias.com.ar\/wp-content\/uploads\/2026\/08\/feria-ciencias-inauguracion3.jpeg\" alt=\"\" width=\"1280\" height=\"960\" srcset=\"https:\/\/www.planbnoticias.com.ar\/wp-content\/uploads\/2026\/08\/feria-ciencias-inauguracion3.jpeg 1280w, https:\/\/www.planbnoticias.com.ar\/wp-content\/uploads\/2026\/08\/feria-ciencias-inauguracion3-300x225.jpeg 300w, https:\/\/www.planbnoticias.com.ar\/wp-content\/uploads\/2026\/08\/feria-ciencias-inauguracion3-1024x768.jpeg 1024w, https:\/\/www.planbnoticias.com.ar\/wp-content\/uploads\/2026\/08\/feria-ciencias-inauguracion3-768x576.jpeg 768w, https:\/\/www.planbnoticias.com.ar\/wp-content\/uploads\/2026\/08\/feria-ciencias-inauguracion3-1170x878.jpeg 1170w, https:\/\/www.planbnoticias.com.ar\/wp-content\/uploads\/2026\/08\/feria-ciencias-inauguracion3-585x439.jpeg 585w\" sizes=\"(max-width: 1280px) 100vw, 1280px\" \/><\/p>\n<p>Durante todo el mes de agosto se llevaron adelante, con sede en General Pico y Santa Rosa las tres instancias de la edici\u00f3n XXXVI de la Feria Provincial de Ciencias, Arte y Tecnolog\u00eda.<\/p>\n<p>La convocatoria cont\u00f3 con la participaci\u00f3n de m\u00e1s de 150 trabajos de diversas localidades y representando a todos los niveles y modalidades del sistema educativo. Las jornadas se convirtieron en una experiencia colmada de alegr\u00eda, intercambio y en donde el conocimiento circul\u00f3 en todas las \u00e1reas y los protagonistas pudieron socializar sus proyectos, contar los desaf\u00edos, comentar los logros de su implementaci\u00f3n y compartir con sus pares.<\/p>\n<p>La etapa que sigue es la representaci\u00f3n de la Provincia en las distintas ferias nacionales que tendr\u00e1n como sedes a las provincias de San Luis, Jujuy y C\u00f3rdoba en los meses de octubre y noviembre. Ese listado, consensuado por el equipo de evaluadores, est\u00e1 integrado por 19 proyectos pampeanos:<\/p>\n<p><script async src=\"\/\/pagead2.googlesyndication.com\/pagead\/js\/adsbygoogle.js\"><\/script><br \/>\n<!-- Publi m\u00f3vil interior nota --><br \/>\n<ins class=\"adsbygoogle\" style=\"display: inline-block; width: 320px; height: 100px;\" data-ad-client=\"ca-pub-7250018434179914\" data-ad-slot=\"1040343543\"><\/ins><br \/>\n<script>\n(adsbygoogle = window.adsbygoogle || []).push({});\n<\/script><\/p>\n<p>Fase en San Luis<\/p>\n<p>Foco Matem\u00e1tica<\/p>\n<p>Colonia Bar\u00f3n &#8211; JIN N\u00b0 14 Anexo 1 Col. Bar\u00f3n &#8211; Mi sala Mundialista con \u201cM\u201d de Matem\u00e1tica.<\/p>\n<p>Santa Rosa &#8211; Colegio Santo Tom\u00e1s &#8211; Geometr\u00eda en Juego<\/p>\n<p>Arata &#8211; Colegio secundario Agropecuario de Arata &#8211; C\u00e1lculos en el sinuoso pampeano<\/p>\n<p>ISFD de Macach\u00edn &#8211; \u201cEntre nubes y n\u00fameros\u201d Cr\u00f3nica de microclases de Matem\u00e1tica y Ciencias Naturales.<\/p>\n<p>ISFD Colonia Bar\u00f3n (Sede) &#8211; \u201cLas fracciones en la Tierra\u201d<\/p>\n<p>Proyecto tem\u00e1tico de probabilidades y estad\u00edstica:<\/p>\n<p>Miguel Riglos- Colegio Secundario Gral. Jos\u00e9 de San Mart\u00edn &#8211; Estaci\u00f3n Egre 5\u00b0: camino al futuro<\/p>\n<p>Fase en Jujuy<\/p>\n<p>Foco Arte<\/p>\n<p>Lonquimay &#8211; JIN N\u00b0 24 Caminitos &#8211; Nuestros tesoros abrigados<\/p>\n<p>Victorica &#8211; Instituto San Juan Bosco &#8211; Entre sonidos y palabras: un encuentro con la cultura ranquel.<\/p>\n<p>Ingeniero Luiggi &#8211; Escuela Provincial de Comercio Mariano Moreno &#8211; Hilando v\u00ednculos&#8230;solo hay que tirar del hilo.<\/p>\n<p>Proyecto tem\u00e1tico Arte culinario (Educaci\u00f3n Alimentaria Nutricional)<\/p>\n<p>Conhelo &#8211; Colegio Secundario Conhelo &#8211; \u201cPunto saludable\u201d<\/p>\n<p>Fase en C\u00f3rdoba<\/p>\n<p>Foco Ciencias<\/p>\n<p>Santa Rosa &#8211; Colegio Liceo Inform\u00e1tico &#8211; \u00bfA qui\u00e9n pertenece nuestro cuerpo?<\/p>\n<p>Santa Rosa &#8211; Escuela N\u00b0 92 &#8211; \u00bfD\u00f3nde va el agua cuando llueve?<\/p>\n<p>Toay &#8211; Escuela N\u00b0 62 &#8211; Revista Digital \u00abLa voz de los Mini Cronistas\u00bb<\/p>\n<p>Foco Tecnolog\u00eda<\/p>\n<p>Gral. Acha &#8211; JIN N\u00b0 11 &#8211; Cuidamos nuestro Ambiente: \u00abcreamos le\u00f1os ecol\u00f3gicos\u00bb<\/p>\n<p>Santa Rosa &#8211; Escuela Hogar N\u00b0 114 &#8211; Peque\u00f1os navegantes de la red<\/p>\n<p>Ingeniero Luiggi &#8211; JIN N\u00b0 15 &#8211; \u201c\u00a1Shh\u2026 movimiento en acci\u00f3n!<\/p>\n<p>Santa Rosa &#8211; Escuela Agrot\u00e9cnica &#8211; Reciclar para crear<\/p>\n<p>25 de Mayo &#8211; Centro Educativo Polivalente &#8211; Fruti &#8211; Silvopastoril<\/p>\n<p>Proyecto tem\u00e1tico de Tecnolog\u00eda (Rob\u00f3tica)<\/p>\n<p>Santa Rosa &#8211; Escuela N\u00b0 240 &#8211; Fuerzas L\u00fadicas<\/p>\n<p>El Ministerio de Educaci\u00f3n de La Pampa expres\u00f3 su agradecimiento y felicit\u00f3 a todas las instituciones educativas que formaron parte de la XXXVI Feria Provincial de Ciencias, Arte y Tecnolog\u00eda. Durante las jornadas en Santa Rosa y General Pico, se destacaron la calidad y creatividad reflejadas en cada uno de los proyectos presentados. Una vez m\u00e1s, estudiantes y docentes demostraron el alto nivel de la educaci\u00f3n pampeana.<\/p>\n","protected":false},"excerpt":{"rendered":"<p>Durante todo el mes de agosto se llevaron adelante, con sede en General Pico y Santa Rosa las tres instancias de la edici\u00f3n XXXVI de la Feria Provincial de Ciencias,&hellip;<\/p>\n","protected":false},"author":3,"featured_media":510720,"comment_status":"closed","ping_status":"open","sticky":false,"template":"","format":"standard","meta":{"footnotes":""},"categories":[4,13],"tags":[],"class_list":["post-512011","post","type-post","status-publish","format-standard","has-post-thumbnail","hentry","category-ciudad","category-provincia"],"jetpack_featured_media_url":"https:\/\/www.planbnoticias.com.ar\/wp-content\/uploads\/2026\/08\/feria-ciencias-inauguracion3.jpeg","_links":{"self":[{"href":"https:\/\/www.planbnoticias.com.ar\/index.php\/wp-json\/wp\/v2\/posts\/512011","targetHints":{"allow":["GET"]}}],"collection":[{"href":"https:\/\/www.planbnoticias.com.ar\/index.php\/wp-json\/wp\/v2\/posts"}],"about":[{"href":"https:\/\/www.planbnoticias.com.ar\/index.php\/wp-json\/wp\/v2\/types\/post"}],"author":[{"embeddable":true,"href":"https:\/\/www.planbnoticias.com.ar\/index.php\/wp-json\/wp\/v2\/users\/3"}],"replies":[{"embeddable":true,"href":"https:\/\/www.planbnoticias.com.ar\/index.php\/wp-json\/wp\/v2\/comments?post=512011"}],"version-history":[{"count":1,"href":"https:\/\/www.planbnoticias.com.ar\/index.php\/wp-json\/wp\/v2\/posts\/512011\/revisions"}],"predecessor-version":[{"id":512012,"href":"https:\/\/www.planbnoticias.com.ar\/index.php\/wp-json\/wp\/v2\/posts\/512011\/revisions\/512012"}],"wp:featuredmedia":[{"embeddable":true,"href":"https:\/\/www.planbnoticias.com.ar\/index.php\/wp-json\/wp\/v2\/media\/510720"}],"wp:attachment":[{"href":"https:\/\/www.planbnoticias.com.ar\/index.php\/wp-json\/wp\/v2\/media?parent=512011"}],"wp:term":[{"taxonomy":"category","embeddable":true,"href":"https:\/\/www.planbnoticias.com.ar\/index.php\/wp-json\/wp\/v2\/categories?post=512011"},{"taxonomy":"post_tag","embeddable":true,"href":"https:\/\/www.planbnoticias.com.ar\/index.php\/wp-json\/wp\/v2\/tags?post=512011"}],"curies":[{"name":"wp","href":"https:\/\/api.w.org\/{rel}","templated":true}]}}