{"id":512013,"date":"2026-09-01T14:33:13","date_gmt":"2026-09-01T17:33:13","guid":{"rendered":"https:\/\/www.planbnoticias.com.ar\/?p=512013"},"modified":"2026-09-01T14:33:13","modified_gmt":"2026-09-01T17:33:13","slug":"el-kirchnerismo-organizo-un-multitudinario-dia-de-la-ninez-en-25-de-mayo","status":"publish","type":"post","link":"https:\/\/www.planbnoticias.com.ar\/index.php\/2026\/09\/01\/el-kirchnerismo-organizo-un-multitudinario-dia-de-la-ninez-en-25-de-mayo\/","title":{"rendered":"El kirchnerismo organiz\u00f3 un \u201cmultitudinario d\u00eda de la ni\u00f1ez\u201d en 25 de Mayo"},"content":{"rendered":"<p><img fetchpriority=\"high\" decoding=\"async\" class=\"alignnone size-full wp-image-512014\" src=\"https:\/\/www.planbnoticias.com.ar\/wp-content\/uploads\/2026\/09\/ninez-25-de-mayo2.jpeg\" alt=\"\" width=\"1200\" height=\"761\" srcset=\"https:\/\/www.planbnoticias.com.ar\/wp-content\/uploads\/2026\/09\/ninez-25-de-mayo2.jpeg 1200w, https:\/\/www.planbnoticias.com.ar\/wp-content\/uploads\/2026\/09\/ninez-25-de-mayo2-300x190.jpeg 300w, https:\/\/www.planbnoticias.com.ar\/wp-content\/uploads\/2026\/09\/ninez-25-de-mayo2-1024x649.jpeg 1024w, https:\/\/www.planbnoticias.com.ar\/wp-content\/uploads\/2026\/09\/ninez-25-de-mayo2-768x487.jpeg 768w, https:\/\/www.planbnoticias.com.ar\/wp-content\/uploads\/2026\/09\/ninez-25-de-mayo2-1170x742.jpeg 1170w, https:\/\/www.planbnoticias.com.ar\/wp-content\/uploads\/2026\/09\/ninez-25-de-mayo2-585x371.jpeg 585w\" sizes=\"(max-width: 1200px) 100vw, 1200px\" \/>\u00a0Como parte de la agenda por el Mes de la Ni\u00f1ez, militantes del kirchnerismo y vecinos de 25 de Mayo coordinaron un encuentro recreativo que ofreci\u00f3 juegos de kerm\u00e9s, espect\u00e1culos infantiles, m\u00fasica en vivo, sorteos y merienda.<\/p>\n<p>\u201cM\u00e1s de 2000 asistentes participaron de una jornada impulsada por el esfuerzo colaborativo y la dedicaci\u00f3n de la misma comunidad. A lo largo del evento, sus organizadores remarcaron que la meta central fue brindar una celebraci\u00f3n de acceso libre e integradora para todo el pueblo\u201d, informaron desde la organizaci\u00f3n del festejo.<br \/>\n<script async src=\"\/\/pagead2.googlesyndication.com\/pagead\/js\/adsbygoogle.js\"><\/script><br \/>\n<!-- Publi m\u00f3vil interior nota --><br \/>\n<ins class=\"adsbygoogle\" style=\"display: inline-block; width: 320px; height: 100px;\" data-ad-client=\"ca-pub-7250018434179914\" data-ad-slot=\"1040343543\"><\/ins><br \/>\n<script>\n(adsbygoogle = window.adsbygoogle || []).push({});\n<\/script><\/p>\n<p><img decoding=\"async\" class=\"alignnone size-full wp-image-512015\" src=\"https:\/\/www.planbnoticias.com.ar\/wp-content\/uploads\/2026\/09\/ninez-25-de-mayo.jpeg\" alt=\"\" width=\"1600\" height=\"738\" srcset=\"https:\/\/www.planbnoticias.com.ar\/wp-content\/uploads\/2026\/09\/ninez-25-de-mayo.jpeg 1600w, https:\/\/www.planbnoticias.com.ar\/wp-content\/uploads\/2026\/09\/ninez-25-de-mayo-300x138.jpeg 300w, https:\/\/www.planbnoticias.com.ar\/wp-content\/uploads\/2026\/09\/ninez-25-de-mayo-1024x472.jpeg 1024w, https:\/\/www.planbnoticias.com.ar\/wp-content\/uploads\/2026\/09\/ninez-25-de-mayo-768x354.jpeg 768w, https:\/\/www.planbnoticias.com.ar\/wp-content\/uploads\/2026\/09\/ninez-25-de-mayo-1536x708.jpeg 1536w, https:\/\/www.planbnoticias.com.ar\/wp-content\/uploads\/2026\/09\/ninez-25-de-mayo-1170x540.jpeg 1170w, https:\/\/www.planbnoticias.com.ar\/wp-content\/uploads\/2026\/09\/ninez-25-de-mayo-585x270.jpeg 585w\" sizes=\"(max-width: 1600px) 100vw, 1600px\" \/><\/p>\n<p>Al cierre del festejo, la referente peronista de 25 de Mayo, Roc\u00edo Obreque, dijo que \u201cnos llena de orgullo observar a las infancias de nuestra localidad adue\u00f1arse de este entorno para convivir, divertirse y sonre\u00edr en conjunto. Cada aspecto de esta actividad se pens\u00f3 con un \u00fanico fin: rendirles el homenaje que corresponden y transmitirles su enorme valor. Ver su alegr\u00eda revalida nuestra labor y nos motiva a continuar entregando todo por el bienestar com\u00fan\u201d.<\/p>\n","protected":false},"excerpt":{"rendered":"<p>\u00a0Como parte de la agenda por el Mes de la Ni\u00f1ez, militantes del kirchnerismo y vecinos de 25 de Mayo coordinaron un encuentro recreativo que ofreci\u00f3 juegos de kerm\u00e9s, espect\u00e1culos&hellip;<\/p>\n","protected":false},"author":2,"featured_media":512015,"comment_status":"closed","ping_status":"open","sticky":false,"template":"","format":"standard","meta":{"footnotes":""},"categories":[13],"tags":[],"class_list":["post-512013","post","type-post","status-publish","format-standard","has-post-thumbnail","hentry","category-provincia"],"jetpack_featured_media_url":"https:\/\/www.planbnoticias.com.ar\/wp-content\/uploads\/2026\/09\/ninez-25-de-mayo.jpeg","_links":{"self":[{"href":"https:\/\/www.planbnoticias.com.ar\/index.php\/wp-json\/wp\/v2\/posts\/512013","targetHints":{"allow":["GET"]}}],"collection":[{"href":"https:\/\/www.planbnoticias.com.ar\/index.php\/wp-json\/wp\/v2\/posts"}],"about":[{"href":"https:\/\/www.planbnoticias.com.ar\/index.php\/wp-json\/wp\/v2\/types\/post"}],"author":[{"embeddable":true,"href":"https:\/\/www.planbnoticias.com.ar\/index.php\/wp-json\/wp\/v2\/users\/2"}],"replies":[{"embeddable":true,"href":"https:\/\/www.planbnoticias.com.ar\/index.php\/wp-json\/wp\/v2\/comments?post=512013"}],"version-history":[{"count":1,"href":"https:\/\/www.planbnoticias.com.ar\/index.php\/wp-json\/wp\/v2\/posts\/512013\/revisions"}],"predecessor-version":[{"id":512016,"href":"https:\/\/www.planbnoticias.com.ar\/index.php\/wp-json\/wp\/v2\/posts\/512013\/revisions\/512016"}],"wp:featuredmedia":[{"embeddable":true,"href":"https:\/\/www.planbnoticias.com.ar\/index.php\/wp-json\/wp\/v2\/media\/512015"}],"wp:attachment":[{"href":"https:\/\/www.planbnoticias.com.ar\/index.php\/wp-json\/wp\/v2\/media?parent=512013"}],"wp:term":[{"taxonomy":"category","embeddable":true,"href":"https:\/\/www.planbnoticias.com.ar\/index.php\/wp-json\/wp\/v2\/categories?post=512013"},{"taxonomy":"post_tag","embeddable":true,"href":"https:\/\/www.planbnoticias.com.ar\/index.php\/wp-json\/wp\/v2\/tags?post=512013"}],"curies":[{"name":"wp","href":"https:\/\/api.w.org\/{rel}","templated":true}]}}