{"id":512044,"date":"2026-09-01T20:20:11","date_gmt":"2026-09-01T23:20:11","guid":{"rendered":"https:\/\/www.planbnoticias.com.ar\/?p=512044"},"modified":"2026-09-01T20:30:10","modified_gmt":"2026-09-01T23:30:10","slug":"el-favaloro-molas-ampliara-su-servicio-de-salud-mental-y-sumara-un-area-para-adolescentes","status":"publish","type":"post","link":"https:\/\/www.planbnoticias.com.ar\/index.php\/2026\/09\/01\/el-favaloro-molas-ampliara-su-servicio-de-salud-mental-y-sumara-un-area-para-adolescentes\/","title":{"rendered":"El Favaloro-Molas ampliar\u00e1 su servicio de Salud Mental y sumar\u00e1 un \u00e1rea para adolescentes"},"content":{"rendered":"<p><img fetchpriority=\"high\" decoding=\"async\" class=\"alignnone size-full wp-image-512045\" src=\"https:\/\/www.planbnoticias.com.ar\/wp-content\/uploads\/2026\/09\/ziliotto-molas-1.jpg\" alt=\"\" width=\"1000\" height=\"666\" srcset=\"https:\/\/www.planbnoticias.com.ar\/wp-content\/uploads\/2026\/09\/ziliotto-molas-1.jpg 1000w, https:\/\/www.planbnoticias.com.ar\/wp-content\/uploads\/2026\/09\/ziliotto-molas-1-300x200.jpg 300w, https:\/\/www.planbnoticias.com.ar\/wp-content\/uploads\/2026\/09\/ziliotto-molas-1-768x511.jpg 768w, https:\/\/www.planbnoticias.com.ar\/wp-content\/uploads\/2026\/09\/ziliotto-molas-1-585x390.jpg 585w, https:\/\/www.planbnoticias.com.ar\/wp-content\/uploads\/2026\/09\/ziliotto-molas-1-263x175.jpg 263w\" sizes=\"(max-width: 1000px) 100vw, 1000px\" \/><\/p>\n<p>El gobernador Sergio Ziliotto firm\u00f3 este martes el contrato para iniciar la obra de ampliaci\u00f3n y refacci\u00f3n del Departamento de Salud Mental del Hospital Dr. Lucio Molas\u2013Ren\u00e9 Favaloro, en Santa Rosa, con una inversi\u00f3n de $6.335.524.636 y un plazo de ejecuci\u00f3n de 720 d\u00edas. La intervenci\u00f3n permitir\u00e1 duplicar la capacidad operativa del servicio, alcanzar una superficie de m\u00e1s de 2.200 metros cuadrados, disponer de 36 camas de internaci\u00f3n y crear un \u00e1rea espec\u00edfica para adolescentes.<br \/>\n<script async src=\"\/\/pagead2.googlesyndication.com\/pagead\/js\/adsbygoogle.js\"><\/script><br \/>\n<!-- Publi m\u00f3vil interior nota --><br \/>\n<ins class=\"adsbygoogle\" style=\"display: inline-block; width: 320px; height: 100px;\" data-ad-client=\"ca-pub-7250018434179914\" data-ad-slot=\"1040343543\"><\/ins><br \/>\n<script>\n(adsbygoogle = window.adsbygoogle || []).push({});\n<\/script><br \/>\nLa obra refleja la ocupaci\u00f3n constante del Gobierno provincial frente a una problem\u00e1tica que durante los \u00faltimos dos a\u00f1os registr\u00f3 un crecimiento que encendi\u00f3 las alarmas de especialistas de todo el pa\u00eds. La inversi\u00f3n permitir\u00e1 duplicar la capacidad operativa del servicio, incorporar un \u00e1rea espec\u00edfica para adolescentes y avanzar hacia una atenci\u00f3n m\u00e1s integral y humanizada de la salud mental. \u00abCada peso que invertimos en salud p\u00fablica es una inversi\u00f3n en calidad de vida y en igualdad de oportunidades para las pampeanas y los pampeanos\u201d, afirm\u00f3 el gobernador.<\/p>\n<p>El gobernador Sergio Ziliotto encabez\u00f3 este martes, en el Sal\u00f3n de Acuerdos del Centro C\u00edvico, la firma del contrato para la ejecuci\u00f3n de la obra de ampliaci\u00f3n y refacci\u00f3n del Departamento de Salud Mental del Hospital Dr. Lucio Molas\u2013Ren\u00e9 Favaloro, en Santa Rosa.<\/p>\n<p>La obra cuenta con un presupuesto oficial actualizado de $6.335.524.636 y un plazo de ejecuci\u00f3n de 720 d\u00edas. Una vez finalizada, el Departamento dispondr\u00e1 de una superficie de m\u00e1s de 2.200 metros cuadrados con 36 camas de internaci\u00f3n, de las cuales 28 estar\u00e1n destinadas a personas adultas y ocho al \u00e1rea infantojuvenil.<\/p>\n<p>Participaron del acto los ministros de Obras y Servicios P\u00fablicos, Alfredo Intronati, y de Salud, Mario Kohan; el subsecretario de Salud Mental y Adicciones, Mart\u00edn Malg\u00e1; y Pablo Baruc Jovanovich, representante de Innokonst Construcciones, empresa que tendr\u00e1 a su cargo la ejecuci\u00f3n de los trabajos.<\/p>\n<p><strong>Ziliotto: \u201cEl Estado tiene que estar donde m\u00e1s se lo necesita\u201d<\/strong><br \/>\nZiliotto destac\u00f3 que la inversi\u00f3n responde a una decisi\u00f3n pol\u00edtica de fortalecer el sistema p\u00fablico frente a una demanda social creciente. \u201cLa salud mental es uno de los grandes desaf\u00edos que tenemos como sociedad. Vemos c\u00f3mo la demanda ha crecido, especialmente entre ni\u00f1os, ni\u00f1as y adolescentes, y frente a esa realidad el Estado no puede mirar para otro lado: tiene que estar, anticiparse y brindar respuestas\u201d, afirm\u00f3.<\/p>\n<p>Se\u00f1al\u00f3 que la infraestructura forma parte de una pol\u00edtica integral que incluye recursos humanos, dispositivos de atenci\u00f3n y presencia territorial. \u201cNo alcanza solamente con construir m\u00e1s metros cuadrados. Necesitamos que esa infraestructura est\u00e9 acompa\u00f1ada por profesionales, por pol\u00edticas p\u00fablicas y por una mirada humana que ponga en el centro a cada persona y a su familia\u201d, sostuvo.<\/p>\n<p>Asimismo, remarc\u00f3 que la Provincia contin\u00faa destinando recursos propios a \u00e1reas esenciales pese al escenario econ\u00f3mico nacional. \u201cAun en un contexto de enormes restricciones, nuestra prioridad sigue siendo garantizar derechos. Cada peso que invertimos en salud p\u00fablica es una inversi\u00f3n en calidad de vida y en igualdad de oportunidades para las pampeanas y los pampeanos\u201d, expres\u00f3.<\/p>\n<p>\u201cSeguimos invirtiendo porque entendemos que la obra p\u00fablica no es un gasto. Es mejor salud, es m\u00e1s capacidad de respuesta del Estado, es actividad econ\u00f3mica y tambi\u00e9n es trabajo para nuestra gente\u201d, concluy\u00f3.<\/p>\n<p><strong>Una respuesta a una demanda creciente<\/strong><br \/>\nLa intervenci\u00f3n representa un nuevo paso en el fortalecimiento de la red p\u00fablica de salud mental de La Pampa y responde a una problem\u00e1tica que atraviesa a distintos sectores y franjas etarias de la sociedad.<\/p>\n<p>El subsecretario de Salud Mental y Adicciones, Mart\u00edn Malg\u00e1, destac\u00f3 que \u201cla obra de refacci\u00f3n y ampliaci\u00f3n del Complejo Hospitalario Favaloro-Molas representa un salto en el acceso y la calidad del servicio, fundamental para la red provincial de salud y para el sistema de salud mental de nuestra Provincia\u201d.<\/p>\n<p>Explic\u00f3 que el proyecto \u201cnos permite duplicar la capacidad operativa actual en consultorios y camas, fortaleciendo un servicio estrat\u00e9gico que concentra la mayor demanda provincial y asiste de manera directa a las zonas sanitarias I y V\u201d.<\/p>\n<p>Entre los aspectos centrales, Malg\u00e1 afirm\u00f3 que la creaci\u00f3n de \u201cun \u00e1rea espec\u00edfica de internaci\u00f3n para adolescentes dise\u00f1ada con criterios integrales de salud mental infantojuvenil\u201d, que contar\u00e1 con un espacio de estar com\u00fan, patio interno propio y sectores destinados a abordajes bajo modalidad de taller.<\/p>\n<p>Tambi\u00e9n se incorporar\u00e1 la modalidad de Centro de D\u00eda, con dispositivos ambulatorios intensivos para la poblaci\u00f3n infantojuvenil y adulta, con el objetivo de favorecer la externaci\u00f3n, la inclusi\u00f3n social y la continuidad de los cuidados. A ello se sumar\u00e1 un servicio de guardia de salud mental para brindar respuestas \u00e1giles y oportunas ante situaciones de urgencia.<\/p>\n<p>Malg\u00e1 vincul\u00f3 la obra con la decisi\u00f3n del Gobierno provincial de continuar fortaleciendo el sistema sanitario p\u00fablico. \u201cLa decisi\u00f3n pol\u00edtica del gobernador Sergio Ziliotto se traduce, en esta oportunidad, en una acci\u00f3n concreta para ampliar, optimizar y jerarquizar nuestros servicios, dando una respuesta efectiva a las demandas urgentes de este tiempo\u201d, se\u00f1al\u00f3.<\/p>\n<p>\u201cEn un contexto social sumamente complejo y atravesado por la crisis econ\u00f3mica que nos impone el Gobierno nacional, en La Pampa el Gobierno provincial prioriza a las personas, sosteniendo con convicci\u00f3n el cuidado de nuestras infancias, de nuestros adolescentes y de cada pampeano y pampeana que hoy atraviesa una situaci\u00f3n de vulnerabilidad\u201d, concluy\u00f3.<\/p>\n<p><strong>Mejores condiciones de atenci\u00f3n<\/strong><br \/>\nLa intervenci\u00f3n comprende la refacci\u00f3n de 425 metros cuadrados de sectores existentes en planta baja y la construcci\u00f3n de otros 1.870 metros cuadrados hacia el sector norte del predio. Una vez concluidos los trabajos, el Departamento de Salud Mental contar\u00e1 con una superficie edificada total de 2.295 metros cuadrados.<\/p>\n<p>La ampliaci\u00f3n incorporar\u00e1 \u00e1reas diferenciadas de internaci\u00f3n para personas adultas e infantojuveniles, enfermer\u00edas, sectores de estar y comedor, consultorios de apoyo y una nueva \u00e1rea de atenci\u00f3n ambulatoria dise\u00f1ada de acuerdo con los requerimientos espec\u00edficos de Salud Mental y Adicciones.<\/p>\n<p>En los sectores existentes se renovar\u00e1n consultorios y habitaciones de internaci\u00f3n y se realizar\u00e1n intervenciones sobre pisos, carpinter\u00edas, sanitarios, cubiertas, instalaciones y sistemas de desag\u00fce. Los trabajos permitir\u00e1n, adem\u00e1s, resolver distintas problem\u00e1ticas edilicias detectadas durante las evaluaciones t\u00e9cnicas previas.<\/p>\n","protected":false},"excerpt":{"rendered":"<p>El gobernador Sergio Ziliotto firm\u00f3 este martes el contrato para iniciar la obra de ampliaci\u00f3n y refacci\u00f3n del Departamento de Salud Mental del Hospital Dr. Lucio Molas\u2013Ren\u00e9 Favaloro, en Santa&hellip;<\/p>\n","protected":false},"author":4,"featured_media":512045,"comment_status":"closed","ping_status":"open","sticky":false,"template":"","format":"standard","meta":{"footnotes":""},"categories":[13],"tags":[],"class_list":["post-512044","post","type-post","status-publish","format-standard","has-post-thumbnail","hentry","category-provincia"],"jetpack_featured_media_url":"https:\/\/www.planbnoticias.com.ar\/wp-content\/uploads\/2026\/09\/ziliotto-molas-1.jpg","_links":{"self":[{"href":"https:\/\/www.planbnoticias.com.ar\/index.php\/wp-json\/wp\/v2\/posts\/512044","targetHints":{"allow":["GET"]}}],"collection":[{"href":"https:\/\/www.planbnoticias.com.ar\/index.php\/wp-json\/wp\/v2\/posts"}],"about":[{"href":"https:\/\/www.planbnoticias.com.ar\/index.php\/wp-json\/wp\/v2\/types\/post"}],"author":[{"embeddable":true,"href":"https:\/\/www.planbnoticias.com.ar\/index.php\/wp-json\/wp\/v2\/users\/4"}],"replies":[{"embeddable":true,"href":"https:\/\/www.planbnoticias.com.ar\/index.php\/wp-json\/wp\/v2\/comments?post=512044"}],"version-history":[{"count":1,"href":"https:\/\/www.planbnoticias.com.ar\/index.php\/wp-json\/wp\/v2\/posts\/512044\/revisions"}],"predecessor-version":[{"id":512046,"href":"https:\/\/www.planbnoticias.com.ar\/index.php\/wp-json\/wp\/v2\/posts\/512044\/revisions\/512046"}],"wp:featuredmedia":[{"embeddable":true,"href":"https:\/\/www.planbnoticias.com.ar\/index.php\/wp-json\/wp\/v2\/media\/512045"}],"wp:attachment":[{"href":"https:\/\/www.planbnoticias.com.ar\/index.php\/wp-json\/wp\/v2\/media?parent=512044"}],"wp:term":[{"taxonomy":"category","embeddable":true,"href":"https:\/\/www.planbnoticias.com.ar\/index.php\/wp-json\/wp\/v2\/categories?post=512044"},{"taxonomy":"post_tag","embeddable":true,"href":"https:\/\/www.planbnoticias.com.ar\/index.php\/wp-json\/wp\/v2\/tags?post=512044"}],"curies":[{"name":"wp","href":"https:\/\/api.w.org\/{rel}","templated":true}]}}