{"id":512053,"date":"2026-09-02T07:06:11","date_gmt":"2026-09-02T10:06:11","guid":{"rendered":"https:\/\/www.planbnoticias.com.ar\/?p=512053"},"modified":"2026-09-02T08:51:05","modified_gmt":"2026-09-02T11:51:05","slug":"a-4-anos-del-atentado-contra-cristina-maximo-kirchner-apunto-contra-la-justicia-por-dejar-impune-el-intento-de-magnicidio","status":"publish","type":"post","link":"https:\/\/www.planbnoticias.com.ar\/index.php\/2026\/09\/02\/a-4-anos-del-atentado-contra-cristina-maximo-kirchner-apunto-contra-la-justicia-por-dejar-impune-el-intento-de-magnicidio\/","title":{"rendered":"A 4 a\u00f1os del atentado contra Cristina, M\u00e1ximo Kirchner apunt\u00f3 contra la Justicia por dejar impune el intento de magnicidio"},"content":{"rendered":"<p><img fetchpriority=\"high\" decoding=\"async\" class=\"alignnone size-full wp-image-512058\" src=\"https:\/\/www.planbnoticias.com.ar\/wp-content\/uploads\/2026\/09\/cristina-maximo.avif\" alt=\"\" width=\"960\" height=\"540\" srcset=\"https:\/\/www.planbnoticias.com.ar\/wp-content\/uploads\/2026\/09\/cristina-maximo.avif 960w, https:\/\/www.planbnoticias.com.ar\/wp-content\/uploads\/2026\/09\/cristina-maximo-300x169.avif 300w, https:\/\/www.planbnoticias.com.ar\/wp-content\/uploads\/2026\/09\/cristina-maximo-768x432.avif 768w, https:\/\/www.planbnoticias.com.ar\/wp-content\/uploads\/2026\/09\/cristina-maximo-585x329.avif 585w\" sizes=\"(max-width: 960px) 100vw, 960px\" \/><\/p>\n<p>El l\u00edder de La C\u00e1mpora encabez\u00f3 un multitudinario acto frente a San Jos\u00e9 1111, donde su madre cumple prisi\u00f3n domiciliaria.<\/p>\n<p>Al encabezar un multitudinario acto frente al edificio de San Jos\u00e9 1111, donde la ex presidenta Cristina Kirchner cumple prisi\u00f3n domiciliaria, el l\u00edder de La C\u00e1mpora, M\u00e1ximo Kirchner, apunt\u00f3 duramente contra el Poder Judicial por dejar impune el intento de magnicidio contra su madre ocurrido hace exactamente cuatro a\u00f1os.<\/p>\n<p>Rodeado de militancia, el diputado nacional de La C\u00e1mpora record\u00f3 que en los d\u00edas previos al atentado de \u00abLos Copitos\u00bb, la esquina del domicilio de Juncal y Uruguay, en el barrio de Recoleta, hab\u00eda sido lugar de encuentro de la militancia como reacci\u00f3n al pedido de condena del fiscal Diego Luciani en la causa judicial conocida como \u00abVialidad\u00bb.<\/p>\n<p>A 4 a\u00f1os del atentado contra Cristina, M\u00e1ximo Kirchner apunt\u00f3 contra la Justicia por dejar impune el intento de magnicidio<br \/>\nVen\u00edamos de much\u00edsimos d\u00edas de un hostigamiento permanente, constante sobre su figura. Ven\u00edamos de episodios tan irracionales como esa puesta de vallas esa ma\u00f1ana, que por la tarde la gente muy amablemente las retir\u00f3. Ven\u00edamos de un escenario donde su figura, la figura de la compa\u00f1era Cristina, hab\u00eda sido tratada por muchos medios de comunicaci\u00f3n y por el fiscal Luciani, y por gran parte de una mafia enquistada en el Poder Judicial. Trataban a Cristina como una verdadera mierda humana, evoc\u00f3.<\/p>\n<p><script async src=\"\/\/pagead2.googlesyndication.com\/pagead\/js\/adsbygoogle.js\"><\/script><br \/>\n<!-- Publi m\u00f3vil interior nota --><br \/>\n<ins class=\"adsbygoogle\" style=\"display: inline-btiembrepblock; width: 320px; height: 100px;\" data-ad-client=\"ca-pub-7250018434179914\" data-ad-slot=\"1040343543\"><\/ins><br \/>\n<script>\n(adsbygoogle = window.adsbygoogle || []).push({});\n<\/script><\/p>\n<p>Seg\u00fan dijo, desde esos sectores medi\u00e1ticos y judiciales \u00abempezaban a generar el contexto para que cuando se decidiera empezar a ejercer la violencia f\u00edsica, la supresi\u00f3n de su figura, nada llamara la atenci\u00f3n e incluso muchos festejaran\u00bb.<\/p>\n<p>En esa l\u00ednea, cuestion\u00f3 que \u00abquienes dise\u00f1aron el atentado y lo financiaron hoy est\u00e1n fuera del alcance del Poder Judicial\u00bb, y lament\u00f3 que \u00e9ste \u00abnunca haya hecho lo m\u00e1s m\u00ednimo para saber c\u00f3mo se perge\u00f1\u00f3 un ataque tan cobarde\u00bb.<\/p>\n<p>A su entender, si Cristina Kirchner \u00abhubiera dado el brazo a torcer\u00bb contra quienes buscaban obturar el proceso pol\u00edtico y econ\u00f3mico de esos a\u00f1os \u00abni la hubieran querido matar ni la hubieran metido presa\u00bb.<\/p>\n<p>A 4 a\u00f1os del atentado contra Cristina, M\u00e1ximo Kirchner apunt\u00f3 contra la Justicia por dejar impune el intento de magnicidio<br \/>\nEn otro pasaje de su discurso, el legislador opositor resalt\u00f3 que la ex mandataria \u00abtiene la autoestima alta\u00bb, \u00abhace gimnasia, lee todo, estudia, se prepara\u00bb.<\/p>\n<p>\u00abNos est\u00e1 diciendo que no nos quebremos, que puede haber momentos duros y dif\u00edciles. Pero Cristina no practica la autocompasi\u00f3n ah\u00ed arriba, no dice &#8216;mir\u00e1 lo que me pasa, mir\u00e1 lo que me hacen&#8217;. Tiene la autoestima alta, se prepara y por eso fue a la ONU para reclamar por sus derechos pol\u00edticos\u00bb, sostuvo.<\/p>\n<p>\u00abPor eso llama la atenci\u00f3n que muchos de esos que dicen que Cristina ya fue, no acompa\u00f1en el pedido para que pueda presentarse en elecciones. Si ellos tienen raz\u00f3n y nadie quiere a la compa\u00f1era, qu\u00e9 mejor que arrasarla en una elecci\u00f3n. Pero saben que eso no va a pasar, no quieren que vote la gente\u00bb, reproch\u00f3.<\/p>\n<p>A 4 a\u00f1os del atentado contra Cristina, M\u00e1ximo Kirchner apunt\u00f3 contra la Justicia por dejar impune el intento de magnicidio<br \/>\nEn otro orden, M\u00e1ximo Kirchner carg\u00f3 contra el presidente Javier Milei por su diatriba constante contra la prensa.<\/p>\n<p>\u00abEste Presidente que se queja, e insulta mucho a los periodistas, es un malagradecido porque sin muchos de esos periodistas que hoy \u00e9l insulta nunca hubiera llegado a la presidencia de la Naci\u00f3n\u00bb, consider\u00f3.<\/p>\n<p>A 4 a\u00f1os del atentado contra Cristina, M\u00e1ximo Kirchner apunt\u00f3 contra la Justicia por dejar impune el intento de magnicidio<br \/>\nAl comienzo de su discurso, el l\u00edder de La C\u00e1mpora agradeci\u00f3 a todos los partidos pol\u00edticos que firmaron el documento titulado \u00abLa democracia no admite la eliminaci\u00f3n del adversario\u00bb, asociado al atentado contra Cristina Kirchner.<\/p>\n<p>Firmaron el texto el Partido Justicialista, el Frente Renovador, Patria Grande, Nuevo Encuentro, Kolina, Unidad Popular, Partido Comunista, Principios y Valores, Movimiento Nacional Alfonsinista, Partido Solidario, Frente Grande, Forja, Partido de la Victoria, Encuentro Republicano Federal, Nueva Dirigencia, Frente Amplio por la Democracia, Libres del Sur, La Patria de los Comunes, Radicalismo Aut\u00e9ntico, Unidad Socialista, Espacio Popular, PTP-PCR y el Partido Intransigente. (Agencia NA).<\/p>\n","protected":false},"excerpt":{"rendered":"<p>El l\u00edder de La C\u00e1mpora encabez\u00f3 un multitudinario acto frente a San Jos\u00e9 1111, donde su madre cumple prisi\u00f3n domiciliaria. Al encabezar un multitudinario acto frente al edificio de San&hellip;<\/p>\n","protected":false},"author":3,"featured_media":512058,"comment_status":"closed","ping_status":"open","sticky":false,"template":"","format":"standard","meta":{"footnotes":""},"categories":[7,12],"tags":[],"class_list":["post-512053","post","type-post","status-publish","format-standard","has-post-thumbnail","hentry","category-destacadas","category-pais"],"jetpack_featured_media_url":"https:\/\/www.planbnoticias.com.ar\/wp-content\/uploads\/2026\/09\/cristina-maximo.avif","_links":{"self":[{"href":"https:\/\/www.planbnoticias.com.ar\/index.php\/wp-json\/wp\/v2\/posts\/512053","targetHints":{"allow":["GET"]}}],"collection":[{"href":"https:\/\/www.planbnoticias.com.ar\/index.php\/wp-json\/wp\/v2\/posts"}],"about":[{"href":"https:\/\/www.planbnoticias.com.ar\/index.php\/wp-json\/wp\/v2\/types\/post"}],"author":[{"embeddable":true,"href":"https:\/\/www.planbnoticias.com.ar\/index.php\/wp-json\/wp\/v2\/users\/3"}],"replies":[{"embeddable":true,"href":"https:\/\/www.planbnoticias.com.ar\/index.php\/wp-json\/wp\/v2\/comments?post=512053"}],"version-history":[{"count":1,"href":"https:\/\/www.planbnoticias.com.ar\/index.php\/wp-json\/wp\/v2\/posts\/512053\/revisions"}],"predecessor-version":[{"id":512059,"href":"https:\/\/www.planbnoticias.com.ar\/index.php\/wp-json\/wp\/v2\/posts\/512053\/revisions\/512059"}],"wp:featuredmedia":[{"embeddable":true,"href":"https:\/\/www.planbnoticias.com.ar\/index.php\/wp-json\/wp\/v2\/media\/512058"}],"wp:attachment":[{"href":"https:\/\/www.planbnoticias.com.ar\/index.php\/wp-json\/wp\/v2\/media?parent=512053"}],"wp:term":[{"taxonomy":"category","embeddable":true,"href":"https:\/\/www.planbnoticias.com.ar\/index.php\/wp-json\/wp\/v2\/categories?post=512053"},{"taxonomy":"post_tag","embeddable":true,"href":"https:\/\/www.planbnoticias.com.ar\/index.php\/wp-json\/wp\/v2\/tags?post=512053"}],"curies":[{"name":"wp","href":"https:\/\/api.w.org\/{rel}","templated":true}]}}