{"id":512054,"date":"2026-09-02T06:50:54","date_gmt":"2026-09-02T09:50:54","guid":{"rendered":"https:\/\/www.planbnoticias.com.ar\/?p=512054"},"modified":"2026-09-02T07:20:18","modified_gmt":"2026-09-02T10:20:18","slug":"el-nino-los-junta-o-ni-siquiera-los-amonta","status":"publish","type":"post","link":"https:\/\/www.planbnoticias.com.ar\/index.php\/2026\/09\/02\/el-nino-los-junta-o-ni-siquiera-los-amonta\/","title":{"rendered":"El ni\u00f1o los junta o ni siquiera los amonta"},"content":{"rendered":"<p><img fetchpriority=\"high\" decoding=\"async\" class=\"alignnone size-full wp-image-511885\" src=\"https:\/\/www.planbnoticias.com.ar\/wp-content\/uploads\/2026\/08\/kicillof-ziliotto-5.jpeg\" alt=\"\" width=\"1280\" height=\"960\" srcset=\"https:\/\/www.planbnoticias.com.ar\/wp-content\/uploads\/2026\/08\/kicillof-ziliotto-5.jpeg 1280w, https:\/\/www.planbnoticias.com.ar\/wp-content\/uploads\/2026\/08\/kicillof-ziliotto-5-300x225.jpeg 300w, https:\/\/www.planbnoticias.com.ar\/wp-content\/uploads\/2026\/08\/kicillof-ziliotto-5-1024x768.jpeg 1024w, https:\/\/www.planbnoticias.com.ar\/wp-content\/uploads\/2026\/08\/kicillof-ziliotto-5-768x576.jpeg 768w, https:\/\/www.planbnoticias.com.ar\/wp-content\/uploads\/2026\/08\/kicillof-ziliotto-5-1170x878.jpeg 1170w, https:\/\/www.planbnoticias.com.ar\/wp-content\/uploads\/2026\/08\/kicillof-ziliotto-5-585x439.jpeg 585w\" sizes=\"(max-width: 1280px) 100vw, 1280px\" \/> \u00a0Pas\u00f3 Kicillof y se llev\u00f3 menos de lo que vino a buscar. Las mujeres peronistas de La Pampa, con Cristina. Como lo adelantamos, di N\u00e1poli no quiere internas ni ser gobernador. Los papelones de Ravier son un sinf\u00edn.<\/p>\n<p>(Por Javier Urban) El gobernador Sergio Ziliotto ha sido, desde el inicio mismo de la asunci\u00f3n de Javier Milei como presidente, un claro opositor a sus pol\u00edticas y sin medias tintas se ha diferenciado de la mayor\u00eda de sus decisiones, sobre todo aquellas donde ataca al federalismo movido por su convicci\u00f3n, expresada en su plataforma electoral de que \u201cla Coparticipaci\u00f3n Federal de Impuestos es una anomal\u00eda grave de nuestro sistema econ\u00f3mico-pol\u00edtico\u201d, apuntando a su eliminaci\u00f3n. Tanto es as\u00ed que en la semana que dejamos atr\u00e1s no s\u00f3lo que fue invitado, sino que tambi\u00e9n fue una de las voces m\u00e1s escuchadas del encuentro \u201cBrasil en el espejo fiscal. Una experiencia en marcha para pensar el camino argentino\u201d, organizado por el Consejo Federal de Inversiones, en el que una red de empresarios argentinos debatieron los desaf\u00edos de una reforma fiscal y tributaria.\u00a0 All\u00ed dijo que la Argentina necesita un sistema tributario \u201cm\u00e1s simple, progresivo y equitativo, que promueva la inversi\u00f3n productiva\u201d y plante\u00f3 la necesidad de reformar la coparticipaci\u00f3n, pero para \u201cdefinir con claridad las responsabilidades y recursos de Naci\u00f3n, provincias y municipios\u201d.<\/p>\n<p>Aqu\u00ed hago una digresi\u00f3n en el camino hacia el punto al que me dirijo porque, hay una sentencia recurrente del gobernador, aquella en la que insiste en que \u201cprefiero que las empresas paguen salarios, no impuestos\u201d. Esto Ziliotto lo dice como conclusi\u00f3n de las pol\u00edticas que instrumenta donde resalta la pol\u00edtica fiscal de La Pampa que premia la inversi\u00f3n, la generaci\u00f3n de empleo y el crecimiento de la actividad econ\u00f3mica y en la que, para las empresas que agregan valor, la n\u00f3mina salarial puede utilizarse como cr\u00e9dito fiscal para cancelar impuestos provinciales, mientras que la industria tiene carga tributaria cero.\u00a0 Se impone marcarlo como una conducta de siempre de los gobiernos peronistas pampeanos, por lo que no se trata de ninguna coincidencia con la actual experiencia ultraderechista, que es el gobierno m\u00e1s cipayo en la historia nacional, el m\u00e1s anti obrero y anti clase media, el m\u00e1s anti industrial, anti ciencia nacional, anti Estado protector, y el m\u00e1s destructor de la salud y la educaci\u00f3n p\u00fablicas, el m\u00e1s indiferente al porvenir de las futuras generaciones, el m\u00e1s favorable a la extranjerizaci\u00f3n y desintegraci\u00f3n territorial del pa\u00eds. Lejos esos dichos del Ruso con un acomodamiento a lo que pudieran haber dicho o digan las encuestas, porque \u201chay que sumar\u201d como sea.<\/p>\n<p><img decoding=\"async\" class=\"alignnone size-full wp-image-511742\" src=\"https:\/\/www.planbnoticias.com.ar\/wp-content\/uploads\/2026\/08\/cristina-libre-mujeres-pj-la-pampa.jpg\" alt=\"\" width=\"640\" height=\"853\" srcset=\"https:\/\/www.planbnoticias.com.ar\/wp-content\/uploads\/2026\/08\/cristina-libre-mujeres-pj-la-pampa.jpg 640w, https:\/\/www.planbnoticias.com.ar\/wp-content\/uploads\/2026\/08\/cristina-libre-mujeres-pj-la-pampa-225x300.jpg 225w, https:\/\/www.planbnoticias.com.ar\/wp-content\/uploads\/2026\/08\/cristina-libre-mujeres-pj-la-pampa-585x780.jpg 585w\" sizes=\"(max-width: 640px) 100vw, 640px\" \/><\/p>\n<p>Retomo, ese posicionamiento que se le reconoce en la arena pol\u00edtica nacional al mandatario pampeano es lo que naturalmente influy\u00f3 para que, al acelerar su armado nacional (inmediatamente despu\u00e9s de haber tenido aquella reuni\u00f3n con M\u00e1ximo Kirchner y Sergio Massa, adem\u00e1s de gobernadores entre los que estuvo el pampeano, baj\u00f3 la orden de acelerar a fondo con la instalaci\u00f3n de su candidatura presidencial, y en apenas cuatro d\u00edas viaj\u00f3 a Chaco para encabezar un acto con la CGT; particip\u00f3 de un seminario del PJ bonaerense en La Plata; se reuni\u00f3 con Susan Segal en el Hotel Alvear y viaj\u00f3 a Montevideo para participar del Tercer Congreso Panamericano, un \u00e1mbito que re\u00fane a pol\u00edticos progresistas de varios pa\u00edses) en la previa al Plenario Federal del Movimiento Derecho al Futuro, en lo que ser\u00e1 pr\u00e1cticamente su lanzamiento en pos de la candidatura a presidente, \u201cConstruir la Esperanza\u201d ser\u00e1 el slogan del encuentro en el que esperan sindicatos, movimientos sociales e intendentes del conurbano pero tambi\u00e9n legisladores nacionales, intendentes del interior del pa\u00eds y otros referentes por fuera de los m\u00e1rgenes de PBA., el pr\u00f3ximo 19 de setiembre en Avellaneda.\u00a0 En la previa a eso dec\u00eda, era l\u00f3gico que el gobernador bonaerense viniera a una provincia que gobierna un par que considera que, justamente por su trayectoria reciente, ser\u00eda valios\u00edsimo que lo respalde.<\/p>\n<p>Kicillof trajo a la plana mayor de su gabinete (Carli Biano, Gabriel Katopodis, el Cuervo Larroque) y con Ziliotto firmaron convenios (que traen alivio a localidades como Intendente Alvear y Larroud\u00e9), le reclamaron juntos al gobierno que Milei libere recursos coparticipables para enfrentar el fen\u00f3meno meteorol\u00f3gico de El Ni\u00f1o, previsto para los pr\u00f3ximos meses, y porque recauda impuestos que tienen asignaci\u00f3n espec\u00edfica en obra p\u00fablica de emergencia, pero que no llegan a las arcas provinciales.<\/p>\n<p>De todos modos, seguramente, no ha de haberse llevado Kicillof lo que pol\u00edticamente esperaba de su paso por La Pampa. S\u00f3lo algunos intendentes que fueron especialmente invitados, el senador (Pali Bensusan) y uno de los diputados nacionales (Abelardo Ferr\u00e1n) y no m\u00e1s que 3 (Patricia George, Federico Ortiz y Espartaco Mar\u00edn) legisladores provinciales, adem\u00e1s de buena parte del gabinete que obligatoriamente \u201cten\u00edan que estar\u201d, asistieron a ese acto.\u00a0 Brillaron por su ausencia los legisladores vernistas, son 6, no estuvo ninguno, y tampoco la vicegobernadora Alicia Mayoral\u2026todos hubieran estado si Carlos Verna eso hubiera querido. Contundente se\u00f1al de que, por ahora, al menos por ahora, no es Kicillof el que el ex gobernador quiere de candidato a presidente.\u00a0 Y son cada vez mas estruendosas las voces que dicen (\u00bfsopresivamente?) que tampoco el gobernador elegir\u00eda a Kicillof de candidato presidencial si de \u00e9l dependiese. Por ahora, s\u00f3lo por ahora. Ah, \u201cpero no vayan a creer que es a Sergio Massa (que seg\u00fan la encuestadora QSocial, le ganar\u00eda a Milei por 6 puntos, mientras que Kicillof lo vencer\u00eda por s\u00f3lo 2 en segunda vuelta) al que quieren\u201d, tambi\u00e9n dicen en la cercan\u00eda del actual y del ex.<\/p>\n<p>Lo que deber\u00eda ser materia de an\u00e1lisis m\u00e1s profundo es \u00bfqu\u00e9 pas\u00f3 en los \u00faltimos 6 a\u00f1os para que el paso de Axel Kicillof por La Pampa haya sido no m\u00e1s que un tr\u00e1nsito meramente burocr\u00e1tico para firmar convenios con su colega local cuando en 2018 la visita del ex ministro de econom\u00eda de Cristina Kirchner, el \u201cenano\u201d gigante que se hab\u00eda enfrentado a los fondos buitres que pretend\u00edan saquear a la Argentina, era ovacionado en cada lugar que atravesaba (todav\u00eda hoy resuena en la Legislatura el recibimiento de los trabajadores del lugar que se expresaron como nunca cuando fue a saludar al vicegobernador) y revent\u00f3 el acto que encabez\u00f3 en el sal\u00f3n del C\u00edrculo de Suboficiales de la calle Luther King?. Seguramente mucho m\u00e1s que de alguna decepci\u00f3n con Kicillof es de lo que habla el desinter\u00e9s de su visita del lunes respecto a la euforia que desataba en 2018. Lo cierto es que lo que motiv\u00f3 aquello, hoy no existe m\u00e1s.<\/p>\n<p><strong>M\u00c1S DE ELLAS CON CRISTINA<\/strong><\/p>\n<p>No ser\u00eda extra\u00f1o, claro, que mucho del nivel de adhesi\u00f3n (o al menos de entusiasta adhesi\u00f3n) que evidentemente perdi\u00f3 Kicillof en Santa Rosa tenga que ver con su inentendible alejamiento\/enfrentamiento con Cristina, reflejado en otro supuesto desencuentro, el del documento de apoyo a 4 a\u00f1os del atentado que sufri\u00f3, firmado por m\u00e1s de 20 partidos, naturalmente encabezados por el peronismo que, en PBA preside el gobernador, pero no por el espacio que encabeza el gobernador. Imperdonable.<\/p>\n<p>En el 18, a Kicillof se lo identificaba con Cristina y a La Pampa lo hab\u00eda tra\u00eddo Luchy Alonso, la misma Luchy que, en la semana estuvo en Catamarca en un encuentro de m\u00e1s de mil mujeres peronistas que pidieron por la liberaci\u00f3n de Cristina. Lo destacable es que notorias referentes del peronismo pampeano acompa\u00f1aron a Alonso.\u00a0 Hubo legisladoras (nacional Lichi Mar\u00edn, provincial, Liliana Robledo) y una decena de funcionarias provinciales, entre ellas la vicepresidenta del concejo local de UB de Santa Rosa, Cintia Zalabardo.<\/p>\n<p>No hace poco, en su momento, cuando se hizo la presentaci\u00f3n en DD HH de la ONU, s\u00f3lo el juez de paz de Santa Rosa, Rub\u00e9n Funes, manifest\u00f3 su respaldo. La variopinta representaci\u00f3n en el encuentro de Catamarca muestra que el pedido de libertad a Cristina Kirchner es absolutamente leg\u00edtimo.<\/p>\n<p>Cristina Kirchner encarna el \u201cmal\u201d para los sectores m\u00e1s reaccionarios de la sociedad, porque fue en su gobierno donde mejoraron las condiciones de vida de las mayor\u00edas, se comenzaron a sentar las bases para un desarrollo cualitativamente diferente del pa\u00eds y. en t\u00e9rminos internacionales, Argentina se integr\u00f3 pol\u00edticamente a un bloque de naciones latinoamericanas que aspiraban a un mayor grado de autonom\u00eda internacional en relaci\u00f3n a los poderes occidentales centrales.\u00a0 Y es por eso que no cabe duda de que, adem\u00e1s de encarnizamiento con su persona, se busca amedrentar, con este ejemplo extremo de injusticia, a todos quienes intenten sacar a la Argentina del oscuro pozo de atraso en la que la est\u00e1n arrojando.<\/p>\n<p>Que se incremente la dirigencia provincial que as\u00ed lo entienda, es altamente saludable para la democracia.<\/p>\n<p><img decoding=\"async\" class=\"alignnone size-full wp-image-511779\" src=\"https:\/\/www.planbnoticias.com.ar\/wp-content\/uploads\/2026\/08\/luciano-di-napoli.jpeg\" alt=\"\" width=\"1280\" height=\"960\" srcset=\"https:\/\/www.planbnoticias.com.ar\/wp-content\/uploads\/2026\/08\/luciano-di-napoli.jpeg 1280w, https:\/\/www.planbnoticias.com.ar\/wp-content\/uploads\/2026\/08\/luciano-di-napoli-300x225.jpeg 300w, https:\/\/www.planbnoticias.com.ar\/wp-content\/uploads\/2026\/08\/luciano-di-napoli-1024x768.jpeg 1024w, https:\/\/www.planbnoticias.com.ar\/wp-content\/uploads\/2026\/08\/luciano-di-napoli-768x576.jpeg 768w, https:\/\/www.planbnoticias.com.ar\/wp-content\/uploads\/2026\/08\/luciano-di-napoli-1170x878.jpeg 1170w, https:\/\/www.planbnoticias.com.ar\/wp-content\/uploads\/2026\/08\/luciano-di-napoli-585x439.jpeg 585w\" sizes=\"(max-width: 1280px) 100vw, 1280px\" \/><\/p>\n<p><strong>DE LA FOTO QUE NO FUE A LA CONFESI\u00d3N DE PARTE<\/strong><\/p>\n<p>Sabemos que otro que rompi\u00f3 con el kirchnerismo que todo le dio es Luciano di N\u00e1poli que, desde ese lugar de desertores en com\u00fan con la causa K, cuentan que estuvo intentando, desde que supo de su visita a La Pampa a firmar convenios, que Kicillof se llegara hasta la Avenida San Mart\u00edn 50 para sacarse una foto visit\u00e1ndolo al intendente.\u00a0 Agotaron las bater\u00edas del celular del \u201cCuervo\u201d Andr\u00e9s Larroque, viejo compa\u00f1ero de militancia y deserci\u00f3n, llamando para concretar una visita que no fue porque Axel entendi\u00f3 que ser\u00eda un desplante para con el gobernador, que es del que pretende sumar respaldo para su intentona presidencial.<\/p>\n<p>Pero lo m\u00e1s resonante de di N\u00e1poli en las \u00faltimas horas fueron sus declaraciones en la inauguraci\u00f3n de obras en Villa Parque.\u00a0\u00a0 Como lo hab\u00edamos adelantado en este mismo espacio hace un mes, el 4 de agosto, cuando nos pregunt\u00e1bamos \u201c\u00bfTanto circo para ir por la re?\u201d y asegur\u00e1bamos que \u201cva quedando expuesto que su aspiraci\u00f3n no es la de ser gobernador, con la que viene jodiendo desde hace tiempo, si no la de ir por otra re elecci\u00f3n como intendente\u201d y que \u201csi de algo va quedando \u201cvaciado\u201d el peronismo es de \u00bfc\u00f3mo llamarlos? \u00bfcopetistas?, porque se fueron a Fuerza Pampa, y al estar afiliados all\u00e1, no pueden participar ac\u00e1\u201d; en Villa Parque, di N\u00e1poli sali\u00f3 a decir que: \u201cNo ir\u00eda a interna, de ninguna manera. Estoy trabajando para seguir en el partido y lograr la unidad\u201d, no sin insistir en que \u201ccuando la quisimos hacer, no nos dejaron, nos bajaron una lista de manera ileg\u00edtima\u201d.<\/p>\n<p>Y m\u00e1s all\u00e1 de que en aquella misma editorial aclar\u00e1ramos que en realidad lo que le pas\u00f3 el a\u00f1o pasado fue que no le dio la nafta (no junt\u00f3 los avales necesarios y ni siquiera pudo complementar las listas de candidatos con los cuales competir), contundentemente lo cruz\u00f3 Jorge Lezcano por pretender deslegitimar las internas porque le toc\u00f3 perder (de nuevo, sin siquiera participar porque no reuni\u00f3 los requisitos), algo de lo que no se quej\u00f3 cuando gan\u00f3 (en el 19, cuando Lezcano reconoci\u00f3 que \u201cse me cruz\u00f3 Cristina\u201d).\u00a0 \u201cA mi siempre me qued\u00f3 la duda (seguramente mucho m\u00e1s por la elecci\u00f3n en la que le gan\u00f3 Larra\u00f1aga y no en la del 19), pero acompa\u00f1\u00e9 al ganador, al propio Luciano, porque siempre prioric\u00e9 al Peronismo para que ganara\u201d, asegur\u00f3 el titular de Identidad Peronista, que lo dej\u00f3 careta a Luciano con su declaraci\u00f3n que no ir\u00e1 a internas porque no haya garant\u00edas. \u201cAndaaa\u2026\u201d<\/p>\n<p>\u201cS\u00f3lo quiero estar en una mesa con los distintos sectores, donde todos pondr\u00e1n condiciones\u201d dijo, sonando otra vez con tono amenazante, despu\u00e9s de decir que, a Fuerza Pampa lo armaron un grupo de compa\u00f1eros a partir de la interna que no nos dejaron jugar\u201d y \u201csi no hay consenso, bueno, habr\u00e1 que buscar otras alternativas\u201d.<\/p>\n<p>Como dec\u00edamos hace un mes, todo para ir por la re: \u201chabr\u00eda que preguntarle a todos los sectores si est\u00e1n de acuerdo en que eso suceda. Si eso sucede, es una opci\u00f3n\u201d, tir\u00f3 Copete.<\/p>\n<p><strong>LA UNIDAD, QU\u00c9 LEJOS QUEDA<\/strong><\/p>\n<p>Mientras tanto la oposici\u00f3n desea ser toda una y se ilusiona con poder lograrlo, pero\u2026<\/p>\n<p>Los radicales tendr\u00e1n este fin de semana una Convenci\u00f3n en la que los m\u00e1s entusiastas dicen que est\u00e1n frente a la oportunidad hist\u00f3rica de desbancar al peronismo del gobierno provincial y dicen estar convencidos de que esa posibilidad se las da Milei o lo que represent\u00f3 con su victoria del 23 y tambi\u00e9n con el triunfo del a\u00f1o pasado.\u00a0 Dicen que pudo llegar a presidente por el enorme descr\u00e9dito que el peronismo a nivel nacional tuvo y tienen, ellos dicen.\u00a0 Y observan que, despu\u00e9s de eso, la sociedad pampeana tambi\u00e9n est\u00e1 dispuesta a animarse a patear el tablero y hacerlo volar por los aires.\u00a0 Pero tambi\u00e9n dicen que la sociedad pampeana tendr\u00e1 el valor de hacerlo si enfrente los ven a todos juntos y por eso deben despejar cualquier obst\u00e1culo para lograr eso.\u00a0 Los m\u00e1s entusiastas son los que creen que ha llegado la hora de que Mart\u00edn Berhongaray sea el gobernador y que, para eso, no hay que mirar con quien juntarse sino asegurarse que est\u00e9n todos.<\/p>\n<p>Pero lejos est\u00e1n de ser los \u00fanicos, en el radicalismo \u00abhay mujeres y hombres con larga militancia que nos resistimos a ese pragmatismo especulativo y sostenemos que el amontonamiento indiscriminado es un grave error pol\u00edtico. A nuestro criterio, los frentes electorales, que son una herramienta \u00fatil para unificar la oferta electoral que permita \u201cganar\u201d una elecci\u00f3n, son necesarios luego del triunfo para asegurar \u201ccohesi\u00f3n en la gesti\u00f3n de gobierno\u201d que facilite implementar las pol\u00edticas p\u00fablicas propuestas a la sociedad\u201d dice el hist\u00f3rico dirigente Pedro Salas que, sobre todo, el\u00edpticamente, vuelve a poner el l\u00edmite en Tierno \u201c\u00bfc\u00f3mo ser\u00e1 posible cogobernar con fuerzas pol\u00edticas autocr\u00e1ticas, autoritarias y personalistas?\u201d se pregunt\u00f3 en la semana e incluy\u00f3 a los libertos en esa duda, claro. Faltan horas para saber si finalmente los radicales estar\u00e1n dispuestos a todo. El s\u00e1bado es la Convenci\u00f3n.<\/p>\n<p>Ahora, esa ser\u00e1 la mirada de los radicales. Pero al toque no m\u00e1s tendr\u00e1n otro inconveniente, sus socios de Juntos por el Cambio, los del PRO que, lejos de siquiera considerar si seguir\u00e1n en el mismo teem, est\u00e1n deshojando la margarita para determinar si van o no en alianza con LLA.\u00a0 En realidad, si por Marita Mac Allister fuera, no ir\u00edan con unos ni con otros.\u00a0 Pero claro, ellos dependen de los acuerdos que haga Mauricio Macri y, si \u00e9ste termina congeniando con Milei, tendr\u00e1n que ir de furg\u00f3n de cola, no m\u00e1s, de Adri\u00e1n Ravier.\u00a0 E incluso esperar que \u00e9ste decida si va o no con los radicales para sumarse o no a ellos. Lo que Karina decida, vamos.\u00a0\u00a0 Por eso Marita mira con expectativa a Hern\u00e1n Lacunza, el ex ministro de Macri, que volvi\u00f3 a marcar diferencias con la estrategia de acercamiento entre el PRO y LLA e insiste con que el macrismo debe presentar candidato propio en 2027 y advierte sobre el deterioro social de la econom\u00eda. Para \u00e9l, al PRO no le suma ir con Milei. Para Marita tampoco ir con Ravier.<\/p>\n<p>Los que cada vez est\u00e1n m\u00e1s convencidos de que el negocio est\u00e1 con Milei son los tiernistas (y m\u00e1s negocio ser\u00e1 cuanto m\u00e1s solos est\u00e9n como asociados) y por eso en forma recurrente demuestran que est\u00e1n con sus pol\u00edticas, como lo hicieron en la \u00faltima sesi\u00f3n en la C\u00e1mara de Diputados donde clamaron porque La Pampa se sume al RIGI incluyendo la licitaci\u00f3n de Medanito a ese r\u00e9gimen. \u201cPampetrol afuera, el RIGI adentro\u201d se desga\u00f1it\u00f3 Maximiliano Aliaga que, junto a Sandra Fonseca, se opusieron terminantemente a rechazar (v\u00eda resoluci\u00f3n o sea nada demasiado polenta), como lo hizo la mayor\u00eda de los legisladores, la decisi\u00f3n del gobierno nacional de reducir el programa Remediar.\u00a0 Insisto, ellos no quieren a LLA en una alianza amplia, habr\u00edan menos cargos para repartir, l\u00f3gico.<\/p>\n<p><strong>MIERCOLES DE CENIZA<\/strong><\/p>\n<p>En la semana en que el presidente protagoniz\u00f3 otro papel\u00f3n sin precedentes, yendo a una escuela secundaria privada, de religi\u00f3n jud\u00eda, para verter frente al estudiantado\u00a0 infantiles opiniones sobre el comunismo y el supuesto satanismo de Karl Marx, afirmando que el capitalismo est\u00e1 inscripto en los Diez Mandamientos y pidi\u00e9ndoles\u00a0 a los alumnos que insulten a los periodistas;\u00a0 lo que se vi\u00f3 el mi\u00e9rcoles de la semana que pas\u00f3, fue la representaci\u00f3n cabal de lo que es el dist\u00f3pico gobierno de Javier Mieli.<\/p>\n<p>Fue el d\u00eda en el que el juego perverso del relato oficial, exhibi\u00f3 el abismo entre el c\u00ednico Toto Caputo, que habl\u00f3 incre\u00edblemente de justicia social, al anunciar cr\u00e9ditos hipotecarios para la clase media; y la insensibilidad libertaria que expuso el oficialismo neg\u00e1ndose a tratar una soluci\u00f3n, para los miles y miles de endeudados para comer, y a extender el tiempo de la emergencia para discapacitados.\u00a0 Por un lado, el juego de la caridad del Poder Ejecutivo y, en la otra cara de la misma moneda, apareci\u00f3 la cotidiana insensibilidad libertaria en el Parlamento donde no le dieron lugar a morosos y discapacitados pero, gracias al apoyo del PRO y la UCR y de los gobernadores aliados como Gustavo S\u00e1enz y Osvaldo Jaldo, consigui\u00f3 la media sanci\u00f3n a la reforma de la carta org\u00e1nica del Banco Central y la inocencia fiscal. La primera para perpetuarse la derecha en el poder (sin que importen las elecciones que pierdan a presidente de la naci\u00f3n) y garantizar que el Banco Central pueda, de manera aut\u00f3noma, sorteando la Constituci\u00f3n Nacional, salir a buscar deuda (peligrosamente, incluso, habilitando al Tesoro a utilizar d\u00f3lares depositados por ahorristas en los bancos que tienen que dejarlos \u201cencajados\u201d en el BCRA, como garant\u00eda para colocar deuda); e inocencia fiscal, para que el poder blanquee la guita que tiene en negro.<\/p>\n<p>Fue incre\u00edble. Seguramente porque han de haberse dado cuenta de que si no recurren a pol\u00edticas activas y de demanda, muy ajenas a su ADN, lo que viene se parecer\u00e1 muy poco a los mejores 18 meses de la econom\u00eda por \u00e9l pronosticados; despu\u00e9s de 32 meses y medio de gesti\u00f3n libertaria, Caputo destroz\u00f3 los principios identitarios, los m\u00e1s importantes de la biblia libertaria.\u00a0 Con decenas de encuestas que muestran al presidente cada d\u00eda m\u00e1s lejos de la reelecci\u00f3n, algunas marcando su derrota en primera vuelta y la mayor\u00eda en la segunda vuelta, oblig\u00f3 a ese anuncio con bombos y platillos, cuando, en realidad, le alcanzaba con publicar un tweet. Anunci\u00f3 una l\u00ednea de cr\u00e9dito para 18 mil personas. \u00bfPara eso la conferencia de prensa? Y lo que es m\u00e1s grave \u00bfPara eso meter la mano en el fondo de garant\u00eda de sustentabilidad de los jubilados?<\/p>\n<p>La Argentina de Milei est\u00e1 pensada para el 20 %, los ganadores del modelo, quedando afuera, con la \u00f1ata contra el vidrio, a trazo grueso, 37 millones de seres humanos. Bueno, para ellos, ni una palabra en la conferencia de prensa. Para esos que est\u00e1n esperando del ministro de econom\u00eda, alg\u00fan anuncio relacionado con laburo, con salario, con mercado interno, con distribuci\u00f3n de la riqueza, y lo est\u00e1n esperando desde el 10 de diciembre de 2023, nada, Absolutamente nada.<\/p>\n<p>Absortos nos dej\u00f3 Caputo hablando de justicia social cuando Milei dijo a los gritos, no solamente en la Argentina, sino tambi\u00e9n en foros internacionales, que la justicia social es una estafa y una aberraci\u00f3n. Pero adem\u00e1s, anunci\u00f3 una tasa de inter\u00e9s para esos cr\u00e9ditos hipotecarios del valor UVA m\u00e1s 7, 5%.\u00a0 O sea, el Estado regula la taza. Anunci\u00f3 que el Estado estar\u00e1 regulando una actividad entre privados, los que van a buscar el cr\u00e9dito y los bancos. Exactamente lo que se neg\u00f3 a hacer con los morosos, porque el Estado no puede regular un tema que es entre privados, hab\u00eda dicho en su momento.\u00a0 O sea que rompi\u00f3 en mil pedazos los 10 mandamientos de Milei.<\/p>\n<p>Pero, adem\u00e1s, anunci\u00f3 que el Estado Naci\u00f3n, como gran intermediario para esta historia, relanzar\u00e1 una actividad que fue congelada por decisi\u00f3n del gobierno nacional cuando elimin\u00f3 la obra p\u00fablica, cuando por recesi\u00f3n friz\u00f3 toda la actividad privada y 72 mil obreros, en 32 meses, fueron a la calle.<\/p>\n<p>Caputo bautiz\u00f3 su anuncio como Cr\u00e9ditos para primera vivienda, y eso es lo que m\u00e1s violencia genera porque, acordate que no fue hace tanto que el tipo anduvo por todos los canales amigos diciendo que hab\u00eda mandado a todo su equipo a saquear los cr\u00e9ditos hipotecarios del banco Naci\u00f3n, los hipotecarios VIP de 300 mil d\u00f3lares promedio, para comprar segundas o terceras viviendas o para invertir en barrios privados. Cr\u00e9ditos que \u201cgarp\u00f3\u201d el Banco Nacional, el Estado bobo que saquean todo el tiempo, quemando as\u00ed toda la guita del Banco Naci\u00f3n que tendr\u00eda que estar a disposici\u00f3n del pueblo para primera vivienda, y a nadie se le deber\u00eda haber otorgado cr\u00e9ditos de 300 lucas promedio, a nadie.<\/p>\n<p>Y ahora el tipo dijo \u201cvenimos a dar una mano\u201d siendo el ministro de econom\u00eda que provoc\u00f3 el cierre de m\u00e1s de 31 mil unidades productivas y dej\u00f3 en la calle a 410 mil trabajadores. \u00bfA qui\u00e9n le va a dar una mano Caputo? \u00bfA los que hiri\u00f3 de muerte? \u00bfA los que mand\u00f3 a la banquina del sistema?<\/p>\n<p>Ahora, lo que Caputo anunci\u00f3 fue algo muy parecido, o perteneciente a la misma familia de esos n\u00fameros falsos y estad\u00edsticas ama\u00f1adas que acostumbra a hacer y que, m\u00e1s que convencimiento, ya enoja a la poblaci\u00f3n, si no la enfurece. Para calificar para esos cr\u00e9ditos hipotecarios hacen falta 3 millones y medio de mangos. Y el tipo te hizo el c\u00e1lculo, \u201cbueno, son m\u00e1s o menos, 2 salarios, calculando que en la Argentina el sueldo promedio es de un mill\u00f3n 800 mil\u201d, dijo. \u00bfEscuchaste? Para el Toto Caputo, ministro de econom\u00eda de la Argentina, en la Argentina el sueldo promedio no es de 900 mil o, si quer\u00e9s, un palo, para \u00e9l el sueldo promedio es de un palo 800 mil.\u00a0 As\u00ed que hay que poner 3 palos y medio y entr\u00e1s al cr\u00e9dito hipotecario, donde despu\u00e9s hay que \u201cgarpar\u201d una cuota de 850 mil, que ese s\u00ed es pr\u00e1cticamente el 100 % de un salario promedio en la Argentina. Un anuncio para 18 mil personas en todo el pa\u00eds y que se pagar\u00e1 con la plata de los jubilados (dos billones de pesos se extraen para este fin del fondo de garant\u00edas sustentable), a no olvidarse.<\/p>\n<p>Y hablando de los jubilados, no parece una casualidad que al anuncio lo haya hecho un mi\u00e9rcoles, d\u00eda que el gobierno del energ\u00fameno pendenciero destina a apalear jubilados. Pero adem\u00e1s cuando se conoci\u00f3 el dato de que cay\u00f3 un 45 % la cantidad de nuevos jubilados, desde la muerte de la moratoria. Hasta el 16 de junio se contabilizaron 99673 nuevas altas, un 45 % menos que hace un a\u00f1o. Hombres y mujeres, hombres a los 65, las compa\u00f1eras a los 60, que se han quedado colgados del pincel porque sus empleadores no cumplieron con los a\u00f1os de aporte, porque trabajaron toda la vida (o parte de ella) en negro y, sin embargo, son los que pagan como si tuvieran la culpa.\u00a0 Pagan el peso de quedarse sin un mango en una edad donde ya nadie te toma.\u00a0 Y nunca deja de ser oportuno recordar que la moratoria no le regalaba la jubilaci\u00f3n a nadie, porque a los que se jubilaron a trav\u00e9s de ella, le descuentan una parte de su jubilaci\u00f3n para cumplir con los aportes que le restaban.<\/p>\n<p>Y tambi\u00e9n decir que las 400 lucas y monedas que se les paga de jubilaci\u00f3n m\u00ednima van siempre al consumo directo, a mejorarle la vida en alimentos, bebidas, indumentaria, higiene personal, a hombres y mujeres que no ten\u00edan esa capacidad de meterse la mano en el bolsillo y encontrar aunque sea 400 lucas, y eso es un c\u00edrculo virtuoso de la econom\u00eda a trav\u00e9s de la demanda comercial que siempre va a manos del capital.\u00a0 Sin embargo, parece que hay algo que entristece a esa clase de tipos que nos gobierna, que es verlos con derechos.<\/p>\n<p>Pero aquel mi\u00e9rcoles hubo sesi\u00f3n en diputados y si bien el oficialismo logr\u00f3 lo que se propuso, sus victorias fueron p\u00edrricas. El dato que le preocupa y mucho al oficialismo es que la oposici\u00f3n, para debatir endeudados morosos y emergencia para discapacitados junt\u00f3 133 votos, que es un \u201cnumerazo\u201d. Lo que pasa es que ten\u00eda que tener los 2 tercios para forzar el debate y no le alcanz\u00f3. Pero 133 votos contra 107 en contra y 11 abstenciones, te gana cualquier votaci\u00f3n de ac\u00e1 en adelante.<\/p>\n<p>Inmediatamente toda la oposici\u00f3n (estaba el peronismo, Massot, Bregman, Pagano, De la Sota, todos) anunci\u00f3 en conferencia de prensa que a esos dos mismos proyectos que se cayeron, lo tratar\u00e1n el 9 de septiembre. Y el oficialismo sabe que, si se repiten aquellos n\u00fameros que dec\u00eda, ya est\u00e1, pierde.<\/p>\n<p>Parece evidente que se adelant\u00f3 el momento de la oposici\u00f3n para ofrecer una alternativa viable a la variante libertaria del viejo neoliberalismo, que una vez m\u00e1s demostr\u00f3 que lo \u00fanico que tiene para ofrecer a la sociedad es suba del endeudamiento, recesi\u00f3n y ca\u00edda de ingresos para las mayor\u00edas.<\/p>\n<p><strong>TRIST\u00cdSIMO LO DE RAVIER, PEOR LO DE OR\u00cdA<\/strong><\/p>\n<p>Para explicar de qu\u00e9 se trata la expresi\u00f3n de moda entre los centennials que se la pasan \u201cfarmeando aura\u201d, bien podr\u00eda utilizarse el herr\u00e1tico paso de Ravier comoo vocero presidencial, \u00e9l s\u00ed que \u201cno farmea aura\u201d, todo lo que hace es lo contrario estar farmeando aura.\u00a0 Yerra una y otra vez.<\/p>\n<p>Lo peor que se mand\u00f3 la \u00faltima semana fue salir a confirmar, en conferencia de prensa, lo que se ven\u00eda rumoreando\u00a0 en los pasillos de la Casa Rosada, que Santiago Caputo dejar\u00e1 de estar involucrado en la comunicaci\u00f3n digital del gobierno, un \u00e1rea que estuvo bajo su influencia desde el inicio de la gesti\u00f3n de Milei y que fue una de las principales herramientas para la construcci\u00f3n y consolidaci\u00f3n del proyecto libertario. Hasta lo debe haber confirmado con dolor porque ese cambio volv\u00eda a sacudir el \u201ctri\u00e1ngulo de hierro\u201d, la estructura de poder que durante buena parte del gobierno tuvo como v\u00e9rtices al Presidente, su hermana Karina Milei y Caputo. \u201cEntiendo que s\u00ed, que asume (Santiago) Or\u00eda la parte de comunicaci\u00f3n digital, lo que no le quita, digamos, la importancia a la figura de Santiago Caputo para para este gobierno\u201d titube\u00f3 elbo vocero.<\/p>\n<p>Pero otra vez no logr\u00f3 comunicar de forma clara esos movimientos y tuvo que, otra vez, sali\u00f3 a aclarar, su error no forzado, y twitear (escribir en X): \u201cSobre mi respuesta respecto de la comunicaci\u00f3n del Gobierno Nacional, hago una importante aclaraci\u00f3n: No hubo ni hay ning\u00fan cambio en el organigrama de comunicaci\u00f3n del Poder Ejecutivo, ni designaci\u00f3n alguna, ni traspaso de responsabilidades entre \u00e1reas\u201d, pobre tipo, se cre\u00eda que como vocero se la pasar\u00eda farmeando aura, lo que le permitir\u00eda instalarse como candidato a gobernador de La Pampa y no puede dar una conferencia de prensa, una sola, sin tener que salir a disculparse y aclarar.<\/p>\n<p>Ahora, m\u00e1s papelonesco fue lo del cineasta Santiago Or\u00eda, el nuevo estratega digital del gobierno que, no s\u00f3lo cometi\u00f3 el error amateur en la configuraci\u00f3n de los bots, que respondieron decenas de veces a un tuit suyo con la palabra \u00abreply\u00bb, sino que se olvid\u00f3 de \u201cbautizarlos\u201d y los mand\u00f3 a la cancha con nombres tan reales como \u00aboxhusk\u00bb, \u00abkip.eth\u00bb, \u00absadiq\u00bb, \u00abglyphrot\u00bb o \u00abgr8test\u00bb.\u00a0 Fue tan pat\u00e9tico que algunos libertos pidieron no ir\u00f3nicamente la vuelta de Fernando Cerimedo, el creador del ecosistema libertario de redes, preso en Bolivia por supuestamente mandar a matar a su novia embarazada.<\/p>\n","protected":false},"excerpt":{"rendered":"<p>\u00a0Pas\u00f3 Kicillof y se llev\u00f3 menos de lo que vino a buscar. Las mujeres peronistas de La Pampa, con Cristina. Como lo adelantamos, di N\u00e1poli no quiere internas ni ser&hellip;<\/p>\n","protected":false},"author":2,"featured_media":511885,"comment_status":"closed","ping_status":"open","sticky":false,"template":"","format":"standard","meta":{"footnotes":""},"categories":[7,12975,13],"tags":[],"class_list":["post-512054","post","type-post","status-publish","format-standard","has-post-thumbnail","hentry","category-destacadas","category-opinion","category-provincia"],"jetpack_featured_media_url":"https:\/\/www.planbnoticias.com.ar\/wp-content\/uploads\/2026\/08\/kicillof-ziliotto-5.jpeg","_links":{"self":[{"href":"https:\/\/www.planbnoticias.com.ar\/index.php\/wp-json\/wp\/v2\/posts\/512054","targetHints":{"allow":["GET"]}}],"collection":[{"href":"https:\/\/www.planbnoticias.com.ar\/index.php\/wp-json\/wp\/v2\/posts"}],"about":[{"href":"https:\/\/www.planbnoticias.com.ar\/index.php\/wp-json\/wp\/v2\/types\/post"}],"author":[{"embeddable":true,"href":"https:\/\/www.planbnoticias.com.ar\/index.php\/wp-json\/wp\/v2\/users\/2"}],"replies":[{"embeddable":true,"href":"https:\/\/www.planbnoticias.com.ar\/index.php\/wp-json\/wp\/v2\/comments?post=512054"}],"version-history":[{"count":1,"href":"https:\/\/www.planbnoticias.com.ar\/index.php\/wp-json\/wp\/v2\/posts\/512054\/revisions"}],"predecessor-version":[{"id":512055,"href":"https:\/\/www.planbnoticias.com.ar\/index.php\/wp-json\/wp\/v2\/posts\/512054\/revisions\/512055"}],"wp:featuredmedia":[{"embeddable":true,"href":"https:\/\/www.planbnoticias.com.ar\/index.php\/wp-json\/wp\/v2\/media\/511885"}],"wp:attachment":[{"href":"https:\/\/www.planbnoticias.com.ar\/index.php\/wp-json\/wp\/v2\/media?parent=512054"}],"wp:term":[{"taxonomy":"category","embeddable":true,"href":"https:\/\/www.planbnoticias.com.ar\/index.php\/wp-json\/wp\/v2\/categories?post=512054"},{"taxonomy":"post_tag","embeddable":true,"href":"https:\/\/www.planbnoticias.com.ar\/index.php\/wp-json\/wp\/v2\/tags?post=512054"}],"curies":[{"name":"wp","href":"https:\/\/api.w.org\/{rel}","templated":true}]}}