{"id":512060,"date":"2026-09-02T07:08:59","date_gmt":"2026-09-02T10:08:59","guid":{"rendered":"https:\/\/www.planbnoticias.com.ar\/?p=512060"},"modified":"2026-09-02T07:08:59","modified_gmt":"2026-09-02T10:08:59","slug":"con-una-treintena-de-proyectos-y-expositores-invitados-finanzas-debatira-sobre-endeudamiento-familiar","status":"publish","type":"post","link":"https:\/\/www.planbnoticias.com.ar\/index.php\/2026\/09\/02\/con-una-treintena-de-proyectos-y-expositores-invitados-finanzas-debatira-sobre-endeudamiento-familiar\/","title":{"rendered":"Con una treintena de proyectos y expositores invitados, Finanzas debatir\u00e1 sobre endeudamiento familiar"},"content":{"rendered":"<p><img fetchpriority=\"high\" decoding=\"async\" class=\"alignnone size-full wp-image-512061\" src=\"https:\/\/www.planbnoticias.com.ar\/wp-content\/uploads\/2026\/09\/endeudamiento-familiar.avif\" alt=\"\" width=\"750\" height=\"500\" srcset=\"https:\/\/www.planbnoticias.com.ar\/wp-content\/uploads\/2026\/09\/endeudamiento-familiar.avif 750w, https:\/\/www.planbnoticias.com.ar\/wp-content\/uploads\/2026\/09\/endeudamiento-familiar-300x200.avif 300w, https:\/\/www.planbnoticias.com.ar\/wp-content\/uploads\/2026\/09\/endeudamiento-familiar-585x390.avif 585w, https:\/\/www.planbnoticias.com.ar\/wp-content\/uploads\/2026\/09\/endeudamiento-familiar-263x175.avif 263w\" sizes=\"(max-width: 750px) 100vw, 750px\" \/><\/p>\n<p>La reuni\u00f3n fue citada a las 13.30, en la Sala 1 del Anexo. La convocatoria se produjo luego del pedido de sesi\u00f3n que la oposici\u00f3n hizo para el pr\u00f3ximo mi\u00e9rcoles 9. Qui\u00e9nes expondr\u00e1n.<\/p>\n<p>Con una treintena de proyectos sobre la mesa y expositores invitados, la Comisi\u00f3n de Finanzas de la C\u00e1mara de Diputados arrancar\u00e1 este mi\u00e9rcoles con el debate sobre endeudamiento familiar y morosidad, tema que se instal\u00f3 en la agenda y por el cual la oposici\u00f3n pidi\u00f3 una sesi\u00f3n para el pr\u00f3ximo 9.<\/p>\n<p>En la \u00faltima sesi\u00f3n, varios bloques -entre los m\u00e1s duros y algunos de los llamados dialoguistas- no alcanzaron la mayor\u00eda para incorporar las iniciativas al temario (pues se requer\u00edan tres cuartas partes del pleno), pero s\u00ed cosecharon 133 votos a favor, una cifra que garantiza qu\u00f3rum y eventualmente la votaci\u00f3n de un emplazamiento de comisiones, para forzar un dictamen con fecha y hora determinada.<\/p>\n<p>Ante lo sucedido, la reacci\u00f3n del oficialismo fue convocar a una de las comisiones que preside. Sin embargo, desde el sector opositor m\u00e1s cr\u00edtico consideraron que se trata de una \u201ccortina de humo\u201d para ganar tiempo -sumado a que no se trata de un plenario- y ver tambi\u00e9n si pueden torcer la voluntad de sus aliados, algunos de los cuales presentaron iniciativas al respecto.<\/p>\n<p>La desconfianza prima, sobre todo, por la postura que se sabe tiene La Libertad Avanza sobre el tema y va en l\u00ednea con lo dicho por el Presidente Javier Milei d\u00edas atr\u00e1s, respecto de que el sobreendeudamiento de familias e individuos con bancos y billeteras virtuales es \u201cun problema entre privados\u201d y el Estado no debe intervenir. Adem\u00e1s, desde el oficialismo aseguran que, seg\u00fan datos oficiales, la mora comenz\u00f3 a bajar en el \u00faltimo mes.<\/p>\n<p>Sin embargo, en declaraciones radiales, el presidente de la C\u00e1mara baja, Mart\u00edn Menem, habl\u00f3 de \u201cproyectos alternativos\u201d que puedan plantearse y el tema estuvo presente este martes en la reuni\u00f3n de la Mesa Pol\u00edtica en Casa Rosada.<\/p>\n<p>Para la sesi\u00f3n que solicitaron para el pr\u00f3ximo mi\u00e9rcoles 9, diputados opositores incluyeron 50 proyectos sobre distintos aspectos de la tem\u00e1tica. En tanto, la citaci\u00f3n de la comisi\u00f3n de este mi\u00e9rcoles contempla 34.<\/p>\n<p>Adem\u00e1s de Finanzas, las iniciativas tienen en su mayor\u00eda tambi\u00e9n giro a Defensa del Consumidor y Presupuesto y Hacienda. Otras incluso deben ser tratadas por Legislaci\u00f3n General y Justicia.<\/p>\n<p>Los proyectos corresponden a legisladores de Uni\u00f3n por la Patria, Provincias Unidas, Argentina Federal, Frente de Izquierda, Coalici\u00f3n C\u00edvica, Elijo Catamarca, Coherencia y hasta de los sanjuaninos de Producci\u00f3n y Trabajo, quienes son aliados de LLA y no firmaron la solicitud para la sesi\u00f3n.<\/p>\n<p>En el listado, hay proyectos referidos a la problem\u00e1tica con las tarjetas de cr\u00e9dito, que proponen -entre otros puntos- limitar intereses y cargos, la obligaci\u00f3n de ofrecer l\u00edmites de gasto autocontrolados a los usuarios y reg\u00edmenes especiales de asistencia para deudores que acumulen atrasos significativos. Son iniciativas de Kelly Olmos, M\u00f3nica Frade, Andea Freites y Cecilia Moreau.<\/p>\n<p>Otro conjunto de iniciativas prev\u00e9 programas de desendeudamiento familiar. All\u00ed figuran la creaci\u00f3n de programas nacionales de alivio financiero y desendeudamiento, plataformas de segunda oportunidad para familias endeudadas y reg\u00edmenes espec\u00edficos para la reestructuraci\u00f3n de deudas de hogares argentinos. En su mayor\u00eda provienen de legisladores de UP, como Roxana Monz\u00f3n, Natalia Zaracho y Santiago Roberto, quien adem\u00e1s plantea modificaciones al DNU 70\/23.<\/p>\n<p>En cuanto a billeteras virtuales, proyectos de Diego Juliano, Juan Carlos Molina y Pablo Juliano contemplan propuestas para las personas endeudadas con plataformas fintech y entidades no financieras de cr\u00e9dito.<\/p>\n<p>Tambi\u00e9n hay iniciativas de Gustavo Bordet, Yolanda Vega y Nicol\u00e1s del Ca\u00f1o para declarar la emergencia crediticia por uno y dos a\u00f1os, en todo el territorio nacional.<\/p>\n<p>Por su parte, el temario incluye tres proyectos de la exlibertaria Marcela Pagano: un r\u00e9gimen integral de prevenci\u00f3n del sobreendeudamiento, insolvencia y segunda oportunidad de la persona humana; un marco integral para el cr\u00e9dito responsable y el desendeudamiento del consumidor financiero; y modificaciones a la Ley de Tarjetas de Cr\u00e9dito sobre restituci\u00f3n de la protecci\u00f3n al usuario.<\/p>\n<p><strong>Los expositores<\/strong><\/p>\n<p>A la reuni\u00f3n informativa de este mi\u00e9rcoles fueron invitados a exponer Jorge Colina, presidente del Instituto para el Desarrollo Social Argentino; los economistas y exdirectores del Banco Central Pablo Curat y Mariano Flores Vidal; y el exdiputado radical Mart\u00edn Tetaz.<\/p>\n<p>Tambi\u00e9n, Osvaldo Giordano, exdirector de la ANSeS y presidente del IERAL de la Fundaci\u00f3n Mediterr\u00e1nea; Arturo Pozzali, defensor Adjunto de la Defensor\u00eda del Pueblo de la Ciudad; Mat\u00edas Huala, director Acad\u00e9mico de la Certificaci\u00f3n Avanzada en Fintech en el Instituto Tecnol\u00f3gico de Buenos Aires (ITBA); y el economista y consultor en FMyA V\u00edctor Hugo Ruilova Quezada. (Parlamentario).<\/p>\n","protected":false},"excerpt":{"rendered":"<p>La reuni\u00f3n fue citada a las 13.30, en la Sala 1 del Anexo. La convocatoria se produjo luego del pedido de sesi\u00f3n que la oposici\u00f3n hizo para el pr\u00f3ximo mi\u00e9rcoles&hellip;<\/p>\n","protected":false},"author":3,"featured_media":512061,"comment_status":"closed","ping_status":"open","sticky":false,"template":"","format":"standard","meta":{"footnotes":""},"categories":[12],"tags":[],"class_list":["post-512060","post","type-post","status-publish","format-standard","has-post-thumbnail","hentry","category-pais"],"jetpack_featured_media_url":"https:\/\/www.planbnoticias.com.ar\/wp-content\/uploads\/2026\/09\/endeudamiento-familiar.avif","_links":{"self":[{"href":"https:\/\/www.planbnoticias.com.ar\/index.php\/wp-json\/wp\/v2\/posts\/512060","targetHints":{"allow":["GET"]}}],"collection":[{"href":"https:\/\/www.planbnoticias.com.ar\/index.php\/wp-json\/wp\/v2\/posts"}],"about":[{"href":"https:\/\/www.planbnoticias.com.ar\/index.php\/wp-json\/wp\/v2\/types\/post"}],"author":[{"embeddable":true,"href":"https:\/\/www.planbnoticias.com.ar\/index.php\/wp-json\/wp\/v2\/users\/3"}],"replies":[{"embeddable":true,"href":"https:\/\/www.planbnoticias.com.ar\/index.php\/wp-json\/wp\/v2\/comments?post=512060"}],"version-history":[{"count":1,"href":"https:\/\/www.planbnoticias.com.ar\/index.php\/wp-json\/wp\/v2\/posts\/512060\/revisions"}],"predecessor-version":[{"id":512062,"href":"https:\/\/www.planbnoticias.com.ar\/index.php\/wp-json\/wp\/v2\/posts\/512060\/revisions\/512062"}],"wp:featuredmedia":[{"embeddable":true,"href":"https:\/\/www.planbnoticias.com.ar\/index.php\/wp-json\/wp\/v2\/media\/512061"}],"wp:attachment":[{"href":"https:\/\/www.planbnoticias.com.ar\/index.php\/wp-json\/wp\/v2\/media?parent=512060"}],"wp:term":[{"taxonomy":"category","embeddable":true,"href":"https:\/\/www.planbnoticias.com.ar\/index.php\/wp-json\/wp\/v2\/categories?post=512060"},{"taxonomy":"post_tag","embeddable":true,"href":"https:\/\/www.planbnoticias.com.ar\/index.php\/wp-json\/wp\/v2\/tags?post=512060"}],"curies":[{"name":"wp","href":"https:\/\/api.w.org\/{rel}","templated":true}]}}