{"id":512063,"date":"2026-09-02T07:18:33","date_gmt":"2026-09-02T10:18:33","guid":{"rendered":"https:\/\/www.planbnoticias.com.ar\/?p=512063"},"modified":"2026-09-02T07:18:48","modified_gmt":"2026-09-02T10:18:48","slug":"villarruel-visitara-una-sede-del-inta-donde-milei-echo-al-20-de-sus-tecnicos","status":"publish","type":"post","link":"https:\/\/www.planbnoticias.com.ar\/index.php\/2026\/09\/02\/villarruel-visitara-una-sede-del-inta-donde-milei-echo-al-20-de-sus-tecnicos\/","title":{"rendered":"Villarruel visitar\u00e1 una sede del INTA, donde Milei ech\u00f3 al 20% de sus t\u00e9cnicos"},"content":{"rendered":"<p><img fetchpriority=\"high\" decoding=\"async\" class=\"alignnone size-full wp-image-510420\" src=\"https:\/\/www.planbnoticias.com.ar\/wp-content\/uploads\/2026\/08\/villarruel-1.avif\" alt=\"\" width=\"810\" height=\"540\" srcset=\"https:\/\/www.planbnoticias.com.ar\/wp-content\/uploads\/2026\/08\/villarruel-1.avif 810w, https:\/\/www.planbnoticias.com.ar\/wp-content\/uploads\/2026\/08\/villarruel-1-300x200.avif 300w, https:\/\/www.planbnoticias.com.ar\/wp-content\/uploads\/2026\/08\/villarruel-1-768x512.avif 768w, https:\/\/www.planbnoticias.com.ar\/wp-content\/uploads\/2026\/08\/villarruel-1-585x390.avif 585w, https:\/\/www.planbnoticias.com.ar\/wp-content\/uploads\/2026\/08\/villarruel-1-263x175.avif 263w\" sizes=\"(max-width: 810px) 100vw, 810px\" \/><\/p>\n<p>La vicepresidenta anunci\u00f3 en su agenda la visita a una planta de Arcor y la sede del INTA San Juan, que atraviesa un recorte del 20% de sus especialistas, investigadores y t\u00e9cnicos.<\/p>\n<p>La vicepresidenta de la Naci\u00f3n, Victoria Villuarrel, volvi\u00f3 a mostrar su discrepancia con la gesti\u00f3n de gobierno de Javier Milei, y lo hizo mediante una serie de visitas que tiene previsto para hoy en la provincia de San Juan.<br \/>\n<script async src=\"\/\/pagead2.googlesyndication.com\/pagead\/js\/adsbygoogle.js\"><\/script><br \/>\n<!-- Publi m\u00f3vil interior nota --><br \/>\n<ins class=\"adsbygoogle\" style=\"display: inline-block; width: 320px; height: 100px;\" data-ad-client=\"ca-pub-7250018434179914\" data-ad-slot=\"1040343543\"><\/ins><br \/>\n<script>\n(adsbygoogle = window.adsbygoogle || []).push({});\n<\/script><\/p>\n<p>El recorrido incluye una visita por la f\u00e1brica ubicada en la localidad provincial de Rawson, a las 12 horas; pero sobre las 17, ir\u00e1 a la sede local del INTA, una de las dependencias del organismo que padeci\u00f3 el ajuste m\u00e1s severo de la gesti\u00f3n libertaria de Javier Milei. A su vez, podr\u00eda darse un encuentro con el gobernador Orrego.<\/p>\n<p>Villarruel visita el INTA ajustado por Milei<\/p>\n<p>El Instituto Nacional de Tecnolog\u00eda Agropecuaria (INTA) en San Juan atraviesa un fuerte proceso de reducci\u00f3n de personal y cambios estructurales bajo la gesti\u00f3n del gobierno de Javier Milei.<\/p>\n<p>Desde la asunci\u00f3n de Javier Milei, el INTA en San Juan sufri\u00f3 una merma cercana al 20% en su planta de trabajadores, pasando de m\u00e1s de 120 agentes a unos 108, con nuevas tandas de retiros voluntarios impulsadas a nivel nacional.<\/p>\n<p>Es parte del plan de retiros voluntarios que implement\u00f3 el gobierno nacional en el instituto cient\u00edfico y tecnol\u00f3gico y que hizo que casi mil agentes renuncien en todo el pa\u00eds.<\/p>\n<p>Bueno, ahora, la vicepresidenta de la Naci\u00f3n, Victoria Villarruel, eligi\u00f3 esa sede al programar su llegada a San Juan este martes para desarrollar una agenda variada. Es que, seg\u00fan fuentes gubernamentales, se espera que a las 12 horas realice una visite por la planta productora de la empresa Arcor, ubicada en el departamento Rawson.<\/p>\n<p>Mientras que, sobre las 17 horas, se confirm\u00f3 la presencia de Villarruel en la sede del INTA local, en el departamento San Mart\u00edn, para visitar el Banco de Germoplasma de Olivo. Se tratan de dos iniciativas confirmadas en la agenda de quien tambi\u00e9n es la presidenta de la C\u00e1mara de Senadores.<\/p>\n<p>Post visita al INTA<\/p>\n<p>A su vez, las mismas fuentes, indicaron que se gestiona un posible encuentro con el gobernador de la provincia, Marcelo Orrego, el cual se dar\u00eda en horario maturino.<\/p>\n<p>Cabe recordar que, esta visita de Villarruel tiene car\u00e1cter de oficial, luego que llegara a San Juan por \u00faltima vez en marzo pasado tras asistir a la Fiesta Nacional de la Vendimia, en Mendoza. En esa ocasi\u00f3n, arrib\u00f3 a la provincia v\u00eda terrestre para tomar un vuelo junto a su comitiva desde el aeropuerto Domingo Faustino Sarmiento.<\/p>\n","protected":false},"excerpt":{"rendered":"<p>La vicepresidenta anunci\u00f3 en su agenda la visita a una planta de Arcor y la sede del INTA San Juan, que atraviesa un recorte del 20% de sus especialistas, investigadores&hellip;<\/p>\n","protected":false},"author":2,"featured_media":463836,"comment_status":"closed","ping_status":"open","sticky":false,"template":"","format":"standard","meta":{"footnotes":""},"categories":[12],"tags":[],"class_list":["post-512063","post","type-post","status-publish","format-standard","has-post-thumbnail","hentry","category-pais"],"jetpack_featured_media_url":"https:\/\/www.planbnoticias.com.ar\/wp-content\/uploads\/2025\/06\/inta-1.jpeg","_links":{"self":[{"href":"https:\/\/www.planbnoticias.com.ar\/index.php\/wp-json\/wp\/v2\/posts\/512063","targetHints":{"allow":["GET"]}}],"collection":[{"href":"https:\/\/www.planbnoticias.com.ar\/index.php\/wp-json\/wp\/v2\/posts"}],"about":[{"href":"https:\/\/www.planbnoticias.com.ar\/index.php\/wp-json\/wp\/v2\/types\/post"}],"author":[{"embeddable":true,"href":"https:\/\/www.planbnoticias.com.ar\/index.php\/wp-json\/wp\/v2\/users\/2"}],"replies":[{"embeddable":true,"href":"https:\/\/www.planbnoticias.com.ar\/index.php\/wp-json\/wp\/v2\/comments?post=512063"}],"version-history":[{"count":2,"href":"https:\/\/www.planbnoticias.com.ar\/index.php\/wp-json\/wp\/v2\/posts\/512063\/revisions"}],"predecessor-version":[{"id":512065,"href":"https:\/\/www.planbnoticias.com.ar\/index.php\/wp-json\/wp\/v2\/posts\/512063\/revisions\/512065"}],"wp:featuredmedia":[{"embeddable":true,"href":"https:\/\/www.planbnoticias.com.ar\/index.php\/wp-json\/wp\/v2\/media\/463836"}],"wp:attachment":[{"href":"https:\/\/www.planbnoticias.com.ar\/index.php\/wp-json\/wp\/v2\/media?parent=512063"}],"wp:term":[{"taxonomy":"category","embeddable":true,"href":"https:\/\/www.planbnoticias.com.ar\/index.php\/wp-json\/wp\/v2\/categories?post=512063"},{"taxonomy":"post_tag","embeddable":true,"href":"https:\/\/www.planbnoticias.com.ar\/index.php\/wp-json\/wp\/v2\/tags?post=512063"}],"curies":[{"name":"wp","href":"https:\/\/api.w.org\/{rel}","templated":true}]}}