{"id":512073,"date":"2026-09-02T09:19:05","date_gmt":"2026-09-02T12:19:05","guid":{"rendered":"https:\/\/www.planbnoticias.com.ar\/?p=512073"},"modified":"2026-09-02T09:19:05","modified_gmt":"2026-09-02T12:19:05","slug":"faltazo-de-milei-la-uia-celebrara-el-dia-de-la-industria-en-un-escenario-negativo","status":"publish","type":"post","link":"https:\/\/www.planbnoticias.com.ar\/index.php\/2026\/09\/02\/faltazo-de-milei-la-uia-celebrara-el-dia-de-la-industria-en-un-escenario-negativo\/","title":{"rendered":"Faltazo de Milei: la UIA celebrar\u00e1 el D\u00eda de la Industria en un escenario negativo"},"content":{"rendered":"<p><img fetchpriority=\"high\" decoding=\"async\" class=\"alignnone size-full wp-image-512074\" src=\"https:\/\/www.planbnoticias.com.ar\/wp-content\/uploads\/2026\/09\/rappallini.avif\" alt=\"\" width=\"960\" height=\"540\" srcset=\"https:\/\/www.planbnoticias.com.ar\/wp-content\/uploads\/2026\/09\/rappallini.avif 960w, https:\/\/www.planbnoticias.com.ar\/wp-content\/uploads\/2026\/09\/rappallini-300x169.avif 300w, https:\/\/www.planbnoticias.com.ar\/wp-content\/uploads\/2026\/09\/rappallini-768x432.avif 768w, https:\/\/www.planbnoticias.com.ar\/wp-content\/uploads\/2026\/09\/rappallini-585x329.avif 585w\" sizes=\"(max-width: 960px) 100vw, 960px\" \/><\/p>\n<p>El acto central ser\u00e1 en una planta farmac\u00e9utica de Malvinas Argentinas. S\u00f3lo ir\u00e1 el jefe de Gabinete.<\/p>\n<p>Con f\u00e1bricas que tienen buena parte de sus m\u00e1quinas paradas, la UIA celebrar\u00e1 este mi\u00e9rcoles el D\u00eda de la Industria en un establecimiento farmac\u00e9utico de Malvinas Argentinas, desde las 10.<\/p>\n<p>Hacia all\u00ed ir\u00e1n el jefe de Gabinete, Diego Santilli, y el secretario Pablo Lavigne, hombre de Luis Caputo, quienes escuchar\u00e1n al presidente de la UIA, Mart\u00edn Rappallini, de Cer\u00e1micas Alberdi.<\/p>\n<p>Los n\u00fameros del sector est\u00e1n en rojo, con una ca\u00edda superior al 2 por ciento, y la desaparici\u00f3n de unas 3.000 f\u00e1bricas.<\/p>\n<p>A esto se suma la preocupaci\u00f3n por la apertura importadora en productos claves como siderurgia y textiles, con China cada vez m\u00e1s fuerte.<\/p>\n<p><script async src=\"\/\/pagead2.googlesyndication.com\/pagead\/js\/adsbygoogle.js\"><\/script><br \/>\n<!-- Publi m\u00f3vil interior nota --><br \/>\n<ins class=\"adsbygoogle\" style=\"display: inline-btiembrepblock; width: 320px; height: 100px;\" data-ad-client=\"ca-pub-7250018434179914\" data-ad-slot=\"1040343543\"><\/ins><br \/>\n<script>\n(adsbygoogle = window.adsbygoogle || []).push({});\n<\/script><\/p>\n<p>Sectores como neum\u00e1ticos y metalurgia est\u00e1n entre los m\u00e1s afectados.<\/p>\n<p>La relaci\u00f3n con el gobierno de Javier Milei es tensa, porque la administraci\u00f3n libertaria los acusa de buscar prebendas para producir.<\/p>\n<p>Las empresas enfrentan una ca\u00edda de ventas, derivada de la p\u00e9rdida del poder de compra de los salarios, y la merma del cr\u00e9dito para el consumo.<\/p>\n<p>Sobre ello se monta una mayor facilidad para las importaciones. El Gobierno ha ido desmantelando regulaciones que permit\u00edan demorar o frenar algunos importados. (Agencia NA)<\/p>\n","protected":false},"excerpt":{"rendered":"<p>El acto central ser\u00e1 en una planta farmac\u00e9utica de Malvinas Argentinas. S\u00f3lo ir\u00e1 el jefe de Gabinete. Con f\u00e1bricas que tienen buena parte de sus m\u00e1quinas paradas, la UIA celebrar\u00e1&hellip;<\/p>\n","protected":false},"author":3,"featured_media":512074,"comment_status":"closed","ping_status":"open","sticky":false,"template":"","format":"standard","meta":{"footnotes":""},"categories":[12],"tags":[],"class_list":["post-512073","post","type-post","status-publish","format-standard","has-post-thumbnail","hentry","category-pais"],"jetpack_featured_media_url":"https:\/\/www.planbnoticias.com.ar\/wp-content\/uploads\/2026\/09\/rappallini.avif","_links":{"self":[{"href":"https:\/\/www.planbnoticias.com.ar\/index.php\/wp-json\/wp\/v2\/posts\/512073","targetHints":{"allow":["GET"]}}],"collection":[{"href":"https:\/\/www.planbnoticias.com.ar\/index.php\/wp-json\/wp\/v2\/posts"}],"about":[{"href":"https:\/\/www.planbnoticias.com.ar\/index.php\/wp-json\/wp\/v2\/types\/post"}],"author":[{"embeddable":true,"href":"https:\/\/www.planbnoticias.com.ar\/index.php\/wp-json\/wp\/v2\/users\/3"}],"replies":[{"embeddable":true,"href":"https:\/\/www.planbnoticias.com.ar\/index.php\/wp-json\/wp\/v2\/comments?post=512073"}],"version-history":[{"count":1,"href":"https:\/\/www.planbnoticias.com.ar\/index.php\/wp-json\/wp\/v2\/posts\/512073\/revisions"}],"predecessor-version":[{"id":512075,"href":"https:\/\/www.planbnoticias.com.ar\/index.php\/wp-json\/wp\/v2\/posts\/512073\/revisions\/512075"}],"wp:featuredmedia":[{"embeddable":true,"href":"https:\/\/www.planbnoticias.com.ar\/index.php\/wp-json\/wp\/v2\/media\/512074"}],"wp:attachment":[{"href":"https:\/\/www.planbnoticias.com.ar\/index.php\/wp-json\/wp\/v2\/media?parent=512073"}],"wp:term":[{"taxonomy":"category","embeddable":true,"href":"https:\/\/www.planbnoticias.com.ar\/index.php\/wp-json\/wp\/v2\/categories?post=512073"},{"taxonomy":"post_tag","embeddable":true,"href":"https:\/\/www.planbnoticias.com.ar\/index.php\/wp-json\/wp\/v2\/tags?post=512073"}],"curies":[{"name":"wp","href":"https:\/\/api.w.org\/{rel}","templated":true}]}}