{"id":512081,"date":"2026-09-02T10:26:13","date_gmt":"2026-09-02T13:26:13","guid":{"rendered":"https:\/\/www.planbnoticias.com.ar\/?p=512081"},"modified":"2026-09-02T11:28:54","modified_gmt":"2026-09-02T14:28:54","slug":"a-20-anos-de-su-primera-presentacion-publica-el-foro-pampeano-por-el-derecho-al-aborto-repasa-su-lucha","status":"publish","type":"post","link":"https:\/\/www.planbnoticias.com.ar\/index.php\/2026\/09\/02\/a-20-anos-de-su-primera-presentacion-publica-el-foro-pampeano-por-el-derecho-al-aborto-repasa-su-lucha\/","title":{"rendered":"A 20 a\u00f1os de su primera presentaci\u00f3n p\u00fablica, el Foro Pampeano por el Derecho al Aborto repasa su lucha"},"content":{"rendered":"<p><img fetchpriority=\"high\" decoding=\"async\" class=\"alignnone size-full wp-image-512082\" src=\"https:\/\/www.planbnoticias.com.ar\/wp-content\/uploads\/2026\/09\/foro-pampeano-aborto-seguro-legal-gratuito.avif\" alt=\"\" width=\"1280\" height=\"960\" srcset=\"https:\/\/www.planbnoticias.com.ar\/wp-content\/uploads\/2026\/09\/foro-pampeano-aborto-seguro-legal-gratuito.avif 1280w, https:\/\/www.planbnoticias.com.ar\/wp-content\/uploads\/2026\/09\/foro-pampeano-aborto-seguro-legal-gratuito-300x225.avif 300w, https:\/\/www.planbnoticias.com.ar\/wp-content\/uploads\/2026\/09\/foro-pampeano-aborto-seguro-legal-gratuito-1024x768.avif 1024w, https:\/\/www.planbnoticias.com.ar\/wp-content\/uploads\/2026\/09\/foro-pampeano-aborto-seguro-legal-gratuito-768x576.avif 768w, https:\/\/www.planbnoticias.com.ar\/wp-content\/uploads\/2026\/09\/foro-pampeano-aborto-seguro-legal-gratuito-1170x878.avif 1170w, https:\/\/www.planbnoticias.com.ar\/wp-content\/uploads\/2026\/09\/foro-pampeano-aborto-seguro-legal-gratuito-585x439.avif 585w\" sizes=\"(max-width: 1280px) 100vw, 1280px\" \/><\/p>\n<p>El Foro celebra dos d\u00e9cadas de organizaci\u00f3n y militancia por el aborto seguro, legal y gratuito. M\u00f3nica Rodr\u00edguez destac\u00f3 su participaci\u00f3n en debates legislativos y advirti\u00f3 sobre las dificultades actuales para garantizar la ley. Buscan reconocer su trayectoria en el Concejo Deliberante de Santa Rosa.<\/p>\n<p>A partir de un proyecto del <strong>concejal de Patria Grande en el FeJuPa, Mariano Alfageme<\/strong>, el Concejo Deliberante de la capital provincial impulsa el reconocimiento a la lucha de las personas que iniciaron el camino por la reivindicaci\u00f3n del derecho de las mujeres a decidir sobre sus propios cuerpos.<\/p>\n<p><strong>M\u00f3nica Rodr\u00edguez, integrante del Foro Pampeano por el Derecho al Aborto Legal Seguro y Gratuito<\/strong>, se refiri\u00f3 a su presencia en el Concejo Deliberante, donde expuso sobre un proyecto para declarar de inter\u00e9s municipal los 20 a\u00f1os del Foro en la ciudad.<\/p>\n<p>\u201cSe cumplen los 20 a\u00f1os, el 22 de septiembre del 2026, son los 20 a\u00f1os de la primera presentaci\u00f3n del Foro en espacios p\u00fablicos, que fue aqu\u00ed, en el Concejo Deliberante. En aquel momento, como integrantes del Foro, todas las organizaciones, decidimos hacer esta presentaci\u00f3n en este espacio, porque consider\u00e1bamos que era el lugar de debate del pueblo de Santa Rosa, dijimos que era el lugar propicio para hacerlo\u201d, record\u00f3 a Plan B.<\/p>\n<p>\u201cLo hicimos con una actividad donde contamos con la presencia de Gladys Ponte, una m\u00e9dica de C\u00f3rdoba, integrante de Cat\u00f3licas por el Derecho a Decidir, una educadora comunitaria, Mabel Busaniche, y, por supuesto, el compa\u00f1ero que nos estaba acompa\u00f1ando en aquel momento, desde un lugar muy interesante, que fue Ciro Ongaro, \u00e9l hab\u00eda sido ex juez del Superior Tribunal de Justicia, aqu\u00ed en la provincia de La Pampa\u201d, agreg\u00f3 M\u00f3nica Rodr\u00edguez.<\/p>\n<p><script async src=\"\/\/pagead2.googlesyndication.com\/pagead\/js\/adsbygoogle.js\"><\/script><\/p>\n<p><!-- Publi m\u00f3vil interior nota --><\/p>\n<p>&nbsp;<\/p>\n<p><script><\/p>\n<p>(adsbygoogle = window.adsbygoogle || []).push({});<\/p>\n<p><\/script><\/p>\n<p>\u201c\u00c9l hab\u00eda tenido un fallo hist\u00f3rico, que hoy en d\u00eda todav\u00eda est\u00e1 citado en los manuales de prevenci\u00f3n de la criminalizaci\u00f3n de los eventos obst\u00e9tricos y nos asesoraba desde el punto de vista de la legislaci\u00f3n, y ese d\u00eda tambi\u00e9n form\u00f3 parte de esa presentaci\u00f3n\u201d, repas\u00f3. \u201cPor eso, nos pareci\u00f3 interesante recordarlo y tambi\u00e9n le pareci\u00f3 interesante a los concejales que est\u00e1n impulsando esta medida\u201d, resalt\u00f3.<\/p>\n<p><strong>Rodr\u00edguez hizo un repaso de estos a\u00f1os de lucha.<\/strong> \u201cLa verdad es que la campa\u00f1a (por el Aborto seguro, legal y gratuito) cumple 21 a\u00f1os. Nosotros cumplimos 20 a\u00f1os porque nos organizamos en los primeros meses del a\u00f1o 2006, hicimos una actividad y tomamos varias organizaciones pampeanas la decisi\u00f3n de formar parte de un Foro y el Foro, integrar la campa\u00f1a. Ya hab\u00edamos tenido contactos previamente, inclusive se sumaron organizaciones gremiales tambi\u00e9n, organizaciones de mujeres, el Instituto de la Mujer. Fue muy interesante ese debate donde decidimos confluir en un Foro y despu\u00e9s fue mucho trabajo, porque nosotros lo sabemos, esta era una provincia peque\u00f1a, en poblaci\u00f3n, pero tomamos la decisi\u00f3n de visibilizar r\u00e1pidamente lo que significaba y trabajar en diferentes leyes\u201d, resalt\u00f3 Rodr\u00edguez.<\/p>\n<p>\u201cNosotros tambi\u00e9n impulsamos la Ley de Educaci\u00f3n Sexual e Integral. Siempre trabajamos observando c\u00f3mo se implementaba la Ley de Salud Sexual y Reproductiva, y bueno, participando de los debates, ten\u00edamos una compa\u00f1era que era Cristina \u00c9rcoli que estaba dentro de la articulaci\u00f3n nacional, y, a su vez, nosotros aqu\u00ed trabajamos en dos monitoreos: uno era de la Educaci\u00f3n Sexual Integral y el otro era de la implementaci\u00f3n de las leyes de salud sexual y reproductiva, y el aborto seguro\u201d, dijo.<\/p>\n<p><img decoding=\"async\" class=\"alignnone size-full wp-image-498516\" src=\"https:\/\/www.planbnoticias.com.ar\/wp-content\/uploads\/2026\/04\/mariano-alfageme.jpg\" alt=\"\" width=\"1643\" height=\"1088\" srcset=\"https:\/\/www.planbnoticias.com.ar\/wp-content\/uploads\/2026\/04\/mariano-alfageme.jpg 1643w, https:\/\/www.planbnoticias.com.ar\/wp-content\/uploads\/2026\/04\/mariano-alfageme-300x199.jpg 300w, https:\/\/www.planbnoticias.com.ar\/wp-content\/uploads\/2026\/04\/mariano-alfageme-1024x678.jpg 1024w, https:\/\/www.planbnoticias.com.ar\/wp-content\/uploads\/2026\/04\/mariano-alfageme-768x509.jpg 768w, https:\/\/www.planbnoticias.com.ar\/wp-content\/uploads\/2026\/04\/mariano-alfageme-1536x1017.jpg 1536w, https:\/\/www.planbnoticias.com.ar\/wp-content\/uploads\/2026\/04\/mariano-alfageme-1170x775.jpg 1170w, https:\/\/www.planbnoticias.com.ar\/wp-content\/uploads\/2026\/04\/mariano-alfageme-780x516.jpg 780w, https:\/\/www.planbnoticias.com.ar\/wp-content\/uploads\/2026\/04\/mariano-alfageme-585x387.jpg 585w, https:\/\/www.planbnoticias.com.ar\/wp-content\/uploads\/2026\/04\/mariano-alfageme-263x175.jpg 263w\" sizes=\"(max-width: 1643px) 100vw, 1643px\" \/><\/p>\n<p>\u201cPara nosotros, aunque no hubi\u00e9semos llegado todav\u00eda a la despenalizaci\u00f3n y legalizaci\u00f3n del aborto, hab\u00eda recursos con el art\u00edculo 86 del C\u00f3digo Penal, que no pun\u00edan los abortos no punibles, justamente por razones de salud y por la raz\u00f3n de un embarazo, por ejemplo, producto de una violaci\u00f3n, tambi\u00e9n consideraba que deb\u00eda ser acompa\u00f1ado si la persona decid\u00eda interrumpirlo. Con estos elementos fuimos trabajando este concepto de que deb\u00edamos lograr para la poblaci\u00f3n de la Pampa y del pa\u00eds el aborto seguro, como un derecho humano\u201d, record\u00f3 Rodr\u00edguez.<\/p>\n<p>Consultada sobre si el aborto ya es un tema saldado por la sociedad, Rodr\u00edguez dijo que por ley est\u00e1 consolidado. \u201cPero nosotras lo sabemos, sabemos, las leyes no solamente hay que aprobarlas, despu\u00e9s hay que implementarlas. Tuvimos un periodo de muy buena implementaci\u00f3n a nivel pa\u00eds que se acab\u00f3 en el 2023. A fines del 2023 ya estaba anunciada que la nueva gesti\u00f3n nacional no iba a acompa\u00f1ar, es m\u00e1s \u2014de hecho\u2014 todo el movimiento de mujeres incluyendo este derecho tan caro para nosotras, tan trabajado en su conquista, iba a tener dificultades. Y las tiene en casi todo el pa\u00eds porque no se les acercan los insumos a las provincias como deber\u00eda ser\u201d.<\/p>\n<p>\u201cNosotras estamos en una provincia donde asumi\u00f3 desde siempre, desde muy temprano, que iba a acompa\u00f1ar la implementaci\u00f3n de la ley y la est\u00e1 cubriendo con los recursos provinciales y env\u00edan mensajes claros de que se va a trabajar y se va a seguir trabajando sobre esto\u201d, resalt\u00f3 Rodr\u00edguez.<\/p>\n<p>\u201cPero nosotras estamos alertas en todo el pa\u00eds y trabajando activamente. En el d\u00eda de ayer tuvimos tambi\u00e9n algo que fue muy observado por todas las organizaciones del pa\u00eds que es evitar que las mujeres sean criminalizadas cuando toman la decisi\u00f3n de interrumpir una gestaci\u00f3n. Ayer una mujer logr\u00f3 recuperar despu\u00e9s de 14 a\u00f1os de prisi\u00f3n la libertad, luego de la revisi\u00f3n de un fallo que la hab\u00eda acusado hace ya varios a\u00f1os y la hab\u00eda condenado a la cadena perpetua. Ese es el producto de seguirse manteniendo unidas y trabajando por los derechos de las mujeres en todo el pa\u00eds\u201d, destac\u00f3 Rodr\u00edguez.<\/p>\n<p><b>El fallo que se conoci\u00f3 ayer<\/b><\/p>\n<p>El Tribunal Superior de Justicia de C\u00f3rdoba resolvi\u00f3 el martes dejar sin efecto la prisi\u00f3n perpetua impuesta en 2015 a Paola Ver\u00f3nica Ortiz por la muerte de su hija reci\u00e9n nacida y fijarle una pena de 13 a\u00f1os, 9 meses y 26 d\u00edas, equivalente al tiempo que ya llevaba detenida.<\/p>\n<p>El m\u00e1ximo tribunal provincial orden\u00f3 su inmediata liberaci\u00f3n y remiti\u00f3 las actuaciones, con car\u00e1cter urgente, a la C\u00e1mara en lo Criminal y Correccional de Villa Mar\u00eda para que se efectivice la medida.<\/p>\n<p>Ortiz, de 29 a\u00f1os al momento de los hechos, hab\u00eda sido condenada por homicidio calificado por el v\u00ednculo. El episodio ocurri\u00f3 el 31 de octubre de 2012 en Villa Nueva, en el departamento de General San Mart\u00edn.<\/p>\n<p>Seg\u00fan aquella sentencia, la C\u00e1mara consider\u00f3 acreditado que la beba naci\u00f3 con vida y que la mujer no cort\u00f3 el cord\u00f3n umbilical ni busc\u00f3 asistencia m\u00e9dica. La causa hab\u00eda llegado a juicio como abandono de persona seguido de muerte, pero durante el debate se modific\u00f3 la calificaci\u00f3n y se aplic\u00f3 la pena m\u00e1xima.<\/p>\n<p>El fallo firmado por los jueces Sebasti\u00e1n Cruz L\u00f3pez Pe\u00f1a, A\u00edda Tarditti y Mar\u00eda Marta C\u00e1ceres de Bollati no absolvi\u00f3 a Ortiz. La declar\u00f3 responsable del mismo delito, aunque mediando circunstancias extraordinarias de atenuaci\u00f3n.<\/p>\n<p>Por unanimidad, el tribunal entendi\u00f3 que la condena de 2015 se dict\u00f3 sin valorar el contexto de pobreza, violencia, precariedad habitacional y aislamiento social que atravesaba la imputada. Por mayor\u00eda, en cambio, rechaz\u00f3 un nuevo informe m\u00e9dico presentado por la defensa: consider\u00f3 que no era un elemento de prueba novedoso, sino una reinterpretaci\u00f3n de pericias ya analizadas en el juicio.<\/p>\n<p>La revisi\u00f3n lleg\u00f3 despu\u00e9s de un recurso presentado el 22 de abril de 2024 por las abogadas Julia Alejandra Luna y Roc\u00edo Pilar Garc\u00eda Garro, de la Guardia de Abogadas Feministas de Cat\u00f3licas por el Derecho a Decidir, que tomaron la causa a fines de 2022.<\/p>\n<p>El planteo se sostuvo en dos ejes: la incorporaci\u00f3n de aquel informe obst\u00e9trico y la exigencia de juzgar con los est\u00e1ndares de perspectiva de g\u00e9nero que el propio tribunal desarroll\u00f3 en fallos posteriores.<\/p>\n<p>En 2012, Ortiz era madre de tres hijos, no hab\u00eda completado la escuela primaria, no ten\u00eda empleo formal y viv\u00eda en una habitaci\u00f3n prestada. Pericias de la \u00e9poca describieron una personalidad fr\u00e1gil e inmadura y un estado que, seg\u00fan esas evaluaciones, le imped\u00eda dimensionar racionalmente el peligro durante el parto. Cumpli\u00f3 la mayor parte de la detenci\u00f3n en el penal de Bouwer.<\/p>\n<p>Horas despu\u00e9s de conocida la sentencia, las defensoras viajaron a Bouwer para comunicarle la decisi\u00f3n. Garc\u00eda Garro subray\u00f3 que lo central era la libertad inmediata de una persona que estaba condenada a perpetua. Luna, por su parte, interpret\u00f3 el fallo como un avance tambi\u00e9n para otras mujeres juzgadas por emergencias obst\u00e9tricas.<\/p>\n","protected":false},"excerpt":{"rendered":"<p>El Foro celebra dos d\u00e9cadas de organizaci\u00f3n y militancia por el aborto seguro, legal y gratuito. M\u00f3nica Rodr\u00edguez destac\u00f3 su participaci\u00f3n en debates legislativos y advirti\u00f3 sobre las dificultades actuales&hellip;<\/p>\n","protected":false},"author":3,"featured_media":512082,"comment_status":"closed","ping_status":"open","sticky":false,"template":"","format":"standard","meta":{"footnotes":""},"categories":[4,7],"tags":[],"class_list":["post-512081","post","type-post","status-publish","format-standard","has-post-thumbnail","hentry","category-ciudad","category-destacadas"],"jetpack_featured_media_url":"https:\/\/www.planbnoticias.com.ar\/wp-content\/uploads\/2026\/09\/foro-pampeano-aborto-seguro-legal-gratuito.avif","_links":{"self":[{"href":"https:\/\/www.planbnoticias.com.ar\/index.php\/wp-json\/wp\/v2\/posts\/512081","targetHints":{"allow":["GET"]}}],"collection":[{"href":"https:\/\/www.planbnoticias.com.ar\/index.php\/wp-json\/wp\/v2\/posts"}],"about":[{"href":"https:\/\/www.planbnoticias.com.ar\/index.php\/wp-json\/wp\/v2\/types\/post"}],"author":[{"embeddable":true,"href":"https:\/\/www.planbnoticias.com.ar\/index.php\/wp-json\/wp\/v2\/users\/3"}],"replies":[{"embeddable":true,"href":"https:\/\/www.planbnoticias.com.ar\/index.php\/wp-json\/wp\/v2\/comments?post=512081"}],"version-history":[{"count":4,"href":"https:\/\/www.planbnoticias.com.ar\/index.php\/wp-json\/wp\/v2\/posts\/512081\/revisions"}],"predecessor-version":[{"id":512090,"href":"https:\/\/www.planbnoticias.com.ar\/index.php\/wp-json\/wp\/v2\/posts\/512081\/revisions\/512090"}],"wp:featuredmedia":[{"embeddable":true,"href":"https:\/\/www.planbnoticias.com.ar\/index.php\/wp-json\/wp\/v2\/media\/512082"}],"wp:attachment":[{"href":"https:\/\/www.planbnoticias.com.ar\/index.php\/wp-json\/wp\/v2\/media?parent=512081"}],"wp:term":[{"taxonomy":"category","embeddable":true,"href":"https:\/\/www.planbnoticias.com.ar\/index.php\/wp-json\/wp\/v2\/categories?post=512081"},{"taxonomy":"post_tag","embeddable":true,"href":"https:\/\/www.planbnoticias.com.ar\/index.php\/wp-json\/wp\/v2\/tags?post=512081"}],"curies":[{"name":"wp","href":"https:\/\/api.w.org\/{rel}","templated":true}]}}