{"id":512085,"date":"2026-09-02T10:50:19","date_gmt":"2026-09-02T13:50:19","guid":{"rendered":"https:\/\/www.planbnoticias.com.ar\/?p=512085"},"modified":"2026-09-02T10:50:19","modified_gmt":"2026-09-02T13:50:19","slug":"presentaron-un-manual-para-mejorar-el-diseno-y-la-planificacion-de-los-espacios-publicos","status":"publish","type":"post","link":"https:\/\/www.planbnoticias.com.ar\/index.php\/2026\/09\/02\/presentaron-un-manual-para-mejorar-el-diseno-y-la-planificacion-de-los-espacios-publicos\/","title":{"rendered":"Presentaron un manual para mejorar el dise\u00f1o y la planificaci\u00f3n de los espacios p\u00fablicos"},"content":{"rendered":"<p><img fetchpriority=\"high\" decoding=\"async\" class=\"alignnone size-full wp-image-512086\" src=\"https:\/\/www.planbnoticias.com.ar\/wp-content\/uploads\/2026\/09\/maria-de-los-angeles-perez-brusco.avif\" alt=\"\" width=\"1280\" height=\"960\" srcset=\"https:\/\/www.planbnoticias.com.ar\/wp-content\/uploads\/2026\/09\/maria-de-los-angeles-perez-brusco.avif 1280w, https:\/\/www.planbnoticias.com.ar\/wp-content\/uploads\/2026\/09\/maria-de-los-angeles-perez-brusco-300x225.avif 300w, https:\/\/www.planbnoticias.com.ar\/wp-content\/uploads\/2026\/09\/maria-de-los-angeles-perez-brusco-1024x768.avif 1024w, https:\/\/www.planbnoticias.com.ar\/wp-content\/uploads\/2026\/09\/maria-de-los-angeles-perez-brusco-768x576.avif 768w, https:\/\/www.planbnoticias.com.ar\/wp-content\/uploads\/2026\/09\/maria-de-los-angeles-perez-brusco-1170x878.avif 1170w, https:\/\/www.planbnoticias.com.ar\/wp-content\/uploads\/2026\/09\/maria-de-los-angeles-perez-brusco-585x439.avif 585w\" sizes=\"(max-width: 1280px) 100vw, 1280px\" \/><\/p>\n<p>La arquitecta Mar\u00eda de los \u00c1ngeles P\u00e9rez Brusco present\u00f3 en el Concejo Deliberante una propuesta elaborada por OBRARQ que incorpora diagn\u00f3stico, participaci\u00f3n vecinal y evaluaci\u00f3n para planificar plazas, bulevares y veredas.<\/p>\n<p>Mar\u00eda de los \u00c1ngeles P\u00e9rez Brusco, referente de OBRARQ, estuvo este mi\u00e9rcoles en el Concejo Deliberante, donde present\u00f3 un manual de criterio para el dise\u00f1o de espacios p\u00fablicos.<\/p>\n<p>\u201cEl motivo de mi presencia es que desde OBRARQ presentamos un manual de criterio para el dise\u00f1o de espacios p\u00fablicos, basado en la charla que se brind\u00f3 el 4 de agosto, con el arquitecto y urbanista \u00c1lvaro Garc\u00eda Resta y como fue declarado de Inter\u00e9s Municipal, armamos un manual como forma de devoluci\u00f3n a la municipalidad\u201d, dijo a Plan B.<\/p>\n<p>\u201cNos parec\u00eda que era interesante que se empiecen a usar algunos criterios. Y si otros municipios se sumen, ser\u00eda hermoso\u201d, agreg\u00f3.<\/p>\n<p>\u201cLos criterios son contar con un orden de etapas antes de iniciar una obra. Esas etapas incluyen el diagn\u00f3stico, la participaci\u00f3n de instituciones y vecinos y de las personas de inter\u00e9s, para armar un programa de necesidades y, en base a eso, proyectar el espacio\u201d, explic\u00f3 Mar\u00eda de los \u00c1ngeles.<\/p>\n<p>Consultada sobre c\u00f3mo se relaciona el manual con las pol\u00edticas p\u00fablicas de la municipalidad en las obras que lleva adelante, Mar\u00eda de los \u00c1ngeles dijo que la idea es que sea complementario con los c\u00f3digos existentes. \u201cYa sea en Planeamiento Urbano, como el de Edificaci\u00f3n. No pisa ning\u00fan c\u00f3digo, sino que lo complementa\u201d.<\/p>\n<p>En referencia a la actual gesti\u00f3n de espacios p\u00fablicos por parte del municipio, para Mar\u00eda de los \u00c1ngeles, pueden faltar diagn\u00f3sticos con la participaci\u00f3n ciudadana y de vecinos. \u201cEso genera, que haya desencuentros en c\u00f3mo funcionan esos espacios. Lo que pretende esto es no solo hacer un diagn\u00f3stico, sino tambi\u00e9n una evaluaci\u00f3n de esos espacios que se proyecten y, en base a eso, en la evaluaci\u00f3n que se realice, ver si el lugar funciona o no, si se pretendi\u00f3 otra cosa, o si cuando se llev\u00f3 a la pr\u00e1ctica, hubo alg\u00fan inconveniente que se pueda mejorar. No es un sistema cerrado ni un manual que brinda soluciones espec\u00edficas, sino que brinda criterios para el dise\u00f1o\u201d.<\/p>\n<p><script async src=\"\/\/pagead2.googlesyndication.com\/pagead\/js\/adsbygoogle.js\"><\/script><\/p>\n<p><!-- Publi m\u00f3vil interior nota --><\/p>\n<p>&nbsp;<\/p>\n<p><script><\/p>\n<p>(adsbygoogle = window.adsbygoogle || []).push({});<\/p>\n<p><\/script><\/p>\n<p><b>En cuanto a las expectativas que el municipio tome en cuenta este manual de criterios, P\u00e9rez Brusco dijo que son buenas. <\/b>\u201cEn realidad, es sumar, mejorar la calidad de los espacios, de plazas, bulevares, veredas, que se pueden contemplar, para mejorar el uso para todos\u201d.<\/p>\n<p><b>Consultada por el proyecto del Parque Lineal, Mar\u00eda de los \u00c1ngeles dijo desconocer los criterios y la forma en que se dise\u00f1\u00f3. <\/b>\u201cCreo que podr\u00eda ser viable incorporarlo en un proyecto que ya se est\u00e9 realizando. Se pueden analizar los anexos, que tambi\u00e9n proponemos y que incluyen la evaluaci\u00f3n del proyecto y lo que pasa, lo que opinan los vecinos. En base a eso, tiene una soluci\u00f3n a corto, mediano y largo plazo. Es cuesti\u00f3n de utilizar las herramientas\u201d.<\/p>\n<p><b>Acerca de OBRARQ<\/b><\/p>\n<p>OBRARQ nace con una idea simple y a la vez poderosa: construir tambi\u00e9n es encontrarse. Es un ciclo de encuentros que re\u00fane a profesionales, empresas, estudiantes y referentes del sector para compartir experiencias, tendencias, innovaci\u00f3n y herramientas.<\/p>\n<p>El enfoque est\u00e1 puesto en elevar la calidad de la construcci\u00f3n teniendo en cuenta particularmente las caracter\u00edsticas de nuestra zona, en La Pampa. M\u00e1s que un evento, OBRARQ busca consolidar una comunidad donde las conversaciones generen nuevas ideas, oportunidades y v\u00ednculos.<\/p>\n","protected":false},"excerpt":{"rendered":"<p>La arquitecta Mar\u00eda de los \u00c1ngeles P\u00e9rez Brusco present\u00f3 en el Concejo Deliberante una propuesta elaborada por OBRARQ que incorpora diagn\u00f3stico, participaci\u00f3n vecinal y evaluaci\u00f3n para planificar plazas, bulevares y&hellip;<\/p>\n","protected":false},"author":3,"featured_media":512086,"comment_status":"closed","ping_status":"open","sticky":false,"template":"","format":"standard","meta":{"footnotes":""},"categories":[4],"tags":[],"class_list":["post-512085","post","type-post","status-publish","format-standard","has-post-thumbnail","hentry","category-ciudad"],"jetpack_featured_media_url":"https:\/\/www.planbnoticias.com.ar\/wp-content\/uploads\/2026\/09\/maria-de-los-angeles-perez-brusco.avif","_links":{"self":[{"href":"https:\/\/www.planbnoticias.com.ar\/index.php\/wp-json\/wp\/v2\/posts\/512085","targetHints":{"allow":["GET"]}}],"collection":[{"href":"https:\/\/www.planbnoticias.com.ar\/index.php\/wp-json\/wp\/v2\/posts"}],"about":[{"href":"https:\/\/www.planbnoticias.com.ar\/index.php\/wp-json\/wp\/v2\/types\/post"}],"author":[{"embeddable":true,"href":"https:\/\/www.planbnoticias.com.ar\/index.php\/wp-json\/wp\/v2\/users\/3"}],"replies":[{"embeddable":true,"href":"https:\/\/www.planbnoticias.com.ar\/index.php\/wp-json\/wp\/v2\/comments?post=512085"}],"version-history":[{"count":1,"href":"https:\/\/www.planbnoticias.com.ar\/index.php\/wp-json\/wp\/v2\/posts\/512085\/revisions"}],"predecessor-version":[{"id":512087,"href":"https:\/\/www.planbnoticias.com.ar\/index.php\/wp-json\/wp\/v2\/posts\/512085\/revisions\/512087"}],"wp:featuredmedia":[{"embeddable":true,"href":"https:\/\/www.planbnoticias.com.ar\/index.php\/wp-json\/wp\/v2\/media\/512086"}],"wp:attachment":[{"href":"https:\/\/www.planbnoticias.com.ar\/index.php\/wp-json\/wp\/v2\/media?parent=512085"}],"wp:term":[{"taxonomy":"category","embeddable":true,"href":"https:\/\/www.planbnoticias.com.ar\/index.php\/wp-json\/wp\/v2\/categories?post=512085"},{"taxonomy":"post_tag","embeddable":true,"href":"https:\/\/www.planbnoticias.com.ar\/index.php\/wp-json\/wp\/v2\/tags?post=512085"}],"curies":[{"name":"wp","href":"https:\/\/api.w.org\/{rel}","templated":true}]}}