{"id":512099,"date":"2026-09-02T11:49:29","date_gmt":"2026-09-02T14:49:29","guid":{"rendered":"https:\/\/www.planbnoticias.com.ar\/?p=512099"},"modified":"2026-09-02T13:15:22","modified_gmt":"2026-09-02T16:15:22","slug":"el-transito-esta-interrumpido-fallecio-una-persona-en-un-choque-frontal-en-la-ruta-nacional-5","status":"publish","type":"post","link":"https:\/\/www.planbnoticias.com.ar\/index.php\/2026\/09\/02\/el-transito-esta-interrumpido-fallecio-una-persona-en-un-choque-frontal-en-la-ruta-nacional-5\/","title":{"rendered":"Un muerto y un herido de gravedad por un choque frontal en la Ruta Nacional 5"},"content":{"rendered":"<p><img fetchpriority=\"high\" decoding=\"async\" class=\"alignnone size-full wp-image-512100\" src=\"https:\/\/www.planbnoticias.com.ar\/wp-content\/uploads\/2026\/09\/siniestro-fatal-ruta5.avif\" alt=\"\" width=\"1600\" height=\"1200\" srcset=\"https:\/\/www.planbnoticias.com.ar\/wp-content\/uploads\/2026\/09\/siniestro-fatal-ruta5.avif 1600w, https:\/\/www.planbnoticias.com.ar\/wp-content\/uploads\/2026\/09\/siniestro-fatal-ruta5-300x225.avif 300w, https:\/\/www.planbnoticias.com.ar\/wp-content\/uploads\/2026\/09\/siniestro-fatal-ruta5-1024x768.avif 1024w, https:\/\/www.planbnoticias.com.ar\/wp-content\/uploads\/2026\/09\/siniestro-fatal-ruta5-768x576.avif 768w, https:\/\/www.planbnoticias.com.ar\/wp-content\/uploads\/2026\/09\/siniestro-fatal-ruta5-1536x1152.avif 1536w, https:\/\/www.planbnoticias.com.ar\/wp-content\/uploads\/2026\/09\/siniestro-fatal-ruta5-1170x878.avif 1170w, https:\/\/www.planbnoticias.com.ar\/wp-content\/uploads\/2026\/09\/siniestro-fatal-ruta5-585x439.avif 585w\" sizes=\"(max-width: 1600px) 100vw, 1600px\" \/><\/p>\n<p>El choque fue entre un Ford Focus y un Vw Gold Trend. Una persona falleci\u00f3 en el lugar y otra fue trasladada de urgencia a Santa Rosa. El tr\u00e1nsito se encuentra interrumpido.<\/p>\n<p>Este mi\u00e9rcoles se produjo un nuevo siniestro vial en las rutas pampeanas, en\u00a0 la Ruta Nacional 5, a la altura del kil\u00f3metro 569, entre la localidad de Anguil y el cruce con la Ruta Provincial 7.<\/p>\n<p>Seg\u00fan las primeras informaciones, una\u00a0 persona falleci\u00f3 en el lugar y otra se encuentra en grave estado luego del choque frontal un Ford Focus y un Vw Gold Trend, en la Ruta Nacional 5, a la altura del kil\u00f3metro 569, entre la localidad de Anguil y el cruce con la Ruta Provincial 7.<\/p>\n<p><script async src=\"\/\/pagead2.googlesyndication.com\/pagead\/js\/adsbygoogle.js\"><\/script><br \/>\n<!-- Publi m\u00f3vil interior nota --><br \/>\n<ins class=\"adsbygoogle\" style=\"display: inline-btiembrepblock; width: 320px; height: 100px;\" data-ad-client=\"ca-pub-7250018434179914\" data-ad-slot=\"1040343543\"><\/ins><br \/>\n<script>\n(adsbygoogle = window.adsbygoogle || []).push({});\n<\/script><\/p>\n<p>Por circunstancias que se intentan establecer, los veh\u00edculos chocaron de frente.En el lugar trabaja el personal policial, bomberos y equipos m\u00e9dicos de emergencia.<\/p>\n<p><img decoding=\"async\" class=\"alignnone size-full wp-image-512101\" src=\"https:\/\/www.planbnoticias.com.ar\/wp-content\/uploads\/2026\/09\/siniestro-fatal-ruta52.avif\" alt=\"\" width=\"1600\" height=\"1200\" srcset=\"https:\/\/www.planbnoticias.com.ar\/wp-content\/uploads\/2026\/09\/siniestro-fatal-ruta52.avif 1600w, https:\/\/www.planbnoticias.com.ar\/wp-content\/uploads\/2026\/09\/siniestro-fatal-ruta52-300x225.avif 300w, https:\/\/www.planbnoticias.com.ar\/wp-content\/uploads\/2026\/09\/siniestro-fatal-ruta52-1024x768.avif 1024w, https:\/\/www.planbnoticias.com.ar\/wp-content\/uploads\/2026\/09\/siniestro-fatal-ruta52-768x576.avif 768w, https:\/\/www.planbnoticias.com.ar\/wp-content\/uploads\/2026\/09\/siniestro-fatal-ruta52-1536x1152.avif 1536w, https:\/\/www.planbnoticias.com.ar\/wp-content\/uploads\/2026\/09\/siniestro-fatal-ruta52-1170x878.avif 1170w, https:\/\/www.planbnoticias.com.ar\/wp-content\/uploads\/2026\/09\/siniestro-fatal-ruta52-585x439.avif 585w\" sizes=\"(max-width: 1600px) 100vw, 1600px\" \/><\/p>\n<p>Desde la polic\u00eda provincial solicitaron a los conductores extrema precauci\u00f3n, acatar las indicaciones del personal policial en los desv\u00edos y mantener la paciencia ante las demoras.<\/p>\n","protected":false},"excerpt":{"rendered":"<p>El choque fue entre un Ford Focus y un Vw Gold Trend. Una persona falleci\u00f3 en el lugar y otra fue trasladada de urgencia a Santa Rosa. El tr\u00e1nsito se&hellip;<\/p>\n","protected":false},"author":3,"featured_media":512101,"comment_status":"closed","ping_status":"open","sticky":false,"template":"","format":"standard","meta":{"footnotes":""},"categories":[7,13,15],"tags":[],"class_list":["post-512099","post","type-post","status-publish","format-standard","has-post-thumbnail","hentry","category-destacadas","category-provincia","category-tapa"],"jetpack_featured_media_url":"https:\/\/www.planbnoticias.com.ar\/wp-content\/uploads\/2026\/09\/siniestro-fatal-ruta52.avif","_links":{"self":[{"href":"https:\/\/www.planbnoticias.com.ar\/index.php\/wp-json\/wp\/v2\/posts\/512099","targetHints":{"allow":["GET"]}}],"collection":[{"href":"https:\/\/www.planbnoticias.com.ar\/index.php\/wp-json\/wp\/v2\/posts"}],"about":[{"href":"https:\/\/www.planbnoticias.com.ar\/index.php\/wp-json\/wp\/v2\/types\/post"}],"author":[{"embeddable":true,"href":"https:\/\/www.planbnoticias.com.ar\/index.php\/wp-json\/wp\/v2\/users\/3"}],"replies":[{"embeddable":true,"href":"https:\/\/www.planbnoticias.com.ar\/index.php\/wp-json\/wp\/v2\/comments?post=512099"}],"version-history":[{"count":5,"href":"https:\/\/www.planbnoticias.com.ar\/index.php\/wp-json\/wp\/v2\/posts\/512099\/revisions"}],"predecessor-version":[{"id":512106,"href":"https:\/\/www.planbnoticias.com.ar\/index.php\/wp-json\/wp\/v2\/posts\/512099\/revisions\/512106"}],"wp:featuredmedia":[{"embeddable":true,"href":"https:\/\/www.planbnoticias.com.ar\/index.php\/wp-json\/wp\/v2\/media\/512101"}],"wp:attachment":[{"href":"https:\/\/www.planbnoticias.com.ar\/index.php\/wp-json\/wp\/v2\/media?parent=512099"}],"wp:term":[{"taxonomy":"category","embeddable":true,"href":"https:\/\/www.planbnoticias.com.ar\/index.php\/wp-json\/wp\/v2\/categories?post=512099"},{"taxonomy":"post_tag","embeddable":true,"href":"https:\/\/www.planbnoticias.com.ar\/index.php\/wp-json\/wp\/v2\/tags?post=512099"}],"curies":[{"name":"wp","href":"https:\/\/api.w.org\/{rel}","templated":true}]}}