{"id":512107,"date":"2026-09-02T12:05:43","date_gmt":"2026-09-02T15:05:43","guid":{"rendered":"https:\/\/www.planbnoticias.com.ar\/?p=512107"},"modified":"2026-09-02T13:14:27","modified_gmt":"2026-09-02T16:14:27","slug":"adelanto-ziliotto-recibio-a-los-jubilados-que-marchan-los-miercoles","status":"publish","type":"post","link":"https:\/\/www.planbnoticias.com.ar\/index.php\/2026\/09\/02\/adelanto-ziliotto-recibio-a-los-jubilados-que-marchan-los-miercoles\/","title":{"rendered":"Piden al gobernador que ponga en los recibos de jubilados que la Provincia se hace cargo de lo que no les paga Milei"},"content":{"rendered":"<p><img fetchpriority=\"high\" decoding=\"async\" class=\"alignnone size-full wp-image-512108\" src=\"https:\/\/www.planbnoticias.com.ar\/wp-content\/uploads\/2026\/09\/jubilados-con-ziliotto.jpeg\" alt=\"\" width=\"1600\" height=\"1200\" srcset=\"https:\/\/www.planbnoticias.com.ar\/wp-content\/uploads\/2026\/09\/jubilados-con-ziliotto.jpeg 1600w, https:\/\/www.planbnoticias.com.ar\/wp-content\/uploads\/2026\/09\/jubilados-con-ziliotto-300x225.jpeg 300w, https:\/\/www.planbnoticias.com.ar\/wp-content\/uploads\/2026\/09\/jubilados-con-ziliotto-1024x768.jpeg 1024w, https:\/\/www.planbnoticias.com.ar\/wp-content\/uploads\/2026\/09\/jubilados-con-ziliotto-768x576.jpeg 768w, https:\/\/www.planbnoticias.com.ar\/wp-content\/uploads\/2026\/09\/jubilados-con-ziliotto-1536x1152.jpeg 1536w, https:\/\/www.planbnoticias.com.ar\/wp-content\/uploads\/2026\/09\/jubilados-con-ziliotto-1170x878.jpeg 1170w, https:\/\/www.planbnoticias.com.ar\/wp-content\/uploads\/2026\/09\/jubilados-con-ziliotto-585x439.jpeg 585w\" sizes=\"(max-width: 1600px) 100vw, 1600px\" \/><\/p>\n<p>El gobernador de La Pampa se reuni\u00f3 esta ma\u00f1ana con referentes pampeanos de la marcha de cada mi\u00e9rcoles en reclamo de la actualizaci\u00f3n previsional nacional y contra el ajuste del gobierno libertario.<\/p>\n<p>Un grupo de jubilados le plante\u00f3 al Gobernador que la Provincia deber\u00eda poner en el recibo de sueldo que ellos perciben, una leyenda en la <strong>que quede claro que La Pampa se est\u00e1 haciendo cargo de lo que Naci\u00f3n no paga.<\/strong><\/p>\n<p>\u201cNosotros le pedimos una audiencia al gobernador para plantearle algunas cuestiones, no para pedirle nada, sino para plantearle algunas cuestiones que vemos nosotros en la calle\u201d, cont\u00f3 uno de los integrantes de la Coordinadora de personas jubiladas y pensionadas de La Pampa.<\/p>\n<p><script async src=\"\/\/pagead2.googlesyndication.com\/pagead\/js\/adsbygoogle.js\"><\/script><br \/>\n<!-- Publi m\u00f3vil interior nota --><br \/>\n<ins class=\"adsbygoogle\" style=\"display: inline-block; width: 320px; height: 100px;\" data-ad-client=\"ca-pub-7250018434179914\" data-ad-slot=\"1040343543\"><\/ins><br \/>\n<script>\n(adsbygoogle = window.adsbygoogle || []).push({});\n<\/script><\/p>\n<p>\u201cNo todos los jubilados toman conciencia de la realidad y creen que ac\u00e1 en La Pampa, la provincia les va a solucionar todos los temas y en realidad las arcas provinciales tienen un l\u00edmite\u201d, a\u00f1adi\u00f3.<\/p>\n<p>\u201c<strong>Le planteamos que la Provincia deber\u00eda poner en el recibo de sueldos que el 12% que se tendr\u00eda que hacer cargo Naci\u00f3n, que tendr\u00eda que pagar Naci\u00f3n, no lo paga y que lo tiene que pagar la provincia\u201d<\/strong>, a\u00f1adi\u00f3.<\/p>\n<p>\u201cY la provincia pone la plata, y lo mismo que con los medicamentos, porque se sac\u00f3 el plan Remediar y los medicamentos en el hospital los siguen dando\u201d, destac\u00f3.<\/p>\n<p>Otros temas<\/p>\n<p>Caso cont\u00f3 que tambi\u00e9n le preguntaron al gobernador por las viviendas para adultos mayores, a lo que les respondi\u00f3 que se estaban construyendo pero que iban lento por una cuesti\u00f3n econ\u00f3mica, \u201ctotalmente comprensible\u201d.<\/p>\n<p>Tambi\u00e9n le solicitaron la posibilidad de abrir una caja de ahorro sin costo en el Banco de La Pampa con \u201cun descuento comprando con d\u00e9bito en los comercios de cercan\u00eda\u201d.<\/p>\n<p>\u201cUn poco el sistema que tiene la tarjeta de cr\u00e9dito, pero con la de d\u00e9bito. Despu\u00e9s hablamos de otros temas generales, la realidad del pa\u00eds, de la cuesti\u00f3n salarial y algunas otras cosas m\u00e1s, de la seguridad\u201d, finaliz\u00f3.<\/p>\n<p>&nbsp;<\/p>\n","protected":false},"excerpt":{"rendered":"<p>El gobernador de La Pampa se reuni\u00f3 esta ma\u00f1ana con referentes pampeanos de la marcha de cada mi\u00e9rcoles en reclamo de la actualizaci\u00f3n previsional nacional y contra el ajuste del&hellip;<\/p>\n","protected":false},"author":2,"featured_media":512108,"comment_status":"closed","ping_status":"open","sticky":false,"template":"","format":"standard","meta":{"footnotes":""},"categories":[13,15],"tags":[],"class_list":["post-512107","post","type-post","status-publish","format-standard","has-post-thumbnail","hentry","category-provincia","category-tapa"],"jetpack_featured_media_url":"https:\/\/www.planbnoticias.com.ar\/wp-content\/uploads\/2026\/09\/jubilados-con-ziliotto.jpeg","_links":{"self":[{"href":"https:\/\/www.planbnoticias.com.ar\/index.php\/wp-json\/wp\/v2\/posts\/512107","targetHints":{"allow":["GET"]}}],"collection":[{"href":"https:\/\/www.planbnoticias.com.ar\/index.php\/wp-json\/wp\/v2\/posts"}],"about":[{"href":"https:\/\/www.planbnoticias.com.ar\/index.php\/wp-json\/wp\/v2\/types\/post"}],"author":[{"embeddable":true,"href":"https:\/\/www.planbnoticias.com.ar\/index.php\/wp-json\/wp\/v2\/users\/2"}],"replies":[{"embeddable":true,"href":"https:\/\/www.planbnoticias.com.ar\/index.php\/wp-json\/wp\/v2\/comments?post=512107"}],"version-history":[{"count":7,"href":"https:\/\/www.planbnoticias.com.ar\/index.php\/wp-json\/wp\/v2\/posts\/512107\/revisions"}],"predecessor-version":[{"id":512124,"href":"https:\/\/www.planbnoticias.com.ar\/index.php\/wp-json\/wp\/v2\/posts\/512107\/revisions\/512124"}],"wp:featuredmedia":[{"embeddable":true,"href":"https:\/\/www.planbnoticias.com.ar\/index.php\/wp-json\/wp\/v2\/media\/512108"}],"wp:attachment":[{"href":"https:\/\/www.planbnoticias.com.ar\/index.php\/wp-json\/wp\/v2\/media?parent=512107"}],"wp:term":[{"taxonomy":"category","embeddable":true,"href":"https:\/\/www.planbnoticias.com.ar\/index.php\/wp-json\/wp\/v2\/categories?post=512107"},{"taxonomy":"post_tag","embeddable":true,"href":"https:\/\/www.planbnoticias.com.ar\/index.php\/wp-json\/wp\/v2\/tags?post=512107"}],"curies":[{"name":"wp","href":"https:\/\/api.w.org\/{rel}","templated":true}]}}