{"id":512119,"date":"2026-09-02T13:03:33","date_gmt":"2026-09-02T16:03:33","guid":{"rendered":"https:\/\/www.planbnoticias.com.ar\/?p=512119"},"modified":"2026-09-02T13:03:33","modified_gmt":"2026-09-02T16:03:33","slug":"reprograman-corte-de-energia-en-el-barrio-las-camelias-para-el-viernes","status":"publish","type":"post","link":"https:\/\/www.planbnoticias.com.ar\/index.php\/2026\/09\/02\/reprograman-corte-de-energia-en-el-barrio-las-camelias-para-el-viernes\/","title":{"rendered":"Reprograman corte de energ\u00eda en el barrio Las Camelias para el viernes"},"content":{"rendered":"<p><img fetchpriority=\"high\" decoding=\"async\" class=\"alignnone size-full wp-image-483613\" src=\"https:\/\/www.planbnoticias.com.ar\/wp-content\/uploads\/2025\/12\/luz-corte.jpg\" alt=\"\" width=\"956\" height=\"669\" srcset=\"https:\/\/www.planbnoticias.com.ar\/wp-content\/uploads\/2025\/12\/luz-corte.jpg 956w, https:\/\/www.planbnoticias.com.ar\/wp-content\/uploads\/2025\/12\/luz-corte-300x210.jpg 300w, https:\/\/www.planbnoticias.com.ar\/wp-content\/uploads\/2025\/12\/luz-corte-768x537.jpg 768w, https:\/\/www.planbnoticias.com.ar\/wp-content\/uploads\/2025\/12\/luz-corte-585x409.jpg 585w\" sizes=\"(max-width: 956px) 100vw, 956px\" \/><\/p>\n<p>El corte del suministro el\u00e9ctrico previsto para este jueves 3 de septiembre en el barrio Las Camelias, se reprograma para el viernes 4, entre las 9:00 y las 12:00 horas.<\/p>\n<p>La interrupci\u00f3n del servicio ser\u00e1 en la zona comprendida por la avenida Per\u00f3n, Jazmines, Azurduy y el acceso Sur a Ciudad Judicial, edificio que no se ver\u00e1 afectado.<\/p>\n<p><script async src=\"\/\/pagead2.googlesyndication.com\/pagead\/js\/adsbygoogle.js\"><\/script><br \/>\n<!-- Publi m\u00f3vil interior nota --><br \/>\n<ins class=\"adsbygoogle\" style=\"display: inline-btiembrepblock; width: 320px; height: 100px;\" data-ad-client=\"ca-pub-7250018434179914\" data-ad-slot=\"1040343543\"><\/ins><br \/>\n<script>\n(adsbygoogle = window.adsbygoogle || []).push({});\n<\/script><\/p>\n<p>El corte se realiza para que personal de la Municipalidad de Santa Rosa pueda realizar tareas de mantenimiento en el sistema de bombeo de la laguna Don Tom\u00e1s. Los trabajos se suspender\u00e1n en caso de condiciones clim\u00e1ticas adversas.<\/p>\n","protected":false},"excerpt":{"rendered":"<p>El corte del suministro el\u00e9ctrico previsto para este jueves 3 de septiembre en el barrio Las Camelias, se reprograma para el viernes 4, entre las 9:00 y las 12:00 horas.&hellip;<\/p>\n","protected":false},"author":3,"featured_media":483613,"comment_status":"closed","ping_status":"open","sticky":false,"template":"","format":"standard","meta":{"footnotes":""},"categories":[4],"tags":[],"class_list":["post-512119","post","type-post","status-publish","format-standard","has-post-thumbnail","hentry","category-ciudad"],"jetpack_featured_media_url":"https:\/\/www.planbnoticias.com.ar\/wp-content\/uploads\/2025\/12\/luz-corte.jpg","_links":{"self":[{"href":"https:\/\/www.planbnoticias.com.ar\/index.php\/wp-json\/wp\/v2\/posts\/512119","targetHints":{"allow":["GET"]}}],"collection":[{"href":"https:\/\/www.planbnoticias.com.ar\/index.php\/wp-json\/wp\/v2\/posts"}],"about":[{"href":"https:\/\/www.planbnoticias.com.ar\/index.php\/wp-json\/wp\/v2\/types\/post"}],"author":[{"embeddable":true,"href":"https:\/\/www.planbnoticias.com.ar\/index.php\/wp-json\/wp\/v2\/users\/3"}],"replies":[{"embeddable":true,"href":"https:\/\/www.planbnoticias.com.ar\/index.php\/wp-json\/wp\/v2\/comments?post=512119"}],"version-history":[{"count":1,"href":"https:\/\/www.planbnoticias.com.ar\/index.php\/wp-json\/wp\/v2\/posts\/512119\/revisions"}],"predecessor-version":[{"id":512120,"href":"https:\/\/www.planbnoticias.com.ar\/index.php\/wp-json\/wp\/v2\/posts\/512119\/revisions\/512120"}],"wp:featuredmedia":[{"embeddable":true,"href":"https:\/\/www.planbnoticias.com.ar\/index.php\/wp-json\/wp\/v2\/media\/483613"}],"wp:attachment":[{"href":"https:\/\/www.planbnoticias.com.ar\/index.php\/wp-json\/wp\/v2\/media?parent=512119"}],"wp:term":[{"taxonomy":"category","embeddable":true,"href":"https:\/\/www.planbnoticias.com.ar\/index.php\/wp-json\/wp\/v2\/categories?post=512119"},{"taxonomy":"post_tag","embeddable":true,"href":"https:\/\/www.planbnoticias.com.ar\/index.php\/wp-json\/wp\/v2\/tags?post=512119"}],"curies":[{"name":"wp","href":"https:\/\/api.w.org\/{rel}","templated":true}]}}