{"id":512135,"date":"2026-09-02T16:41:11","date_gmt":"2026-09-02T19:41:11","guid":{"rendered":"https:\/\/www.planbnoticias.com.ar\/?p=512135"},"modified":"2026-09-02T16:41:11","modified_gmt":"2026-09-02T19:41:11","slug":"intento-de-homicidio-recibio-cinco-anos-de-prision-por-apunalar-a-dos-hombres","status":"publish","type":"post","link":"https:\/\/www.planbnoticias.com.ar\/index.php\/2026\/09\/02\/intento-de-homicidio-recibio-cinco-anos-de-prision-por-apunalar-a-dos-hombres\/","title":{"rendered":"Intento de homicidio: recibi\u00f3 cinco a\u00f1os de prisi\u00f3n por apu\u00f1alar a dos hombres"},"content":{"rendered":"<p><img fetchpriority=\"high\" decoding=\"async\" class=\"alignnone size-full wp-image-499124\" src=\"https:\/\/www.planbnoticias.com.ar\/wp-content\/uploads\/2026\/05\/tribunales-pico.jpg\" alt=\"\" width=\"1200\" height=\"797\" srcset=\"https:\/\/www.planbnoticias.com.ar\/wp-content\/uploads\/2026\/05\/tribunales-pico.jpg 1200w, https:\/\/www.planbnoticias.com.ar\/wp-content\/uploads\/2026\/05\/tribunales-pico-300x199.jpg 300w, https:\/\/www.planbnoticias.com.ar\/wp-content\/uploads\/2026\/05\/tribunales-pico-1024x680.jpg 1024w, https:\/\/www.planbnoticias.com.ar\/wp-content\/uploads\/2026\/05\/tribunales-pico-768x510.jpg 768w, https:\/\/www.planbnoticias.com.ar\/wp-content\/uploads\/2026\/05\/tribunales-pico-1170x777.jpg 1170w, https:\/\/www.planbnoticias.com.ar\/wp-content\/uploads\/2026\/05\/tribunales-pico-585x389.jpg 585w, https:\/\/www.planbnoticias.com.ar\/wp-content\/uploads\/2026\/05\/tribunales-pico-263x175.jpg 263w\" sizes=\"(max-width: 1200px) 100vw, 1200px\" \/><\/p>\n<p>La jueza Mar\u00eda Jos\u00e9 Gianinetto, conden\u00f3 a un hombre de 41 a\u00f1os, a cinco a\u00f1os de prisi\u00f3n por los delitos de homicidio simple en grado de tentativa y lesiones leves, tras determinar que atac\u00f3 con un arma blanca a dos hombres durante un episodio ocurrido el 5 de enero de 2025. Como consecuencia de las heridas, una de las v\u00edctimas sufri\u00f3 la amputaci\u00f3n de la mano y el antebrazo derechos.<br \/>\n<script async src=\"\/\/pagead2.googlesyndication.com\/pagead\/js\/adsbygoogle.js\"><\/script><br \/>\n<!-- Publi m\u00f3vil interior nota --><br \/>\n<ins class=\"adsbygoogle\" style=\"display: inline-block; width: 320px; height: 100px;\" data-ad-client=\"ca-pub-7250018434179914\" data-ad-slot=\"1040343543\"><\/ins><br \/>\n<script>\n(adsbygoogle = window.adsbygoogle || []).push({});\n<\/script><br \/>\nLa jueza de audiencia de juicio de General Pico, Mar\u00eda Jos\u00e9 Gianinetto, conden\u00f3 a Carlos Daniel Jaimes, de 41 a\u00f1os, como autor material y penalmente responsable de los delitos de homicidio simple en grado de tentativa y lesiones leves; a la pena de cinco a\u00f1os de prisi\u00f3n.<\/p>\n<p>Las pruebas aportadas durante el juicio permitieron comprobar que el 5 de enero de 2025, en el domicilio de un vecino de la ciudad se festejaba el cumplea\u00f1os N\u00b0 15 de su hija, en un momento pasaron tres masculinos, uno de ellos provoc\u00f3 molestias, por lo que el due\u00f1o de la casa habl\u00f3 con ellos para que dejen de molestar y los corri\u00f3 del lugar, pero uno de ellos en tono amenazante le dijo que iba a regresar con su padre. Luego de unos minutos el joven regres\u00f3 con su padre, Carlos Daniel James, a bordo de una motocicleta 150 cc. y este \u00faltimo comenz\u00f3 a agredir al due\u00f1o de la casa con un arma blanca, provoc\u00e1ndole un corte en el brazo y a su hermano, al intentar defender al primero, recibi\u00f3 una pu\u00f1alada en la axila. Luego de ello Jaimes se retir\u00f3 del lugar.<\/p>\n<p>Posteriormente, al constituirse en el lugar personal policial constat\u00f3 la presencia dos hombres heridos, siendo el m\u00e1s grave el hermano del due\u00f1o de casa, que estaba en el suelo y ten\u00eda una herida cortopunzante en su axila derecha con gran sangrado, por otro lado, el due\u00f1o del domicilio donde ocurrieron los hechos ten\u00eda una herida cortante en su brazo izquierdo. Ambos fueron trasladados para su atenci\u00f3n por el Servicio de Emergencias M\u00e9dicas. Como consecuencia de las heridas, una de las v\u00edctimas sufri\u00f3 amputaci\u00f3n de mano y antebrazo derecho.<\/p>\n<p>El juicio tuvo lugar el 26 de agosto del corriente, con la actuaci\u00f3n unipersonal de Gianinetto, la intervenci\u00f3n del fiscal Juan Ignacio Pellegrino, el defensor oficial H\u00e9ctor Freigedo y en representaci\u00f3n del querellante particular, Jer\u00f3nimo Altamirano.<\/p>\n<p>En el cierre del debate el fiscal solicit\u00f3 una condena por cinco a\u00f1os de prisi\u00f3n, a la que adhiri\u00f3 la parte querellante y la defensa.<\/p>\n<p>Luego de evaluadas las pruebas aportadas en el juicio, la jueza agreg\u00f3 en la sentencia que \u201cpuedo afirmar con grado de certeza que el hecho por el que fuera acusado Carlos Daniel Jaimes ha sido plenamente acreditado y efectivamente ocurri\u00f3, habiendo probado el fiscal los extremos que afirmara en su acusaci\u00f3n, que cont\u00f3 con la adhesi\u00f3n del representante de la querella\u201d.<\/p>\n<p>En referencia a la mensuraci\u00f3n de la pena solicitada, la magistrada agreg\u00f3 que \u201cel Fiscal solicit\u00f3 se condene a Carlos Daniel Jaimes a la pena de cinco a\u00f1os de prisi\u00f3n, alej\u00e1ndose en un a\u00f1o del m\u00ednimo legal del concurso de las figuras en cuesti\u00f3n. El pedido cont\u00f3 con la adhesi\u00f3n del representante de la querella y la defensa no manifest\u00f3 oposici\u00f3n\u201d.<\/p>\n<p>Como \u00fanico atenuante, la jueza consider\u00f3 que el imputado no registra antecedentes condenatorios.<\/p>\n<p>\u201cEl resto de las circunstancias que rodean el caso y la persona resultan agravantes\u201d, agreg\u00f3.<\/p>\n<p>\u201cEstamos ante un adulto que desarroll\u00f3 una conducta en extremo violenta y sin sentido, los testigos expresaron que se baj\u00f3 de la motocicleta en forma directa a agredir, \u00b4ni siquiera a medir palabras\u00b4. La v\u00edctima due\u00f1a de la casa donde ocurri\u00f3 el hecho expres\u00f3 que no lo dej\u00f3 ni explicar lo que hab\u00eda ocurrido anteriormente con su hijo\u201d, dijo Gianinetto.<\/p>\n<p>En referencia al da\u00f1o causado a una de las v\u00edctimas, la jueza agreg\u00f3 que \u201c la extensi\u00f3n del da\u00f1o causado (\u2026) result\u00f3 probado, estamos ante una persona que no s\u00f3lo deber\u00e1 enfrentar el resto de su vida con la ausencia del miembro superior que le fuera amputado, sino que ello lo afect\u00f3, y fue observado en la audiencia, en todos los aspectos: laboral, familiar, personal, econ\u00f3mico\u201d.<\/p>\n<p>\u201cJaimes es una persona adulta que conoc\u00eda las consecuencias que pod\u00edan aparejar sus acciones, a\u00fan as\u00ed las realiz\u00f3.\u201d, finaliz\u00f3 la magistrada.<\/p>\n","protected":false},"excerpt":{"rendered":"<p>La jueza Mar\u00eda Jos\u00e9 Gianinetto, conden\u00f3 a un hombre de 41 a\u00f1os, a cinco a\u00f1os de prisi\u00f3n por los delitos de homicidio simple en grado de tentativa y lesiones leves,&hellip;<\/p>\n","protected":false},"author":4,"featured_media":499124,"comment_status":"closed","ping_status":"open","sticky":false,"template":"","format":"standard","meta":{"footnotes":""},"categories":[13],"tags":[],"class_list":["post-512135","post","type-post","status-publish","format-standard","has-post-thumbnail","hentry","category-provincia"],"jetpack_featured_media_url":"https:\/\/www.planbnoticias.com.ar\/wp-content\/uploads\/2026\/05\/tribunales-pico.jpg","_links":{"self":[{"href":"https:\/\/www.planbnoticias.com.ar\/index.php\/wp-json\/wp\/v2\/posts\/512135","targetHints":{"allow":["GET"]}}],"collection":[{"href":"https:\/\/www.planbnoticias.com.ar\/index.php\/wp-json\/wp\/v2\/posts"}],"about":[{"href":"https:\/\/www.planbnoticias.com.ar\/index.php\/wp-json\/wp\/v2\/types\/post"}],"author":[{"embeddable":true,"href":"https:\/\/www.planbnoticias.com.ar\/index.php\/wp-json\/wp\/v2\/users\/4"}],"replies":[{"embeddable":true,"href":"https:\/\/www.planbnoticias.com.ar\/index.php\/wp-json\/wp\/v2\/comments?post=512135"}],"version-history":[{"count":1,"href":"https:\/\/www.planbnoticias.com.ar\/index.php\/wp-json\/wp\/v2\/posts\/512135\/revisions"}],"predecessor-version":[{"id":512136,"href":"https:\/\/www.planbnoticias.com.ar\/index.php\/wp-json\/wp\/v2\/posts\/512135\/revisions\/512136"}],"wp:featuredmedia":[{"embeddable":true,"href":"https:\/\/www.planbnoticias.com.ar\/index.php\/wp-json\/wp\/v2\/media\/499124"}],"wp:attachment":[{"href":"https:\/\/www.planbnoticias.com.ar\/index.php\/wp-json\/wp\/v2\/media?parent=512135"}],"wp:term":[{"taxonomy":"category","embeddable":true,"href":"https:\/\/www.planbnoticias.com.ar\/index.php\/wp-json\/wp\/v2\/categories?post=512135"},{"taxonomy":"post_tag","embeddable":true,"href":"https:\/\/www.planbnoticias.com.ar\/index.php\/wp-json\/wp\/v2\/tags?post=512135"}],"curies":[{"name":"wp","href":"https:\/\/api.w.org\/{rel}","templated":true}]}}