{"id":512140,"date":"2026-09-02T17:22:45","date_gmt":"2026-09-02T20:22:45","guid":{"rendered":"https:\/\/www.planbnoticias.com.ar\/?p=512140"},"modified":"2026-09-02T17:22:45","modified_gmt":"2026-09-02T20:22:45","slug":"camargo-cuestiono-los-fuertes-aumentos-en-multas-de-construccion-y-canones-de-gas","status":"publish","type":"post","link":"https:\/\/www.planbnoticias.com.ar\/index.php\/2026\/09\/02\/camargo-cuestiono-los-fuertes-aumentos-en-multas-de-construccion-y-canones-de-gas\/","title":{"rendered":"Camargo cuestion\u00f3 los fuertes aumentos en multas de construcci\u00f3n y c\u00e1nones de gas"},"content":{"rendered":"<p><img fetchpriority=\"high\" decoding=\"async\" class=\"alignnone size-full wp-image-493705\" src=\"https:\/\/www.planbnoticias.com.ar\/wp-content\/uploads\/2026\/03\/camargo-ucr.jpeg\" alt=\"\" width=\"1600\" height=\"1059\" srcset=\"https:\/\/www.planbnoticias.com.ar\/wp-content\/uploads\/2026\/03\/camargo-ucr.jpeg 1600w, https:\/\/www.planbnoticias.com.ar\/wp-content\/uploads\/2026\/03\/camargo-ucr-300x199.jpeg 300w, https:\/\/www.planbnoticias.com.ar\/wp-content\/uploads\/2026\/03\/camargo-ucr-1024x678.jpeg 1024w, https:\/\/www.planbnoticias.com.ar\/wp-content\/uploads\/2026\/03\/camargo-ucr-768x508.jpeg 768w, https:\/\/www.planbnoticias.com.ar\/wp-content\/uploads\/2026\/03\/camargo-ucr-1536x1017.jpeg 1536w, https:\/\/www.planbnoticias.com.ar\/wp-content\/uploads\/2026\/03\/camargo-ucr-1170x774.jpeg 1170w, https:\/\/www.planbnoticias.com.ar\/wp-content\/uploads\/2026\/03\/camargo-ucr-780x516.jpeg 780w, https:\/\/www.planbnoticias.com.ar\/wp-content\/uploads\/2026\/03\/camargo-ucr-585x387.jpeg 585w, https:\/\/www.planbnoticias.com.ar\/wp-content\/uploads\/2026\/03\/camargo-ucr-263x175.jpeg 263w\" sizes=\"(max-width: 1600px) 100vw, 1600px\" \/><\/p>\n<p>El concejal Diego Camargo cuestion\u00f3 los fuertes incrementos aplicados por la Municipalidad de Santa Rosa a las multas por construcciones sin autorizaci\u00f3n y al canon por ocupaci\u00f3n del espacio p\u00fablico en obras de gas. El edil present\u00f3 proyectos para suspender temporalmente la aplicaci\u00f3n de las nuevas multas, reclam\u00f3 informaci\u00f3n sobre el c\u00e1lculo de los c\u00e1nones y advirti\u00f3 que los valores podr\u00edan dificultar tanto la regularizaci\u00f3n de construcciones como el acceso de vecinos al servicio de gas natural.<br \/>\n<script async src=\"\/\/pagead2.googlesyndication.com\/pagead\/js\/adsbygoogle.js\"><\/script><br \/>\n<!-- Publi m\u00f3vil interior nota --><br \/>\n<ins class=\"adsbygoogle\" style=\"display: inline-block; width: 320px; height: 100px;\" data-ad-client=\"ca-pub-7250018434179914\" data-ad-slot=\"1040343543\"><\/ins><br \/>\n<script>\n(adsbygoogle = window.adsbygoogle || []).push({});\n<\/script><br \/>\nEl concejal le dijo a Plan B que \u00abuno por el aumento de las multas a construcciones sin permiso. Este aumento se produjo en el mes de junio, cuando se modific\u00f3 la ordenanza tarifaria que aument\u00f3 considerablemente los valores de las construcciones de las personas que empiezan a construir sin previo venir al municipio a informar y a pedir autorizaci\u00f3n. No estamos hablando de construcciones antirreglamentarias, es decir, que excedan los par\u00e1metros constructivos, sino sin autorizaci\u00f3n para el inicio\u00bb.<\/p>\n<p>El edil coment\u00f3 que \u00abya cuando se vot\u00f3 esta ordenanza, que nosotros nos opusimos, o sea, votamos en contra, manifest\u00e1bamos que hab\u00eda valores que resultaban desproporcionados, excesivos, hasta en algunos casos confiscatorios. Y ahora lo que est\u00e1 ocurriendo es que est\u00e1n empezando a aparecer los casos concretos de aplicaci\u00f3n de estos supuestos. Y se suma como agravante que el municipio no le ha dado una amplia divulgaci\u00f3n, nos ha dado una debida informaci\u00f3n a la ciudadan\u00eda y a los profesionales intervinientes en esa \u00e1rea como para que est\u00e9n advertidos de las consecuencias que podr\u00eda acarrear a partir de ahora una construcci\u00f3n sin permiso\u00bb.<\/p>\n<p>Camargo se\u00f1al\u00f3 que \u00abmucha gente se est\u00e1 desayunando de estos valores, con incrementos que superan el 500%, a veces llegan hasta el 1000% de incremento, con la liquidaci\u00f3n arriba de la mesa, cuando creemos que lo que deber\u00eda ser es al rev\u00e9s. Sin prejuicio de considerar abusivo el monto, m\u00e1s all\u00e1 de esa discusi\u00f3n que es subjetiva, creemos que deber\u00eda haberse informado a la gente, ponerla sobre aviso y una vez que uno cometiera infracciones estando en conocimiento de las posibles sanciones, bueno, es una discusi\u00f3n aparte\u00bb.<\/p>\n<p>El concejal afirm\u00f3 que \u00abno es as\u00ed como ha operado el municipio, entonces lo que hemos propuesto es que se suspenda temporalmente la aplicaci\u00f3n de esta norma hasta tanto se haga una campa\u00f1a de divulgaci\u00f3n y con el correr de los d\u00edas ya vamos a recibir el proyecto de ordenanza tarifaria 2027 en el que podremos rediscutir los valores de las multas\u00bb.<\/p>\n<p>Al ser consultado si es tal vez un proceder habitual de la gente que construye y despu\u00e9s paga o aprovechan las moratorias cuando por ah\u00ed les alivian un poco el costo, el concejal dijo que \u00abS\u00ed, ac\u00e1 nos han dicho, o sea que ustedes est\u00e1n defendiendo incumplidores. Y la realidad ac\u00e1 hay que dejar en claro un par de cuestiones. Primero, que est\u00e1 mal construir sin permiso. Segundo, que al que construye sin permiso hay que sancionarlo. En tercer orden, que el municipio debe desalentar las construcciones sin permiso y que una de las maneras que tiene, adem\u00e1s de las inspecciones, es aplicando multas onerosas\u00bb.<\/p>\n<p>Camargo agreg\u00f3 que \u00abpero \u00e9stas no pueden ser faltas de razonabilidad, no pueden ser confiscatorias, no pueden ser desproporcionadas y a su vez no pueden desviarse del objetivo que tiene que tener, que tambi\u00e9n es el mismo objetivo que ocurre en la moratoria, que es la regularizaci\u00f3n. Ac\u00e1 lo que va a generar es que la gente deje de regularizar las construcciones sin permisos y espere a que haya una moratoria porque la verdad que es impagable\u00bb.<\/p>\n<p>El concejal relat\u00f3 que \u00abhay liquidaciones, para ponerte un ejemplo, vino un particular, un vecino que hizo 42 metros sin declarar, cuando los vino a declarar para a su vez ampliar, hab\u00eda calculado una multa con la tarifaria vigente hasta junio de unos 400 mil pesos, ahora le salieron con una multa de 2 millones y medio de pesos. Lo cual obviamente cambia el c\u00e1lculo econ\u00f3mico de cualquiera\u00bb.<\/p>\n<p>El edil dijo que \u00abhay una profesional que present\u00f3 una nota ac\u00e1 en el Consejo, que ayer la tratamos en comisi\u00f3n, que informa que le han hecho una liquidaci\u00f3n de 17 millones de pesos por 150 metros construidos sin permiso, reglamentariamente, no es que incumpli\u00f3 la normativa, sino que simplemente empez\u00f3 a construir antes de que le den el ok\u00bb.<\/p>\n<p>Camargo afirm\u00f3 que \u00abson multas que la verdad que ponen en juego la posibilidad de pago, ponen en juego la regularizaci\u00f3n. Y creo que deber\u00eda reverse esa situaci\u00f3n porque la aplicaci\u00f3n pr\u00e1ctica es negativa y a su vez no se ha dado un aviso a los colegios profesionales, no se ha dado aviso a los matriculados y much\u00edsimo menos a los estudiantes. A los ciudadanos\u00bb.<\/p>\n<p>Sobre el canon aplicado a las obras de gas, el concejal explic\u00f3 que \u00abah\u00ed hay un gran tema porque cada vez que se hace un consorcio para llevar el gas natural a los distintos sectores, barrios, manzanas, cuadras se paga un canon al municipio por la ocupaci\u00f3n del espacio p\u00fablico. No hay una contraprestaci\u00f3n municipal, pero es un canon por ocupar la vereda para hacer la obra. Ese canon siempre fue bajo, no era relevante en el costo total de la obra\u00bb.<\/p>\n<p>El radical sostuvo que \u00abahora en vez de aumentarlo razonablemente, esto ocurri\u00f3 antes de mitad de a\u00f1o, empez\u00f3, pero ahora est\u00e1n empezando a aparecer cada vez m\u00e1s casos, lo han llevado a valores absolutamente desproporcionados. Para darte un ejemplo, una liquidaci\u00f3n que me present\u00f3 ac\u00e1 un empresario del rubro, que \u00e9l hab\u00eda calculado que iba a salir menos de 100 mil pesos, le liquidaron 17 millones de pesos. Hay una obra por 800 metros lineales que le cobran 22 millones de pesos de canon por ocupaci\u00f3n del espacio p\u00fablico\u00bb.<\/p>\n<p>El edil manifest\u00f3 que \u00ablo cual me parece absolutamente desproporcionado, irracional y adem\u00e1s mientras se la pasan criticando al gobierno nacional por la discusi\u00f3n de la zona fr\u00eda y ac\u00e1 lo que hacen es aumentar estos costos que van a privar a mucha gente de poder acceder al servicio de gas natural al no poder pagar la obra y que si uno lo compara con el porcentaje total del costo de la obra abarca un amplio margen\u00bb.<\/p>\n<p>Camargo indic\u00f3 que \u00abeste profesional me dec\u00eda que el 80% del costo de la obra es equivalente al costo del canon entonces lo que estamos pidiendo ahora como est\u00e1n llevando adelante ese c\u00e1lculo para m\u00ed no surge de la tarifaria, que nos digan en qu\u00e9 norma jur\u00eddica se est\u00e1n basando porque las cuestiones tributarias deben surgir espec\u00edficamente por el principio de la legalidad tributaria, de una norma jur\u00eddica de car\u00e1cter legal, no reglamentaria ni dispositiva\u00bb.<\/p>\n<p>Finalmente, el concejal se\u00f1al\u00f3 que \u00aby a su vez que se abstenga de hacer este tipo de liquidaciones hasta que est\u00e9 clara la situaci\u00f3n. Eso es lo que hemos pedido en el Concejo Deliberante, est\u00e1 en an\u00e1lisis del bloque oficialista\u00bb.<\/p>\n","protected":false},"excerpt":{"rendered":"<p>El concejal Diego Camargo cuestion\u00f3 los fuertes incrementos aplicados por la Municipalidad de Santa Rosa a las multas por construcciones sin autorizaci\u00f3n y al canon por ocupaci\u00f3n del espacio p\u00fablico&hellip;<\/p>\n","protected":false},"author":4,"featured_media":493705,"comment_status":"closed","ping_status":"open","sticky":false,"template":"","format":"standard","meta":{"footnotes":""},"categories":[4],"tags":[],"class_list":["post-512140","post","type-post","status-publish","format-standard","has-post-thumbnail","hentry","category-ciudad"],"jetpack_featured_media_url":"https:\/\/www.planbnoticias.com.ar\/wp-content\/uploads\/2026\/03\/camargo-ucr.jpeg","_links":{"self":[{"href":"https:\/\/www.planbnoticias.com.ar\/index.php\/wp-json\/wp\/v2\/posts\/512140","targetHints":{"allow":["GET"]}}],"collection":[{"href":"https:\/\/www.planbnoticias.com.ar\/index.php\/wp-json\/wp\/v2\/posts"}],"about":[{"href":"https:\/\/www.planbnoticias.com.ar\/index.php\/wp-json\/wp\/v2\/types\/post"}],"author":[{"embeddable":true,"href":"https:\/\/www.planbnoticias.com.ar\/index.php\/wp-json\/wp\/v2\/users\/4"}],"replies":[{"embeddable":true,"href":"https:\/\/www.planbnoticias.com.ar\/index.php\/wp-json\/wp\/v2\/comments?post=512140"}],"version-history":[{"count":1,"href":"https:\/\/www.planbnoticias.com.ar\/index.php\/wp-json\/wp\/v2\/posts\/512140\/revisions"}],"predecessor-version":[{"id":512141,"href":"https:\/\/www.planbnoticias.com.ar\/index.php\/wp-json\/wp\/v2\/posts\/512140\/revisions\/512141"}],"wp:featuredmedia":[{"embeddable":true,"href":"https:\/\/www.planbnoticias.com.ar\/index.php\/wp-json\/wp\/v2\/media\/493705"}],"wp:attachment":[{"href":"https:\/\/www.planbnoticias.com.ar\/index.php\/wp-json\/wp\/v2\/media?parent=512140"}],"wp:term":[{"taxonomy":"category","embeddable":true,"href":"https:\/\/www.planbnoticias.com.ar\/index.php\/wp-json\/wp\/v2\/categories?post=512140"},{"taxonomy":"post_tag","embeddable":true,"href":"https:\/\/www.planbnoticias.com.ar\/index.php\/wp-json\/wp\/v2\/tags?post=512140"}],"curies":[{"name":"wp","href":"https:\/\/api.w.org\/{rel}","templated":true}]}}