{"id":512145,"date":"2026-09-02T19:12:56","date_gmt":"2026-09-02T22:12:56","guid":{"rendered":"https:\/\/www.planbnoticias.com.ar\/?p=512145"},"modified":"2026-09-02T19:12:56","modified_gmt":"2026-09-02T22:12:56","slug":"perdio-el-control-al-acomodarse-el-casco-y-choco-contra-un-auto-estacionado","status":"publish","type":"post","link":"https:\/\/www.planbnoticias.com.ar\/index.php\/2026\/09\/02\/perdio-el-control-al-acomodarse-el-casco-y-choco-contra-un-auto-estacionado\/","title":{"rendered":"Perdi\u00f3 el control al acomodarse el casco y choc\u00f3 contra un auto estacionado"},"content":{"rendered":"<p><img fetchpriority=\"high\" decoding=\"async\" class=\"alignnone size-full wp-image-512147\" src=\"https:\/\/www.planbnoticias.com.ar\/wp-content\/uploads\/2026\/09\/pico-pelea23.jpeg\" alt=\"\" width=\"1280\" height=\"720\" srcset=\"https:\/\/www.planbnoticias.com.ar\/wp-content\/uploads\/2026\/09\/pico-pelea23.jpeg 1280w, https:\/\/www.planbnoticias.com.ar\/wp-content\/uploads\/2026\/09\/pico-pelea23-300x169.jpeg 300w, https:\/\/www.planbnoticias.com.ar\/wp-content\/uploads\/2026\/09\/pico-pelea23-1024x576.jpeg 1024w, https:\/\/www.planbnoticias.com.ar\/wp-content\/uploads\/2026\/09\/pico-pelea23-768x432.jpeg 768w, https:\/\/www.planbnoticias.com.ar\/wp-content\/uploads\/2026\/09\/pico-pelea23-1170x658.jpeg 1170w, https:\/\/www.planbnoticias.com.ar\/wp-content\/uploads\/2026\/09\/pico-pelea23-585x329.jpeg 585w\" sizes=\"(max-width: 1280px) 100vw, 1280px\" \/><\/p>\n<p>Se registr\u00f3 un nuevo siniestro vial en General Pico. El hecho ocurri\u00f3 sobre la calle 48, entre la 11 y la 13, donde un joven que circulaba al mando de una motocicleta termin\u00f3 impactando contra un veh\u00edculo que se encontraba estacionado en la v\u00eda p\u00fablica.<br \/>\n<script async src=\"\/\/pagead2.googlesyndication.com\/pagead\/js\/adsbygoogle.js\"><\/script><br \/>\n<!-- Publi m\u00f3vil interior nota --><br \/>\n<ins class=\"adsbygoogle\" style=\"display: inline-block; width: 320px; height: 100px;\" data-ad-client=\"ca-pub-7250018434179914\" data-ad-slot=\"1040343543\"><\/ins><br \/>\n<script>\n(adsbygoogle = window.adsbygoogle || []).push({});\n<\/script><br \/>\nSeg\u00fan la informaci\u00f3n recabada en el lugar, el conductor transitaba a bordo de una motocicleta Honda Wave S de 110 c.c. cuando, en un descuido, perdi\u00f3 el control del rodado. El propio motociclista le manifest\u00f3 a los efectivos policiales que el incidente se produjo en el momento en que intent\u00f3 acomodarse el casco mientras iba andando.<\/p>\n<p>Al no poder retomar el control de la moto, el joven termin\u00f3 colisionando contra un autom\u00f3vil Renault Clio que estaba correctamente estacionado a un costado de la calle. Producto del impacto, el veh\u00edculo mayor sufri\u00f3 importantes da\u00f1os materiales, incluyendo la rotura de uno de sus vidrios.<\/p>\n<p>R\u00e1pidamente, una ambulancia del Servicio de Emergencias M\u00e9dicas (SEM) se hizo presente en el lugar para asistir al accidentado. Tras ser evaluado por los profesionales de la salud, se determin\u00f3 que afortunadamente no presentaba lesiones que requirieran su traslado al hospital local. En el sitio tambi\u00e9n trabaj\u00f3 personal de la Polic\u00eda de La Pampa para realizar las diligencias correspondientes.<\/p>\n<p>Fuente y foto: Infopico.com<\/p>\n","protected":false},"excerpt":{"rendered":"<p>Se registr\u00f3 un nuevo siniestro vial en General Pico. El hecho ocurri\u00f3 sobre la calle 48, entre la 11 y la 13, donde un joven que circulaba al mando de&hellip;<\/p>\n","protected":false},"author":4,"featured_media":512147,"comment_status":"closed","ping_status":"open","sticky":false,"template":"","format":"standard","meta":{"footnotes":""},"categories":[13022,13],"tags":[],"class_list":["post-512145","post","type-post","status-publish","format-standard","has-post-thumbnail","hentry","category-general-pico","category-provincia"],"jetpack_featured_media_url":"https:\/\/www.planbnoticias.com.ar\/wp-content\/uploads\/2026\/09\/pico-pelea23.jpeg","_links":{"self":[{"href":"https:\/\/www.planbnoticias.com.ar\/index.php\/wp-json\/wp\/v2\/posts\/512145","targetHints":{"allow":["GET"]}}],"collection":[{"href":"https:\/\/www.planbnoticias.com.ar\/index.php\/wp-json\/wp\/v2\/posts"}],"about":[{"href":"https:\/\/www.planbnoticias.com.ar\/index.php\/wp-json\/wp\/v2\/types\/post"}],"author":[{"embeddable":true,"href":"https:\/\/www.planbnoticias.com.ar\/index.php\/wp-json\/wp\/v2\/users\/4"}],"replies":[{"embeddable":true,"href":"https:\/\/www.planbnoticias.com.ar\/index.php\/wp-json\/wp\/v2\/comments?post=512145"}],"version-history":[{"count":1,"href":"https:\/\/www.planbnoticias.com.ar\/index.php\/wp-json\/wp\/v2\/posts\/512145\/revisions"}],"predecessor-version":[{"id":512148,"href":"https:\/\/www.planbnoticias.com.ar\/index.php\/wp-json\/wp\/v2\/posts\/512145\/revisions\/512148"}],"wp:featuredmedia":[{"embeddable":true,"href":"https:\/\/www.planbnoticias.com.ar\/index.php\/wp-json\/wp\/v2\/media\/512147"}],"wp:attachment":[{"href":"https:\/\/www.planbnoticias.com.ar\/index.php\/wp-json\/wp\/v2\/media?parent=512145"}],"wp:term":[{"taxonomy":"category","embeddable":true,"href":"https:\/\/www.planbnoticias.com.ar\/index.php\/wp-json\/wp\/v2\/categories?post=512145"},{"taxonomy":"post_tag","embeddable":true,"href":"https:\/\/www.planbnoticias.com.ar\/index.php\/wp-json\/wp\/v2\/tags?post=512145"}],"curies":[{"name":"wp","href":"https:\/\/api.w.org\/{rel}","templated":true}]}}