{"id":512146,"date":"2026-09-02T19:25:26","date_gmt":"2026-09-02T22:25:26","guid":{"rendered":"https:\/\/www.planbnoticias.com.ar\/?p=512146"},"modified":"2026-09-02T19:25:26","modified_gmt":"2026-09-02T22:25:26","slug":"cine-y-folklore-la-agenda-cultural-de-santa-rosa-para-los-primeros-dias-de-septiembre","status":"publish","type":"post","link":"https:\/\/www.planbnoticias.com.ar\/index.php\/2026\/09\/02\/cine-y-folklore-la-agenda-cultural-de-santa-rosa-para-los-primeros-dias-de-septiembre\/","title":{"rendered":"Cine y folklore: la agenda cultural de Santa Rosa para los primeros d\u00edas de septiembre"},"content":{"rendered":"<p><img fetchpriority=\"high\" decoding=\"async\" class=\"alignnone size-full wp-image-511337\" src=\"https:\/\/www.planbnoticias.com.ar\/wp-content\/uploads\/2026\/08\/teatro-espanol.avif\" alt=\"\" width=\"1280\" height=\"852\" srcset=\"https:\/\/www.planbnoticias.com.ar\/wp-content\/uploads\/2026\/08\/teatro-espanol.avif 1280w, https:\/\/www.planbnoticias.com.ar\/wp-content\/uploads\/2026\/08\/teatro-espanol-300x200.avif 300w, https:\/\/www.planbnoticias.com.ar\/wp-content\/uploads\/2026\/08\/teatro-espanol-1024x682.avif 1024w, https:\/\/www.planbnoticias.com.ar\/wp-content\/uploads\/2026\/08\/teatro-espanol-768x511.avif 768w, https:\/\/www.planbnoticias.com.ar\/wp-content\/uploads\/2026\/08\/teatro-espanol-1170x779.avif 1170w, https:\/\/www.planbnoticias.com.ar\/wp-content\/uploads\/2026\/08\/teatro-espanol-585x389.avif 585w, https:\/\/www.planbnoticias.com.ar\/wp-content\/uploads\/2026\/08\/teatro-espanol-263x175.avif 263w\" sizes=\"(max-width: 1280px) 100vw, 1280px\" \/><\/p>\n<p>Santa Rosa inicia septiembre con una variada agenda cultural que incluye funciones de cine y m\u00fasica en vivo en distintos espacios de la ciudad. Durante los primeros d\u00edas del mes, el Centro Municipal de Cultura y el Teatro Espa\u00f1ol ser\u00e1n escenario de nuevas propuestas, con pel\u00edculas del Espacio INCAA y la presentaci\u00f3n de Campedrinos con su espect\u00e1culo \u201cMate y Folklore Tour\u201d.<br \/>\n<script async src=\"\/\/pagead2.googlesyndication.com\/pagead\/js\/adsbygoogle.js\"><\/script><br \/>\n<!-- Publi m\u00f3vil interior nota --><br \/>\n<ins class=\"adsbygoogle\" style=\"display: inline-block; width: 320px; height: 100px;\" data-ad-client=\"ca-pub-7250018434179914\" data-ad-slot=\"1040343543\"><\/ins><br \/>\n<script>\n(adsbygoogle = window.adsbygoogle || []).push({});\n<\/script><br \/>\nLa agenda cultural de la Municipalidad de Santa Rosa propone distintas actividades durante los primeros d\u00edas de septiembre, con funciones de cine y m\u00fasica en vivo en distintos espacios de la ciudad.<\/p>\n<p>La programaci\u00f3n cultural incluye propuestas para distintos p\u00fablicos y tendr\u00e1 como escenarios al Centro Municipal de Cultura (CMC) y el Teatro Espa\u00f1ol. Cine y m\u00fasica forman parte de una agenda que invita a disfrutar de nuevas experiencias culturales en la capital pampeana.<\/p>\n<p><strong>Centro Municipal de Cultura (Quintana 172) \u2013 Espacio INCAA <\/strong><br \/>\nLas funciones del Espacio INCAA tendr\u00e1n un valor de $3.600 para el p\u00fablico general, mientras que jubilados y estudiantes abonar\u00e1n $1.800.<\/p>\n<p>&#8211; Mi\u00e9rcoles 2 de septiembre \u2013 19:30 horas. Franz. Ficci\u00f3n \u2013 Drama. Direcci\u00f3n: Agnieszka Holland. Elenco: Idan Weiss, Peter Kurth, Jenovefa Bokova, Ivan Trojan y Sandra Korzeniak. Duraci\u00f3n: 128 minutos.<\/p>\n<p>&#8211; Jueves 3 y domingo 6 de septiembre \u2013 19:30 horas. Guerra de verano. Drama. Direcci\u00f3n: Alicia Scherson. Elenco: Dan Bairme, Lux Pascal, David Gaete, Aline Kuppenheim y Agust\u00edn Paedella. Duraci\u00f3n: 105 minutos.<\/p>\n<p><strong>Teatro Espa\u00f1ol (H. Lagos 44)<\/strong><\/p>\n<p>&#8211; Viernes 4 de septiembre \u2013 21:00 horas. Campedrinos | Mate y Folklore Tour. La propuesta llega al Teatro Espa\u00f1ol con su recorrido por la m\u00fasica y las tradiciones del folklore argentino. Entradas online desde $35.000.<\/p>\n<p>La agenda cultural de Santa Rosa re\u00fane distintas expresiones art\u00edsticas y espacios de encuentro para la comunidad. La Municipalidad invita a vecinos y vecinas a disfrutar de la programaci\u00f3n cultural de los primeros d\u00edas de septiembre.<\/p>\n","protected":false},"excerpt":{"rendered":"<p>Santa Rosa inicia septiembre con una variada agenda cultural que incluye funciones de cine y m\u00fasica en vivo en distintos espacios de la ciudad. Durante los primeros d\u00edas del mes,&hellip;<\/p>\n","protected":false},"author":4,"featured_media":511337,"comment_status":"closed","ping_status":"open","sticky":false,"template":"","format":"standard","meta":{"footnotes":""},"categories":[5],"tags":[],"class_list":["post-512146","post","type-post","status-publish","format-standard","has-post-thumbnail","hentry","category-cultura"],"jetpack_featured_media_url":"https:\/\/www.planbnoticias.com.ar\/wp-content\/uploads\/2026\/08\/teatro-espanol.avif","_links":{"self":[{"href":"https:\/\/www.planbnoticias.com.ar\/index.php\/wp-json\/wp\/v2\/posts\/512146","targetHints":{"allow":["GET"]}}],"collection":[{"href":"https:\/\/www.planbnoticias.com.ar\/index.php\/wp-json\/wp\/v2\/posts"}],"about":[{"href":"https:\/\/www.planbnoticias.com.ar\/index.php\/wp-json\/wp\/v2\/types\/post"}],"author":[{"embeddable":true,"href":"https:\/\/www.planbnoticias.com.ar\/index.php\/wp-json\/wp\/v2\/users\/4"}],"replies":[{"embeddable":true,"href":"https:\/\/www.planbnoticias.com.ar\/index.php\/wp-json\/wp\/v2\/comments?post=512146"}],"version-history":[{"count":1,"href":"https:\/\/www.planbnoticias.com.ar\/index.php\/wp-json\/wp\/v2\/posts\/512146\/revisions"}],"predecessor-version":[{"id":512149,"href":"https:\/\/www.planbnoticias.com.ar\/index.php\/wp-json\/wp\/v2\/posts\/512146\/revisions\/512149"}],"wp:featuredmedia":[{"embeddable":true,"href":"https:\/\/www.planbnoticias.com.ar\/index.php\/wp-json\/wp\/v2\/media\/511337"}],"wp:attachment":[{"href":"https:\/\/www.planbnoticias.com.ar\/index.php\/wp-json\/wp\/v2\/media?parent=512146"}],"wp:term":[{"taxonomy":"category","embeddable":true,"href":"https:\/\/www.planbnoticias.com.ar\/index.php\/wp-json\/wp\/v2\/categories?post=512146"},{"taxonomy":"post_tag","embeddable":true,"href":"https:\/\/www.planbnoticias.com.ar\/index.php\/wp-json\/wp\/v2\/tags?post=512146"}],"curies":[{"name":"wp","href":"https:\/\/api.w.org\/{rel}","templated":true}]}}