{"id":512150,"date":"2026-09-02T19:38:33","date_gmt":"2026-09-02T22:38:33","guid":{"rendered":"https:\/\/www.planbnoticias.com.ar\/?p=512150"},"modified":"2026-09-02T19:38:49","modified_gmt":"2026-09-02T22:38:49","slug":"milei-sobre-su-reeleccion-si-nosotros-no-mostramos-resultados-se-hace-dificil-acompanar","status":"publish","type":"post","link":"https:\/\/www.planbnoticias.com.ar\/index.php\/2026\/09\/02\/milei-sobre-su-reeleccion-si-nosotros-no-mostramos-resultados-se-hace-dificil-acompanar\/","title":{"rendered":"Milei sobre su reelecci\u00f3n: \u201cSi nosotros no mostramos resultados, se hace dif\u00edcil acompa\u00f1ar\u201d"},"content":{"rendered":"<p><img fetchpriority=\"high\" decoding=\"async\" class=\"alignnone size-full wp-image-512151\" src=\"https:\/\/www.planbnoticias.com.ar\/wp-content\/uploads\/2026\/09\/milei-confere.avif\" alt=\"\" width=\"810\" height=\"540\" srcset=\"https:\/\/www.planbnoticias.com.ar\/wp-content\/uploads\/2026\/09\/milei-confere.avif 810w, https:\/\/www.planbnoticias.com.ar\/wp-content\/uploads\/2026\/09\/milei-confere-300x200.avif 300w, https:\/\/www.planbnoticias.com.ar\/wp-content\/uploads\/2026\/09\/milei-confere-768x512.avif 768w, https:\/\/www.planbnoticias.com.ar\/wp-content\/uploads\/2026\/09\/milei-confere-585x390.avif 585w, https:\/\/www.planbnoticias.com.ar\/wp-content\/uploads\/2026\/09\/milei-confere-263x175.avif 263w\" sizes=\"(max-width: 810px) 100vw, 810px\" \/><\/p>\n<p>El presidente Javier Milei condicion\u00f3 este mi\u00e9rcoles el acompa\u00f1amiento electoral de la sociedad y su eventual reelecci\u00f3n a la entrega de resultados concretos, al tiempo que ratific\u00f3 que no flexibilizar\u00e1 el rumbo fiscal ni monetario de cara a los pr\u00f3ximos comicios.<br \/>\n<script async src=\"\/\/pagead2.googlesyndication.com\/pagead\/js\/adsbygoogle.js\"><\/script><br \/>\n<!-- Publi m\u00f3vil interior nota --><br \/>\n<ins class=\"adsbygoogle\" style=\"display: inline-block; width: 320px; height: 100px;\" data-ad-client=\"ca-pub-7250018434179914\" data-ad-slot=\"1040343543\"><\/ins><br \/>\n<script>\n(adsbygoogle = window.adsbygoogle || []).push({});\n<\/script><br \/>\n\u00abSi nosotros no mostramos resultados se hace dif\u00edcil acompa\u00f1ar\u00bb, admiti\u00f3 el jefe de Estado al referirse al armado pol\u00edtico de cara al pr\u00f3ximo a\u00f1o, al cerrar el evento \u00abVientos de cambio\u00bb, organizado por la Fundaci\u00f3n Libertad y Progreso en el hotel Sheraton de Retiro.<\/p>\n<p>En esa l\u00ednea, Milei remarc\u00f3 que la ciudadan\u00eda necesita constatar mejoras reales para volver a acompa\u00f1arlo en las urnas, y pidi\u00f3 dar la \u00abbatalla cultural\u00bb.<\/p>\n<p>No obstante, se mostr\u00f3 optimista: \u00abCuando en octubre le volvamos a ganar, con el mismo resultado de la \u00faltima elecci\u00f3n, pasar\u00edamos a tener mayor\u00eda en Diputados y a estar a dos de la mayor\u00eda en el Senado. Yo conf\u00edo en los argentinos y creo que vamos a ganar\u00bb.<\/p>\n<p>\u00abSe necesita la batalla cultural, se necesita el m\u00fasculo pol\u00edtico y la gesti\u00f3n al momento de llegar al poder, porque si no tenemos resultados, tambi\u00e9n estamos en problemas. Uno de los desaf\u00edos m\u00e1s grandes al que uno se enfrenta es que tiene que llevar las ideas a las elecciones y lograr resultados, sabiendo que adem\u00e1s nosotros no jugamos con toda la caja de herramientas. Y yo no reniego de eso, me siento orgulloso de no jugar con toda la caja de herramientas, porque parte de esa caja es moralmente despreciable. Nosotros no vamos a violentar el derecho a la vida, la libertad ni la propiedad privada\u00bb, enfatiz\u00f3.<\/p>\n<p>A la vez, sostuvo que \u00abmuchas personas, a la luz del a\u00f1o electoral que se viene, y lo hacen con buena intenci\u00f3n, queriendo que se asegure la reelecci\u00f3n, piden flexibilizar la pol\u00edtica monetaria y fiscal\u00bb.<\/p>\n<p>\u00abLa respuesta es: nosotros no vamos a hacer eso, no vamos a flexibilizar. Nuestra pol\u00edtica fiscal no se negocia, y tampoco la monetaria, porque no vamos a parar hasta terminar de derrotar la inflaci\u00f3n\u00bb, recalc\u00f3 Milei.<\/p>\n<p>\u00abAl populismo no se le gana haciendo populismo. No hay sustituto para las buenas pol\u00edticas, para hacer lo moralmente correcto\u00bb, complet\u00f3 el jefe de Estado.<\/p>\n<p>En ese sentido, asegur\u00f3 que \u00ablas buenas pol\u00edticas no se negocian\u00bb y que el Gobierno mantendr\u00e1 la disciplina sin recurrir a herramientas \u00abmoralmente despreciables\u00bb.<\/p>\n<p>Durante su exposici\u00f3n, Milei repas\u00f3 la evoluci\u00f3n del mapa pol\u00edtico regional y celebr\u00f3 que el continente est\u00e9 abandonando las opciones de izquierda. \u00abEn octubre de 2020 el continente estaba casi todo pintado de rojo y hoy ya somos muchos pa\u00edses pintados de azul\u00bb, se\u00f1al\u00f3, al tiempo que proyect\u00f3 una posible victoria de la derecha en Brasil.<\/p>\n<p>Al hacer un balance de su administraci\u00f3n, el Presidente ponder\u00f3 la desaceleraci\u00f3n de la inflaci\u00f3n y la baja de la pobreza. Seg\u00fan afirm\u00f3, de cumplirse las proyecciones de su gesti\u00f3n, el Producto Bruto Interno (PBI) registrar\u00e1 una suba acumulada del 17 por ciento durante su primer mandato, \u00abcasi triplicando el crecimiento de la OCDE\u00bb.<\/p>\n<p>En cuanto a la situaci\u00f3n social, argument\u00f3 que, tras el sinceramiento inicial de precios que llev\u00f3 el indicador de pobreza al 53 por ciento semestral, la cifra se redujo sensiblemente: \u00abHoy este n\u00famero es 28 por ciento; esto quiere decir que sacamos a 14 millones de personas de la pobreza\u00bb.<\/p>\n<p>Tambi\u00e9n, contrapuso la reducci\u00f3n del empleo estatal con la tracci\u00f3n del mercado laboral libre, al se\u00f1alar que se redujeron \u00abm\u00e1s de 70.000 empleados p\u00fablicos\u00bb mientras que \u00abel sector privado gener\u00f3 m\u00e1s de 600.000 puestos de trabajo\u00bb.<\/p>\n<p>Finalmente, Milei apunt\u00f3 contra los medios de comunicaci\u00f3n y los profesionales del sector, a quienes acus\u00f3 de apostar al fracaso del programa gubernamental. \u00abA pesar de los sucios y corruptos periodistas que apuestan al fracaso de la Argentina, les estamos ganando por goleada. Mientras ellos sigan diciendo sus mentiras, nosotros vamos a seguir repitiendo la verdad\u00bb, concluy\u00f3.<\/p>\n<p>Fuente y foto: Agencia NA<\/p>\n","protected":false},"excerpt":{"rendered":"<p>El presidente Javier Milei condicion\u00f3 este mi\u00e9rcoles el acompa\u00f1amiento electoral de la sociedad y su eventual reelecci\u00f3n a la entrega de resultados concretos, al tiempo que ratific\u00f3 que no flexibilizar\u00e1&hellip;<\/p>\n","protected":false},"author":4,"featured_media":512151,"comment_status":"closed","ping_status":"open","sticky":false,"template":"","format":"standard","meta":{"footnotes":""},"categories":[7,12],"tags":[],"class_list":["post-512150","post","type-post","status-publish","format-standard","has-post-thumbnail","hentry","category-destacadas","category-pais"],"jetpack_featured_media_url":"https:\/\/www.planbnoticias.com.ar\/wp-content\/uploads\/2026\/09\/milei-confere.avif","_links":{"self":[{"href":"https:\/\/www.planbnoticias.com.ar\/index.php\/wp-json\/wp\/v2\/posts\/512150","targetHints":{"allow":["GET"]}}],"collection":[{"href":"https:\/\/www.planbnoticias.com.ar\/index.php\/wp-json\/wp\/v2\/posts"}],"about":[{"href":"https:\/\/www.planbnoticias.com.ar\/index.php\/wp-json\/wp\/v2\/types\/post"}],"author":[{"embeddable":true,"href":"https:\/\/www.planbnoticias.com.ar\/index.php\/wp-json\/wp\/v2\/users\/4"}],"replies":[{"embeddable":true,"href":"https:\/\/www.planbnoticias.com.ar\/index.php\/wp-json\/wp\/v2\/comments?post=512150"}],"version-history":[{"count":2,"href":"https:\/\/www.planbnoticias.com.ar\/index.php\/wp-json\/wp\/v2\/posts\/512150\/revisions"}],"predecessor-version":[{"id":512153,"href":"https:\/\/www.planbnoticias.com.ar\/index.php\/wp-json\/wp\/v2\/posts\/512150\/revisions\/512153"}],"wp:featuredmedia":[{"embeddable":true,"href":"https:\/\/www.planbnoticias.com.ar\/index.php\/wp-json\/wp\/v2\/media\/512151"}],"wp:attachment":[{"href":"https:\/\/www.planbnoticias.com.ar\/index.php\/wp-json\/wp\/v2\/media?parent=512150"}],"wp:term":[{"taxonomy":"category","embeddable":true,"href":"https:\/\/www.planbnoticias.com.ar\/index.php\/wp-json\/wp\/v2\/categories?post=512150"},{"taxonomy":"post_tag","embeddable":true,"href":"https:\/\/www.planbnoticias.com.ar\/index.php\/wp-json\/wp\/v2\/tags?post=512150"}],"curies":[{"name":"wp","href":"https:\/\/api.w.org\/{rel}","templated":true}]}}