{"id":512154,"date":"2026-09-02T19:50:39","date_gmt":"2026-09-02T22:50:39","guid":{"rendered":"https:\/\/www.planbnoticias.com.ar\/?p=512154"},"modified":"2026-09-02T19:50:39","modified_gmt":"2026-09-02T22:50:39","slug":"la-pampa-recibio-un-atn-de-3-500-millones-por-la-emergencia-agropecuaria","status":"publish","type":"post","link":"https:\/\/www.planbnoticias.com.ar\/index.php\/2026\/09\/02\/la-pampa-recibio-un-atn-de-3-500-millones-por-la-emergencia-agropecuaria\/","title":{"rendered":"La Pampa recibi\u00f3 un ATN de $3.500 millones por la emergencia agropecuaria"},"content":{"rendered":"<p><img fetchpriority=\"high\" decoding=\"async\" class=\"alignnone size-full wp-image-507116\" src=\"https:\/\/www.planbnoticias.com.ar\/wp-content\/uploads\/2026\/07\/ziliotto-santilli.jpg\" alt=\"\" width=\"793\" height=\"472\" srcset=\"https:\/\/www.planbnoticias.com.ar\/wp-content\/uploads\/2026\/07\/ziliotto-santilli.jpg 793w, https:\/\/www.planbnoticias.com.ar\/wp-content\/uploads\/2026\/07\/ziliotto-santilli-300x179.jpg 300w, https:\/\/www.planbnoticias.com.ar\/wp-content\/uploads\/2026\/07\/ziliotto-santilli-768x457.jpg 768w, https:\/\/www.planbnoticias.com.ar\/wp-content\/uploads\/2026\/07\/ziliotto-santilli-585x348.jpg 585w\" sizes=\"(max-width: 793px) 100vw, 793px\" \/><\/p>\n<p>La provincia de La Pampa recibi\u00f3 del Gobierno nacional un Aporte del Tesoro Nacional (ATN) de $3.500 millones, destinado a afrontar las consecuencias de la sequ\u00eda y las contingencias clim\u00e1ticas vinculadas con la emergencia agropecuaria. Los fondos fueron enviados a partir de la gesti\u00f3n realizada por el gobernador Sergio Ziliotto ante el jefe de Gabinete, Diego Santilli, y ser\u00e1n incorporados al presupuesto provincial para atender las necesidades derivadas de la situaci\u00f3n.<br \/>\n<script async src=\"\/\/pagead2.googlesyndication.com\/pagead\/js\/adsbygoogle.js\"><\/script><br \/>\n<!-- Publi m\u00f3vil interior nota --><br \/>\n<ins class=\"adsbygoogle\" style=\"display: inline-block; width: 320px; height: 100px;\" data-ad-client=\"ca-pub-7250018434179914\" data-ad-slot=\"1040343543\"><\/ins><br \/>\n<script>\n(adsbygoogle = window.adsbygoogle || []).push({});\n<\/script><br \/>\nEl gobierno nacional envi\u00f3 a la provincia de La Pampa el dinero desde el Fondo de Aportes del Tesoro Nacional (ATN), en virtud de la ayuda solicitada por el Gobernador Sergio Ziliotto en ocasi\u00f3n de reunirse con el jefe de Gabinete Diego Santilli.<\/p>\n<p>El monto ser\u00e1 afectado presupuestariamente, en l\u00ednea con los fundamentos de la resoluci\u00f3n firmada por el vicejefe de Gabinete Gustavo Coria, a las erogaciones de la administraci\u00f3n provincial para atender continencias clim\u00e1ticas por sequ\u00eda en departamentos del territorio provincial.<\/p>\n<p>Durante el 2025 la emergencia agropecuaria afect\u00f3 a 20 departamentos, situaci\u00f3n que se mantiene en la actualidad en Curac\u00f3, Lihuel Calel, Limay Mahuida y Puel\u00e9n.<\/p>\n","protected":false},"excerpt":{"rendered":"<p>La provincia de La Pampa recibi\u00f3 del Gobierno nacional un Aporte del Tesoro Nacional (ATN) de $3.500 millones, destinado a afrontar las consecuencias de la sequ\u00eda y las contingencias clim\u00e1ticas&hellip;<\/p>\n","protected":false},"author":4,"featured_media":507116,"comment_status":"closed","ping_status":"open","sticky":false,"template":"","format":"standard","meta":{"footnotes":""},"categories":[13,15],"tags":[],"class_list":["post-512154","post","type-post","status-publish","format-standard","has-post-thumbnail","hentry","category-provincia","category-tapa"],"jetpack_featured_media_url":"https:\/\/www.planbnoticias.com.ar\/wp-content\/uploads\/2026\/07\/ziliotto-santilli.jpg","_links":{"self":[{"href":"https:\/\/www.planbnoticias.com.ar\/index.php\/wp-json\/wp\/v2\/posts\/512154","targetHints":{"allow":["GET"]}}],"collection":[{"href":"https:\/\/www.planbnoticias.com.ar\/index.php\/wp-json\/wp\/v2\/posts"}],"about":[{"href":"https:\/\/www.planbnoticias.com.ar\/index.php\/wp-json\/wp\/v2\/types\/post"}],"author":[{"embeddable":true,"href":"https:\/\/www.planbnoticias.com.ar\/index.php\/wp-json\/wp\/v2\/users\/4"}],"replies":[{"embeddable":true,"href":"https:\/\/www.planbnoticias.com.ar\/index.php\/wp-json\/wp\/v2\/comments?post=512154"}],"version-history":[{"count":1,"href":"https:\/\/www.planbnoticias.com.ar\/index.php\/wp-json\/wp\/v2\/posts\/512154\/revisions"}],"predecessor-version":[{"id":512155,"href":"https:\/\/www.planbnoticias.com.ar\/index.php\/wp-json\/wp\/v2\/posts\/512154\/revisions\/512155"}],"wp:featuredmedia":[{"embeddable":true,"href":"https:\/\/www.planbnoticias.com.ar\/index.php\/wp-json\/wp\/v2\/media\/507116"}],"wp:attachment":[{"href":"https:\/\/www.planbnoticias.com.ar\/index.php\/wp-json\/wp\/v2\/media?parent=512154"}],"wp:term":[{"taxonomy":"category","embeddable":true,"href":"https:\/\/www.planbnoticias.com.ar\/index.php\/wp-json\/wp\/v2\/categories?post=512154"},{"taxonomy":"post_tag","embeddable":true,"href":"https:\/\/www.planbnoticias.com.ar\/index.php\/wp-json\/wp\/v2\/tags?post=512154"}],"curies":[{"name":"wp","href":"https:\/\/api.w.org\/{rel}","templated":true}]}}