{"id":512156,"date":"2026-09-02T20:02:15","date_gmt":"2026-09-02T23:02:15","guid":{"rendered":"https:\/\/www.planbnoticias.com.ar\/?p=512156"},"modified":"2026-09-02T20:02:15","modified_gmt":"2026-09-02T23:02:15","slug":"la-coordinadora-de-cajas-profesionales-creo-las-comisiones-de-genero-y-gerontoprevision","status":"publish","type":"post","link":"https:\/\/www.planbnoticias.com.ar\/index.php\/2026\/09\/02\/la-coordinadora-de-cajas-profesionales-creo-las-comisiones-de-genero-y-gerontoprevision\/","title":{"rendered":"La Coordinadora de Cajas Profesionales cre\u00f3 las comisiones de G\u00e9nero y Gerontoprevisi\u00f3n"},"content":{"rendered":"<p><img fetchpriority=\"high\" decoding=\"async\" class=\"alignnone size-full wp-image-512157\" src=\"https:\/\/www.planbnoticias.com.ar\/wp-content\/uploads\/2026\/09\/caja-forense4445.jpg\" alt=\"\" width=\"1000\" height=\"719\" srcset=\"https:\/\/www.planbnoticias.com.ar\/wp-content\/uploads\/2026\/09\/caja-forense4445.jpg 1000w, https:\/\/www.planbnoticias.com.ar\/wp-content\/uploads\/2026\/09\/caja-forense4445-300x216.jpg 300w, https:\/\/www.planbnoticias.com.ar\/wp-content\/uploads\/2026\/09\/caja-forense4445-768x552.jpg 768w, https:\/\/www.planbnoticias.com.ar\/wp-content\/uploads\/2026\/09\/caja-forense4445-585x421.jpg 585w\" sizes=\"(max-width: 1000px) 100vw, 1000px\" \/><\/p>\n<p>La Coordinadora de Cajas de Previsi\u00f3n y Seguridad Social para Profesionales de la Rep\u00fablica Argentina aprob\u00f3 la creaci\u00f3n de las comisiones de G\u00e9nero y Gerontoprevisi\u00f3n, dos nuevas \u00e1reas destinadas a fortalecer la inclusi\u00f3n, el bienestar y la modernizaci\u00f3n del sistema previsional profesional. La iniciativa fue impulsada por la secretaria general del organismo y abogada pampeana Sandra Abdo, vicepresidenta de Caja Forense de La Pampa, y cont\u00f3 con amplio consenso federal tras tres d\u00e9cadas de espera para avanzar en esta transformaci\u00f3n.<br \/>\n<script async src=\"\/\/pagead2.googlesyndication.com\/pagead\/js\/adsbygoogle.js\"><\/script><br \/>\n<!-- Publi m\u00f3vil interior nota --><br \/>\n<ins class=\"adsbygoogle\" style=\"display: inline-block; width: 320px; height: 100px;\" data-ad-client=\"ca-pub-7250018434179914\" data-ad-slot=\"1040343543\"><\/ins><br \/>\n<script>\n(adsbygoogle = window.adsbygoogle || []).push({});\n<\/script><br \/>\nLas comisiones buscan modernizar el sistema previsional profesional del pa\u00eds y adecuarlo a los est\u00e1ndares nacionales e internacionales y encamina a la entidad en un posicionamiento clave de referencia en la Seguridad Social de los profesionales del pa\u00eds.<\/p>\n<p>Luego del Plenario Extraordinario del organismo, Abdo dijo estar \u00abmuy conforme con la justa creaci\u00f3n de dos Comisiones que nuestra Coordinadora necesitaba tener porque son necesidades puntuales dentro del contexto en que vivimos y en el intento de poner a nuestra instituci\u00f3n a la vanguardia en todo lo que est\u00e9 relacionado al esp\u00edritu a donde estamos direccionando nuestros esfuerzos\u00bb.<\/p>\n<p>La Comisi\u00f3n de G\u00e9nero funcionar\u00e1 como un espacio de enlace, investigaci\u00f3n e intercambio de experiencias entre instituciones. Se enfocar\u00e1 en analizar coberturas econ\u00f3micas ante contingencias propias del ejercicio profesional \u2014como subsidios por maternidad, paternidad o adopci\u00f3n\u2014, preservando la autonom\u00eda de cada caja.<\/p>\n<p>En tanto, la Comisi\u00f3n de Gerontoprevisi\u00f3n dar\u00e1 continuidad al trabajo iniciado en 2024, proponiendo un abordaje transversal orientado al bienestar integral y la calidad de vida de los adultos mayores y personas que se van a jubilar o est\u00e1n jubiladas.<\/p>\n<p>Tras la aprobaci\u00f3n plenaria, se avanzar\u00e1 en la reglamentaci\u00f3n y en la definici\u00f3n de competencias que ser\u00e1n elevadas al Comit\u00e9 Ejecutivo, en lo que representa un avance concreto en la transformaci\u00f3n de la seguridad social profesional en Argentina.<\/p>\n","protected":false},"excerpt":{"rendered":"<p>La Coordinadora de Cajas de Previsi\u00f3n y Seguridad Social para Profesionales de la Rep\u00fablica Argentina aprob\u00f3 la creaci\u00f3n de las comisiones de G\u00e9nero y Gerontoprevisi\u00f3n, dos nuevas \u00e1reas destinadas a&hellip;<\/p>\n","protected":false},"author":4,"featured_media":512157,"comment_status":"closed","ping_status":"open","sticky":false,"template":"","format":"standard","meta":{"footnotes":""},"categories":[13],"tags":[],"class_list":["post-512156","post","type-post","status-publish","format-standard","has-post-thumbnail","hentry","category-provincia"],"jetpack_featured_media_url":"https:\/\/www.planbnoticias.com.ar\/wp-content\/uploads\/2026\/09\/caja-forense4445.jpg","_links":{"self":[{"href":"https:\/\/www.planbnoticias.com.ar\/index.php\/wp-json\/wp\/v2\/posts\/512156","targetHints":{"allow":["GET"]}}],"collection":[{"href":"https:\/\/www.planbnoticias.com.ar\/index.php\/wp-json\/wp\/v2\/posts"}],"about":[{"href":"https:\/\/www.planbnoticias.com.ar\/index.php\/wp-json\/wp\/v2\/types\/post"}],"author":[{"embeddable":true,"href":"https:\/\/www.planbnoticias.com.ar\/index.php\/wp-json\/wp\/v2\/users\/4"}],"replies":[{"embeddable":true,"href":"https:\/\/www.planbnoticias.com.ar\/index.php\/wp-json\/wp\/v2\/comments?post=512156"}],"version-history":[{"count":1,"href":"https:\/\/www.planbnoticias.com.ar\/index.php\/wp-json\/wp\/v2\/posts\/512156\/revisions"}],"predecessor-version":[{"id":512158,"href":"https:\/\/www.planbnoticias.com.ar\/index.php\/wp-json\/wp\/v2\/posts\/512156\/revisions\/512158"}],"wp:featuredmedia":[{"embeddable":true,"href":"https:\/\/www.planbnoticias.com.ar\/index.php\/wp-json\/wp\/v2\/media\/512157"}],"wp:attachment":[{"href":"https:\/\/www.planbnoticias.com.ar\/index.php\/wp-json\/wp\/v2\/media?parent=512156"}],"wp:term":[{"taxonomy":"category","embeddable":true,"href":"https:\/\/www.planbnoticias.com.ar\/index.php\/wp-json\/wp\/v2\/categories?post=512156"},{"taxonomy":"post_tag","embeddable":true,"href":"https:\/\/www.planbnoticias.com.ar\/index.php\/wp-json\/wp\/v2\/tags?post=512156"}],"curies":[{"name":"wp","href":"https:\/\/api.w.org\/{rel}","templated":true}]}}