{"id":512161,"date":"2026-09-02T20:47:26","date_gmt":"2026-09-02T23:47:26","guid":{"rendered":"https:\/\/www.planbnoticias.com.ar\/?p=512161"},"modified":"2026-09-02T20:47:26","modified_gmt":"2026-09-02T23:47:26","slug":"florencia-pumilla-hara-un-recorrido-dialogado-por-su-muestra-sistere","status":"publish","type":"post","link":"https:\/\/www.planbnoticias.com.ar\/index.php\/2026\/09\/02\/florencia-pumilla-hara-un-recorrido-dialogado-por-su-muestra-sistere\/","title":{"rendered":"Florencia Pumilla har\u00e1 un recorrido dialogado por su muestra \u201cSistere\u201d"},"content":{"rendered":"<p><img fetchpriority=\"high\" decoding=\"async\" class=\"alignnone size-full wp-image-512162\" src=\"https:\/\/www.planbnoticias.com.ar\/wp-content\/uploads\/2026\/09\/Florencia-Pumilla-1.jpg\" alt=\"\" width=\"879\" height=\"673\" srcset=\"https:\/\/www.planbnoticias.com.ar\/wp-content\/uploads\/2026\/09\/Florencia-Pumilla-1.jpg 879w, https:\/\/www.planbnoticias.com.ar\/wp-content\/uploads\/2026\/09\/Florencia-Pumilla-1-300x230.jpg 300w, https:\/\/www.planbnoticias.com.ar\/wp-content\/uploads\/2026\/09\/Florencia-Pumilla-1-768x588.jpg 768w, https:\/\/www.planbnoticias.com.ar\/wp-content\/uploads\/2026\/09\/Florencia-Pumilla-1-585x448.jpg 585w\" sizes=\"(max-width: 879px) 100vw, 879px\" \/><\/p>\n<p>Este jueves 3 de septiembre a las 18:30 horas en la Pre Sala del Aula Magna de la UNLPam, Florencia Pumilla y Eva Dolard guiar\u00e1n un recorrido dialogado por la muestra \u201cSistere\u201d. La invitaci\u00f3n, con entrada libre y gratuita, es abierta a la comunidad.<br \/>\n<script async src=\"\/\/pagead2.googlesyndication.com\/pagead\/js\/adsbygoogle.js\"><\/script><br \/>\n<!-- Publi m\u00f3vil interior nota --><br \/>\n<ins class=\"adsbygoogle\" style=\"display: inline-block; width: 320px; height: 100px;\" data-ad-client=\"ca-pub-7250018434179914\" data-ad-slot=\"1040343543\"><\/ins><br \/>\n<script>\n(adsbygoogle = window.adsbygoogle || []).push({});\n<\/script><br \/>\nLa artista pampeana Florencia Pumilla realizar\u00e1 un recorrido dialogado sobre su muestra \u201cSistere\u201d este jueves a las 18:30hs. La actividad contar\u00e1 con la participaci\u00f3n de la curadora de la exposici\u00f3n, Eva Dolard.<\/p>\n<p>La finalidad es poder hacer un primer acercamiento para generar una conversaci\u00f3n en torno a los procesos de producci\u00f3n, las relaciones entre trabajos de distintos momentos de la trayectoria de la artista y las decisiones que dieron forma a la muestra.<\/p>\n<p>La exposici\u00f3n fue inaugurada el pasado 20 de agosto en la Pre Sala del Aula Magna de la Universidad Nacional de La Pampa y estar\u00e1 abierta hasta el 20 de septiembre. Puede visitarse de lunes a viernes entre las 8 y las 21hs., y tambi\u00e9n los fines de semana en que se realicen eventos en el Aula Magna. La entrada es libre y gratuita.<\/p>\n<p>La muestra est\u00e1 conformada por la serie \u201cBrevario\u201d y por las piezas, \u201cSostener la insistencia\u201d, \u201cPensar con la piel\u201d, \u201cEscuchar con todo el cuerpo\u201d, \u201cColecci\u00f3n particular\u201d y \u201cLa que espera\u201d.<\/p>\n<p>Se trata de algunas obras recientes de Pumilla junto a otras piezas que fueron elaboradas en diferentes momentos de su trayectoria. Algunas de ellas se exhiben por primera vez en la provincia de La Pampa.<\/p>\n<p>Respecto al nombre de la exposici\u00f3n, la artista explic\u00f3: \u00abAlgo del origen de la palabra insistir, relacionada con sistere como \u201cestar\u201d y \u201cresistir\u201d, me permite encontrar la forma de articular una constelaci\u00f3n de obras\u00bb.<\/p>\n<p>De ese concepto se relacionan, curatorialmente, piezas de otros tiempos con sus producciones actuales. Armar una constelaci\u00f3n de piezas que pueda dar cuenta de ese estar, insistir, resistir.<\/p>\n<p>Pumilla considera que el arte es un espacio pol\u00edtico de acci\u00f3n y pensamiento. A trav\u00e9s de distintos lenguajes visuales, como la gr\u00e1fica, la fotograf\u00eda, el video, la performance y la instalaci\u00f3n desarrolla una pr\u00e1ctica art\u00edstica donde pone en juego el archivo familiar, la historia actual y las corporalidades.<\/p>\n<p><strong>M\u00e1s actividades<\/strong><br \/>\nEn las pr\u00f3ximas semanas se ir\u00e1n desarrollando m\u00e1s actividades que, a partir de \u201cSistere\u201d, permitan abrir conversaciones en torno a diferentes pr\u00e1cticas y problemas del arte contempor\u00e1neo.<\/p>\n<p>Cada encuentro contar\u00e1 con la participaci\u00f3n de artistas y actores de la escena local vinculados a la pr\u00e1ctica del grabado, la performance y el archivo. El prop\u00f3sito es incorporar distintas experiencias y perspectivas a la conversaci\u00f3n.<\/p>\n<p><strong>Sobre la artista<\/strong><br \/>\nFlorencia Pumilla naci\u00f3 en Santa Rosa (La Pampa), donde actualmente vive y trabaja. Es Licenciada en Grabado por la Universidad Nacional de C\u00f3rdoba (UNC) y Especialista en Estudios de Performance. Ha participado en exposiciones, intervenciones, curadur\u00edas, publicaciones y proyectos colectivos en Argentina, Chile, Uruguay y Finlandia.<\/p>\n","protected":false},"excerpt":{"rendered":"<p>Este jueves 3 de septiembre a las 18:30 horas en la Pre Sala del Aula Magna de la UNLPam, Florencia Pumilla y Eva Dolard guiar\u00e1n un recorrido dialogado por la&hellip;<\/p>\n","protected":false},"author":4,"featured_media":512162,"comment_status":"closed","ping_status":"open","sticky":false,"template":"","format":"standard","meta":{"footnotes":""},"categories":[5],"tags":[],"class_list":["post-512161","post","type-post","status-publish","format-standard","has-post-thumbnail","hentry","category-cultura"],"jetpack_featured_media_url":"https:\/\/www.planbnoticias.com.ar\/wp-content\/uploads\/2026\/09\/Florencia-Pumilla-1.jpg","_links":{"self":[{"href":"https:\/\/www.planbnoticias.com.ar\/index.php\/wp-json\/wp\/v2\/posts\/512161","targetHints":{"allow":["GET"]}}],"collection":[{"href":"https:\/\/www.planbnoticias.com.ar\/index.php\/wp-json\/wp\/v2\/posts"}],"about":[{"href":"https:\/\/www.planbnoticias.com.ar\/index.php\/wp-json\/wp\/v2\/types\/post"}],"author":[{"embeddable":true,"href":"https:\/\/www.planbnoticias.com.ar\/index.php\/wp-json\/wp\/v2\/users\/4"}],"replies":[{"embeddable":true,"href":"https:\/\/www.planbnoticias.com.ar\/index.php\/wp-json\/wp\/v2\/comments?post=512161"}],"version-history":[{"count":1,"href":"https:\/\/www.planbnoticias.com.ar\/index.php\/wp-json\/wp\/v2\/posts\/512161\/revisions"}],"predecessor-version":[{"id":512163,"href":"https:\/\/www.planbnoticias.com.ar\/index.php\/wp-json\/wp\/v2\/posts\/512161\/revisions\/512163"}],"wp:featuredmedia":[{"embeddable":true,"href":"https:\/\/www.planbnoticias.com.ar\/index.php\/wp-json\/wp\/v2\/media\/512162"}],"wp:attachment":[{"href":"https:\/\/www.planbnoticias.com.ar\/index.php\/wp-json\/wp\/v2\/media?parent=512161"}],"wp:term":[{"taxonomy":"category","embeddable":true,"href":"https:\/\/www.planbnoticias.com.ar\/index.php\/wp-json\/wp\/v2\/categories?post=512161"},{"taxonomy":"post_tag","embeddable":true,"href":"https:\/\/www.planbnoticias.com.ar\/index.php\/wp-json\/wp\/v2\/tags?post=512161"}],"curies":[{"name":"wp","href":"https:\/\/api.w.org\/{rel}","templated":true}]}}