{"id":512164,"date":"2026-09-02T22:58:21","date_gmt":"2026-09-03T01:58:21","guid":{"rendered":"https:\/\/www.planbnoticias.com.ar\/?p=512164"},"modified":"2026-09-02T22:58:21","modified_gmt":"2026-09-03T01:58:21","slug":"ate-impulsa-la-reduccion-de-la-jornada-laboral-a-seis-horas-en-la-salud-publica","status":"publish","type":"post","link":"https:\/\/www.planbnoticias.com.ar\/index.php\/2026\/09\/02\/ate-impulsa-la-reduccion-de-la-jornada-laboral-a-seis-horas-en-la-salud-publica\/","title":{"rendered":"ATE impulsa la reducci\u00f3n de la jornada laboral a seis horas en la salud p\u00fablica"},"content":{"rendered":"<p><img fetchpriority=\"high\" decoding=\"async\" class=\"alignnone size-full wp-image-512165\" src=\"https:\/\/www.planbnoticias.com.ar\/wp-content\/uploads\/2026\/09\/ate-enfermeros.jpeg\" alt=\"\" width=\"1280\" height=\"960\" srcset=\"https:\/\/www.planbnoticias.com.ar\/wp-content\/uploads\/2026\/09\/ate-enfermeros.jpeg 1280w, https:\/\/www.planbnoticias.com.ar\/wp-content\/uploads\/2026\/09\/ate-enfermeros-300x225.jpeg 300w, https:\/\/www.planbnoticias.com.ar\/wp-content\/uploads\/2026\/09\/ate-enfermeros-1024x768.jpeg 1024w, https:\/\/www.planbnoticias.com.ar\/wp-content\/uploads\/2026\/09\/ate-enfermeros-768x576.jpeg 768w, https:\/\/www.planbnoticias.com.ar\/wp-content\/uploads\/2026\/09\/ate-enfermeros-1170x878.jpeg 1170w, https:\/\/www.planbnoticias.com.ar\/wp-content\/uploads\/2026\/09\/ate-enfermeros-585x439.jpeg 585w\" sizes=\"(max-width: 1280px) 100vw, 1280px\" \/><\/p>\n<p>Trabajadores y trabajadoras de distintos servicios de Salud comenzaron a organizarse en ATE para reclamar la reducci\u00f3n de la jornada laboral a seis horas, sin disminuci\u00f3n salarial. El planteo toma como antecedente la experiencia de Cuidados Progresivos del Hospital Ren\u00e9 Favaloro, donde la organizaci\u00f3n colectiva permiti\u00f3 conquistar ese derecho, y ahora busca extenderlo a otros sectores de la salud p\u00fablica provincial.<br \/>\n<script async src=\"\/\/pagead2.googlesyndication.com\/pagead\/js\/adsbygoogle.js\"><\/script><br \/>\n<!-- Publi m\u00f3vil interior nota --><br \/>\n<ins class=\"adsbygoogle\" style=\"display: inline-block; width: 320px; height: 100px;\" data-ad-client=\"ca-pub-7250018434179914\" data-ad-slot=\"1040343543\"><\/ins><br \/>\n<script>\n(adsbygoogle = window.adsbygoogle || []).push({});\n<\/script><br \/>\nDesde ATE La Pampa comenzaron a impulsar asambleas en distintos hospitales, centros de salud y postas sanitarias de la provincia, a partir de la organizaci\u00f3n de las y los trabajadores de Enfermer\u00eda y Servicios Generales que reclaman la reducci\u00f3n de la jornada laboral a 6 horas diarias, sin perjuicio del salario.<\/p>\n<p>Destacaron que \u00abEste reclamo tiene como antecedente concreto lo conseguido por las y los trabajadores de \u2013 Cuidados Progresivos del Hospital Ren\u00e9 Favaloro, donde la reducci\u00f3n horaria a seis horas se transform\u00f3 en un derecho conquistado a partir de la organizaci\u00f3n y la lucha colectiva\u00bb.<\/p>\n<p>\u00abAhora, las y los compa\u00f1eros de distintos servicios comenzaron a organizarse dentro de ATE para darle mayor fuerza al reclamo y avanzar hacia la extensi\u00f3n de este derecho a otros sectores de la salud p\u00fablica provincial\u00bb.<\/p>\n<p>Se\u00f1alaron que \u00abLa pr\u00f3xima asamblea ser\u00e1 en el Hospital Evita, continuando con un proceso de organizaci\u00f3n que busca recorrer los distintos establecimientos sanitarios de la provincia\u00bb.<\/p>\n<p>Desde ATE indicaron que \u00abentendemos que la reducci\u00f3n de la jornada laboral es un derecho por el que las y los trabajadores de la salud vienen reclamando. El misno ser\u00e1 llevado a la Paritaria Sectorial de Salud, donde buscaremos alcanzar un acuerdo que permita avanzar en la reducci\u00f3n de la jornada a seis horas, sin reducci\u00f3n salarial\u00bb.<\/p>\n<p>Finalmente expresaron que \u00abPor eso convocamos a todas y todos los trabajadores de Enfermer\u00eda, Servicios Generales y dem\u00e1s sectores interesados a organizarse, participar de las asambleas y reclamar colectivamente por sus derechos. Donde hay organizaci\u00f3n, hay fuerza\u00bb.<\/p>\n","protected":false},"excerpt":{"rendered":"<p>Trabajadores y trabajadoras de distintos servicios de Salud comenzaron a organizarse en ATE para reclamar la reducci\u00f3n de la jornada laboral a seis horas, sin disminuci\u00f3n salarial. El planteo toma&hellip;<\/p>\n","protected":false},"author":4,"featured_media":512165,"comment_status":"closed","ping_status":"open","sticky":false,"template":"","format":"standard","meta":{"footnotes":""},"categories":[9,13],"tags":[],"class_list":["post-512164","post","type-post","status-publish","format-standard","has-post-thumbnail","hentry","category-gremiales","category-provincia"],"jetpack_featured_media_url":"https:\/\/www.planbnoticias.com.ar\/wp-content\/uploads\/2026\/09\/ate-enfermeros.jpeg","_links":{"self":[{"href":"https:\/\/www.planbnoticias.com.ar\/index.php\/wp-json\/wp\/v2\/posts\/512164","targetHints":{"allow":["GET"]}}],"collection":[{"href":"https:\/\/www.planbnoticias.com.ar\/index.php\/wp-json\/wp\/v2\/posts"}],"about":[{"href":"https:\/\/www.planbnoticias.com.ar\/index.php\/wp-json\/wp\/v2\/types\/post"}],"author":[{"embeddable":true,"href":"https:\/\/www.planbnoticias.com.ar\/index.php\/wp-json\/wp\/v2\/users\/4"}],"replies":[{"embeddable":true,"href":"https:\/\/www.planbnoticias.com.ar\/index.php\/wp-json\/wp\/v2\/comments?post=512164"}],"version-history":[{"count":1,"href":"https:\/\/www.planbnoticias.com.ar\/index.php\/wp-json\/wp\/v2\/posts\/512164\/revisions"}],"predecessor-version":[{"id":512166,"href":"https:\/\/www.planbnoticias.com.ar\/index.php\/wp-json\/wp\/v2\/posts\/512164\/revisions\/512166"}],"wp:featuredmedia":[{"embeddable":true,"href":"https:\/\/www.planbnoticias.com.ar\/index.php\/wp-json\/wp\/v2\/media\/512165"}],"wp:attachment":[{"href":"https:\/\/www.planbnoticias.com.ar\/index.php\/wp-json\/wp\/v2\/media?parent=512164"}],"wp:term":[{"taxonomy":"category","embeddable":true,"href":"https:\/\/www.planbnoticias.com.ar\/index.php\/wp-json\/wp\/v2\/categories?post=512164"},{"taxonomy":"post_tag","embeddable":true,"href":"https:\/\/www.planbnoticias.com.ar\/index.php\/wp-json\/wp\/v2\/tags?post=512164"}],"curies":[{"name":"wp","href":"https:\/\/api.w.org\/{rel}","templated":true}]}}