{"id":512167,"date":"2026-09-03T06:15:39","date_gmt":"2026-09-03T09:15:39","guid":{"rendered":"https:\/\/www.planbnoticias.com.ar\/?p=512167"},"modified":"2026-09-03T06:25:16","modified_gmt":"2026-09-03T09:25:16","slug":"preventa-del-poemario-pace-de-silvio-tejada","status":"publish","type":"post","link":"https:\/\/www.planbnoticias.com.ar\/index.php\/2026\/09\/03\/preventa-del-poemario-pace-de-silvio-tejada\/","title":{"rendered":"Preventa del poemario \u201cPace\u201d de Silvio Tejada"},"content":{"rendered":"<p><img fetchpriority=\"high\" decoding=\"async\" class=\"alignnone size-full wp-image-512168\" src=\"https:\/\/www.planbnoticias.com.ar\/wp-content\/uploads\/2026\/09\/silvio-tejada.jpeg\" alt=\"\" width=\"570\" height=\"712\" srcset=\"https:\/\/www.planbnoticias.com.ar\/wp-content\/uploads\/2026\/09\/silvio-tejada.jpeg 570w, https:\/\/www.planbnoticias.com.ar\/wp-content\/uploads\/2026\/09\/silvio-tejada-240x300.jpeg 240w\" sizes=\"(max-width: 570px) 100vw, 570px\" \/><\/p>\n<p>La Editorial Gr\u00e1fica 29 de Mayo invita a sumarse a la lista de suscriptores\/as para el nuevo libro del poeta Silvio Tejada\u00a0llamado \u201cPace\u201d (poes\u00eda para correr el velo). El mismo se presentar\u00e1 y ser\u00e1 entregado en octubre\u00a0de 2026 en el marco de la nueva edici\u00f3n de la Feria Provincial del Libro\u00a0que se desarrollar\u00e1 en el Centro Cultural MEDASUR.<\/p>\n<p>\u201cPace\u201d est\u00e1 prologado por la poeta patag\u00f3nica Silvia Castro y corregido por Alejandro Rosetto.<br \/>\n<script async src=\"\/\/pagead2.googlesyndication.com\/pagead\/js\/adsbygoogle.js\"><\/script><br \/>\n<!-- Publi m\u00f3vil interior nota --><br \/>\n<ins class=\"adsbygoogle\" style=\"display: inline-block; width: 320px; height: 100px;\" data-ad-client=\"ca-pub-7250018434179914\" data-ad-slot=\"1040343543\"><\/ins><br \/>\n<script>\n(adsbygoogle = window.adsbygoogle || []).push({});\n<\/script><\/p>\n<p>Dice Silvia Castro: \u201cPace de Silvio Tejada se presenta bajo un subt\u00edtulo que funciona como declaraci\u00f3n de principios po\u00e9ticos y pol\u00edticos: poes\u00eda para correr el velo. En sus tres partes Becha, Mecha y Pace, se entrelazan la poes\u00eda, la identidad familiar y la cr\u00edtica social a trav\u00e9s de una mirada profundamente nost\u00e1lgica y observadora. En Becha, el autor rinde un emotivo homenaje a su madre, detallando rituales cotidianos, memorias de la infancia y la transformaci\u00f3n f\u00edsica que conlleva el paso del tiempo. En Mecha, los poemas denuncian la pobreza, la injusticia pol\u00edtica y el impacto ambiental en el paisaje argentino. En Pace, el acto de correr se presenta como un hilo conductor que conecta la naturaleza, el pasado y la introspecci\u00f3n f\u00edsica\u201d.<\/p>\n<p>Tejada naci\u00f3 en 1970. Actualmente vive en Anguil, La Pampa. Es periodista cultural y trabajador gr\u00e1fico, es miembro de la Asociaci\u00f3n Pampeana de Escritorxs y del Movimiento Popular Pampeano por los Derechos Humanos. Dirige la colecci\u00f3n Salsipuedes (Gr\u00e1fica 29 de mayo).<\/p>\n<p>Sus obras son:\u00a0Calesita Adormecida\u00a0(2008),\u00a0La Pla\u00f1idera y el Pedig\u00fce\u00f1o\u00a0(2012),\u00a0Vampiro\u00a0(2019),\u00a0C\u00e1rcava\u00a0(2014),\u00a0A la siesta ala tiesa\u00a0(2014),\u00a0Pecera vac\u00eda\u00a0(2015),\u00a0La Harmon\u00eda solo un terru\u00f1o\u00a0(2016),\u00a0Ecuestre lo que cueste\u00a0(2018),\u00a0Memorial\u00a0(2018),\u00a0Nuevo Shangay\u00a0(2019),\u00a0\u201cChile en el coraz\u00f3n\u201d\u00a0(2020),\u00a0\u201cChiche con fiebre\u201d\u00a0(2020),\u00a0y \u201cCampanada\u201d\u00a0(2023).<\/p>\n<p>Han prologado su obra Rosario Bl\u00e9fari, Pinky Pumilla, Edgar Morisoli, \u00c1gueda Franco, Clara Corval\u00e1n, Eugenia Cabral, Carolina Pezoa y Reyna Dominguez.<\/p>\n<p>La venta anticipada es de $20.000<\/p>\n<p>Alias GRAFICA.29<\/p>\n<p>Link de compra en Bio de Instagram, editorial.gr\u00e1ficaveintinuevedemayo<\/p>\n<p>Ingres\u00e1 al link para pagar https:\/\/mpago.la\/1UYcFS8<\/p>\n<p>Por consultas comunicarse por WhatsApp al 2954-535211<\/p>\n","protected":false},"excerpt":{"rendered":"<p>La Editorial Gr\u00e1fica 29 de Mayo invita a sumarse a la lista de suscriptores\/as para el nuevo libro del poeta Silvio Tejada\u00a0llamado \u201cPace\u201d (poes\u00eda para correr el velo). El mismo&hellip;<\/p>\n","protected":false},"author":2,"featured_media":512168,"comment_status":"closed","ping_status":"open","sticky":false,"template":"","format":"standard","meta":{"footnotes":""},"categories":[5,13],"tags":[],"class_list":["post-512167","post","type-post","status-publish","format-standard","has-post-thumbnail","hentry","category-cultura","category-provincia"],"jetpack_featured_media_url":"https:\/\/www.planbnoticias.com.ar\/wp-content\/uploads\/2026\/09\/silvio-tejada.jpeg","_links":{"self":[{"href":"https:\/\/www.planbnoticias.com.ar\/index.php\/wp-json\/wp\/v2\/posts\/512167","targetHints":{"allow":["GET"]}}],"collection":[{"href":"https:\/\/www.planbnoticias.com.ar\/index.php\/wp-json\/wp\/v2\/posts"}],"about":[{"href":"https:\/\/www.planbnoticias.com.ar\/index.php\/wp-json\/wp\/v2\/types\/post"}],"author":[{"embeddable":true,"href":"https:\/\/www.planbnoticias.com.ar\/index.php\/wp-json\/wp\/v2\/users\/2"}],"replies":[{"embeddable":true,"href":"https:\/\/www.planbnoticias.com.ar\/index.php\/wp-json\/wp\/v2\/comments?post=512167"}],"version-history":[{"count":2,"href":"https:\/\/www.planbnoticias.com.ar\/index.php\/wp-json\/wp\/v2\/posts\/512167\/revisions"}],"predecessor-version":[{"id":512171,"href":"https:\/\/www.planbnoticias.com.ar\/index.php\/wp-json\/wp\/v2\/posts\/512167\/revisions\/512171"}],"wp:featuredmedia":[{"embeddable":true,"href":"https:\/\/www.planbnoticias.com.ar\/index.php\/wp-json\/wp\/v2\/media\/512168"}],"wp:attachment":[{"href":"https:\/\/www.planbnoticias.com.ar\/index.php\/wp-json\/wp\/v2\/media?parent=512167"}],"wp:term":[{"taxonomy":"category","embeddable":true,"href":"https:\/\/www.planbnoticias.com.ar\/index.php\/wp-json\/wp\/v2\/categories?post=512167"},{"taxonomy":"post_tag","embeddable":true,"href":"https:\/\/www.planbnoticias.com.ar\/index.php\/wp-json\/wp\/v2\/tags?post=512167"}],"curies":[{"name":"wp","href":"https:\/\/api.w.org\/{rel}","templated":true}]}}