{"id":512170,"date":"2026-09-03T06:26:51","date_gmt":"2026-09-03T09:26:51","guid":{"rendered":"https:\/\/www.planbnoticias.com.ar\/?p=512170"},"modified":"2026-09-03T07:18:07","modified_gmt":"2026-09-03T10:18:07","slug":"comunidad-organizada-pidio-que-la-fia-investigue-el-destino-del-fondo-provincial-de-vialidad","status":"publish","type":"post","link":"https:\/\/www.planbnoticias.com.ar\/index.php\/2026\/09\/03\/comunidad-organizada-pidio-que-la-fia-investigue-el-destino-del-fondo-provincial-de-vialidad\/","title":{"rendered":"Comunidad Organizada pidi\u00f3 que la FIA investigue el destino del fondo provincial de vialidad"},"content":{"rendered":"<p><img fetchpriority=\"high\" decoding=\"async\" class=\"alignnone size-full wp-image-483347\" src=\"https:\/\/www.planbnoticias.com.ar\/wp-content\/uploads\/2025\/12\/tierno-fonseca-aliaga.jpeg\" alt=\"\" width=\"1600\" height=\"721\" srcset=\"https:\/\/www.planbnoticias.com.ar\/wp-content\/uploads\/2025\/12\/tierno-fonseca-aliaga.jpeg 1600w, https:\/\/www.planbnoticias.com.ar\/wp-content\/uploads\/2025\/12\/tierno-fonseca-aliaga-300x135.jpeg 300w, https:\/\/www.planbnoticias.com.ar\/wp-content\/uploads\/2025\/12\/tierno-fonseca-aliaga-1024x461.jpeg 1024w, https:\/\/www.planbnoticias.com.ar\/wp-content\/uploads\/2025\/12\/tierno-fonseca-aliaga-768x346.jpeg 768w, https:\/\/www.planbnoticias.com.ar\/wp-content\/uploads\/2025\/12\/tierno-fonseca-aliaga-1536x692.jpeg 1536w, https:\/\/www.planbnoticias.com.ar\/wp-content\/uploads\/2025\/12\/tierno-fonseca-aliaga-1170x527.jpeg 1170w, https:\/\/www.planbnoticias.com.ar\/wp-content\/uploads\/2025\/12\/tierno-fonseca-aliaga-585x264.jpeg 585w\" sizes=\"(max-width: 1600px) 100vw, 1600px\" \/><\/p>\n<p>La diputada Sandra Fonseca, el diputado Maximiliano Aliaga y Juan Carlos Tierno se presentaron en la Fiscal\u00eda de Investigaciones Administrativas (FIA) \u201crespecto a la desviaci\u00f3n de fondos del integrativo del Fondo Provincial de Vialidad, constituido por norma legal vigente para la construcci\u00f3n y mantenimiento de las rutas provinciales\u201d.<\/p>\n<p>En la presentaci\u00f3n dejan se\u00f1alan \u201cque dicho fondo debe estar integrado como asignaci\u00f3n espec\u00edfica, es decir, que no se pueden derivar con otros fines o aplicaciones y\/o a otras partidas con una gran cantidad de dinero proveniente de la coparticipaci\u00f3n federal impuestos por IVA, por ganancias que recibe la provincia de La Pampa, como as\u00ed tambi\u00e9n por la mitad del impuesto de patentes, uno de los m\u00e1s altos en la Argentina, y del impuesto inmobiliario, entre otros ingresos\u201d.<br \/>\n<script async src=\"\/\/pagead2.googlesyndication.com\/pagead\/js\/adsbygoogle.js\"><\/script><br \/>\n<!-- Publi m\u00f3vil interior nota --><br \/>\n<ins class=\"adsbygoogle\" style=\"display: inline-block; width: 320px; height: 100px;\" data-ad-client=\"ca-pub-7250018434179914\" data-ad-slot=\"1040343543\"><\/ins><br \/>\n<script>\n(adsbygoogle = window.adsbygoogle || []).push({});\n<\/script><\/p>\n<p>\u201cEllo no se habr\u00eda usado desde que est\u00e1 el Sr. Ziliotto como Gobernador desde el a\u00f1o 2020 para la construcci\u00f3n y mantenimiento de rutas y, por lo tanto, ha generado el permanente deterioro de la red provincial, sin ninguna protecci\u00f3n, mantenimiento, ni mucho menos controles de pesos de camiones con distintos destinos y cargas, que son los que m\u00e1s destruyen la estructura vial\u201d, indicaron.<\/p>\n<p>Adem\u00e1s le pidieron al gobierno de Milei que \u201cindique los montos de dinero remitidos a la provincia de La Pampa por coparticipaci\u00f3n federal y, a partir de ello, cu\u00e1nto corresponder\u00eda haber aplicado para el fondo vial, detallando montos, a\u00f1o por a\u00f1o, de impuestos recaudados, impuestos patentes e inmobiliario\u201d.<\/p>\n<p>Recordaron que por el mismo tema y por la RTO en Santa Rosa, solicitaron \u201cla concurrencia de los integrantes del Consejo Provincial de Tr\u00e1nsito, que est\u00e1 integrado por el Ministro de Seguridad, el Jefe de Polic\u00eda, el Presidente del Directorio de Vialidad Provincial y el Director de Transporte y Comunicaciones\u201d<\/p>\n<p>Sobre la RTO tambi\u00e9n pidieron informaci\u00f3n sobre \u201cla implementaci\u00f3n de la desregulaci\u00f3n de la Revisi\u00f3n T\u00e9cnica Vehicular con talleres, sea concesionaria de venta de autos y\u00a0 talleres, y de esa manera, aminorar los gastos y ampliar la red de talleres para realizar dicha revisi\u00f3n, en el momento que la misma sea obligatoria en La Pampa\u201d<\/p>\n<p>\u201cEse pedido de informe fue bloqueado por el grupo oficialista en la C\u00e1mara de Diputados y con lo cual, tambi\u00e9n reconociendo que no tienen explicaciones para dar y que funcionarios p\u00fablicos de los integrantes del Comit\u00e9 Ejecutivo del Consejo de Tr\u00e1nsito estar\u00edan incurriendo en violaci\u00f3n de los deberes de funcionarios p\u00fablicos al permitir estas situaciones de ilegalidad en prejuicio de la poblaci\u00f3n\u201d, resaltaron.<\/p>\n<p>Por \u00faltimo indicaron que \u201ccon respecto a la Fiscal\u00eda de Investigaciones Administrativas y como \u00f3rgano constitucional de investigaci\u00f3n en todo lo que puede afectar al erario p\u00fablico provincial, Comunidad Organizada manifiesta que deber\u00eda desempe\u00f1arse con independencia, aunque en los \u00faltimos tiempos y con presentaciones realizadas en otros expedientes, han comenzado a impedir a los denunciantes de posibles estafas en la administraci\u00f3n del Sr. Sergio Ziliotto tomar vista de los expedientes como un lamentable indicador de las presiones y\/o situaciones que podr\u00edan tambi\u00e9n recaer sobre dicho organismo de la Constituci\u00f3n para impedir los procedimientos del descubrimiento de la verdad\u201d.<\/p>\n<p>&nbsp;<\/p>\n<p>Santa Rosa, 2 de septiembre de 2026.<\/p>\n","protected":false},"excerpt":{"rendered":"<p>La diputada Sandra Fonseca, el diputado Maximiliano Aliaga y Juan Carlos Tierno se presentaron en la Fiscal\u00eda de Investigaciones Administrativas (FIA) \u201crespecto a la desviaci\u00f3n de fondos del integrativo del&hellip;<\/p>\n","protected":false},"author":2,"featured_media":482749,"comment_status":"closed","ping_status":"open","sticky":false,"template":"","format":"standard","meta":{"footnotes":""},"categories":[13],"tags":[],"class_list":["post-512170","post","type-post","status-publish","format-standard","has-post-thumbnail","hentry","category-provincia"],"jetpack_featured_media_url":"https:\/\/www.planbnoticias.com.ar\/wp-content\/uploads\/2025\/12\/comunidad-organizada-tierno-fonseca-aliaga.jpg","_links":{"self":[{"href":"https:\/\/www.planbnoticias.com.ar\/index.php\/wp-json\/wp\/v2\/posts\/512170","targetHints":{"allow":["GET"]}}],"collection":[{"href":"https:\/\/www.planbnoticias.com.ar\/index.php\/wp-json\/wp\/v2\/posts"}],"about":[{"href":"https:\/\/www.planbnoticias.com.ar\/index.php\/wp-json\/wp\/v2\/types\/post"}],"author":[{"embeddable":true,"href":"https:\/\/www.planbnoticias.com.ar\/index.php\/wp-json\/wp\/v2\/users\/2"}],"replies":[{"embeddable":true,"href":"https:\/\/www.planbnoticias.com.ar\/index.php\/wp-json\/wp\/v2\/comments?post=512170"}],"version-history":[{"count":2,"href":"https:\/\/www.planbnoticias.com.ar\/index.php\/wp-json\/wp\/v2\/posts\/512170\/revisions"}],"predecessor-version":[{"id":512183,"href":"https:\/\/www.planbnoticias.com.ar\/index.php\/wp-json\/wp\/v2\/posts\/512170\/revisions\/512183"}],"wp:featuredmedia":[{"embeddable":true,"href":"https:\/\/www.planbnoticias.com.ar\/index.php\/wp-json\/wp\/v2\/media\/482749"}],"wp:attachment":[{"href":"https:\/\/www.planbnoticias.com.ar\/index.php\/wp-json\/wp\/v2\/media?parent=512170"}],"wp:term":[{"taxonomy":"category","embeddable":true,"href":"https:\/\/www.planbnoticias.com.ar\/index.php\/wp-json\/wp\/v2\/categories?post=512170"},{"taxonomy":"post_tag","embeddable":true,"href":"https:\/\/www.planbnoticias.com.ar\/index.php\/wp-json\/wp\/v2\/tags?post=512170"}],"curies":[{"name":"wp","href":"https:\/\/api.w.org\/{rel}","templated":true}]}}