{"id":512176,"date":"2026-09-03T07:15:44","date_gmt":"2026-09-03T10:15:44","guid":{"rendered":"https:\/\/www.planbnoticias.com.ar\/?p=512176"},"modified":"2026-09-03T07:18:21","modified_gmt":"2026-09-03T10:18:21","slug":"funcionario-de-la-presidencia-de-macri-une-a-los-sectores-enfrentados-del-pro-la-pampa","status":"publish","type":"post","link":"https:\/\/www.planbnoticias.com.ar\/index.php\/2026\/09\/03\/funcionario-de-la-presidencia-de-macri-une-a-los-sectores-enfrentados-del-pro-la-pampa\/","title":{"rendered":"Funcionario de la presidencia de Macri une a los sectores enfrentados del PRO La Pampa"},"content":{"rendered":"<p><img fetchpriority=\"high\" decoding=\"async\" class=\"alignnone size-full wp-image-512178\" src=\"https:\/\/www.planbnoticias.com.ar\/wp-content\/uploads\/2026\/09\/pensar-de-andreis.webp\" alt=\"\" width=\"1440\" height=\"1440\" srcset=\"https:\/\/www.planbnoticias.com.ar\/wp-content\/uploads\/2026\/09\/pensar-de-andreis.webp 1440w, https:\/\/www.planbnoticias.com.ar\/wp-content\/uploads\/2026\/09\/pensar-de-andreis-300x300.webp 300w, https:\/\/www.planbnoticias.com.ar\/wp-content\/uploads\/2026\/09\/pensar-de-andreis-1024x1024.webp 1024w, https:\/\/www.planbnoticias.com.ar\/wp-content\/uploads\/2026\/09\/pensar-de-andreis-150x150.webp 150w, https:\/\/www.planbnoticias.com.ar\/wp-content\/uploads\/2026\/09\/pensar-de-andreis-768x768.webp 768w, https:\/\/www.planbnoticias.com.ar\/wp-content\/uploads\/2026\/09\/pensar-de-andreis-1170x1170.webp 1170w, https:\/\/www.planbnoticias.com.ar\/wp-content\/uploads\/2026\/09\/pensar-de-andreis-585x585.webp 585w\" sizes=\"(max-width: 1440px) 100vw, 1440px\" \/><\/p>\n<p>El lunes 7 de septiembre se juntar\u00e1n en el marco de una actividad que se realizar\u00e1 en la Fundaci\u00f3n Pensar.<\/p>\n<p>El exsecretario General de la Presidencia, Fernando de Andreis, brindar\u00e1 una charla en Santa Rosa y reunir\u00e1 al sector comandado por Mart\u00edn Ardohain y Carlos Javier Mac Allister, con el que conduce Mart\u00edn Maquieyra.<br \/>\n<script async src=\"\/\/pagead2.googlesyndication.com\/pagead\/js\/adsbygoogle.js\"><\/script><br \/>\n<!-- Publi m\u00f3vil interior nota --><br \/>\n<ins class=\"adsbygoogle\" style=\"display: inline-block; width: 320px; height: 100px;\" data-ad-client=\"ca-pub-7250018434179914\" data-ad-slot=\"1040343543\"><\/ins><br \/>\n<script>\n(adsbygoogle = window.adsbygoogle || []).push({});\n<\/script><\/p>\n<p><img decoding=\"async\" class=\"alignnone size-full wp-image-493573\" src=\"https:\/\/www.planbnoticias.com.ar\/wp-content\/uploads\/2026\/03\/lombardi-ardohain-macri.jpg\" alt=\"\" width=\"960\" height=\"1280\" srcset=\"https:\/\/www.planbnoticias.com.ar\/wp-content\/uploads\/2026\/03\/lombardi-ardohain-macri.jpg 960w, https:\/\/www.planbnoticias.com.ar\/wp-content\/uploads\/2026\/03\/lombardi-ardohain-macri-225x300.jpg 225w, https:\/\/www.planbnoticias.com.ar\/wp-content\/uploads\/2026\/03\/lombardi-ardohain-macri-768x1024.jpg 768w, https:\/\/www.planbnoticias.com.ar\/wp-content\/uploads\/2026\/03\/lombardi-ardohain-macri-585x780.jpg 585w\" sizes=\"(max-width: 960px) 100vw, 960px\" \/><\/p>\n<p>\u201cHay diferencia como en todo espacio pol\u00edtico, pero estamos todos juntos. Nosotros el lunes que viene tenemos una reuni\u00f3n muy importante en Fundaci\u00f3n Pensar de capacitaci\u00f3n, va a ir Fernando de Andr\u00e9s, van a ir algunos dirigentes nacionales y ah\u00ed vamos a estar todos juntos\u201d, indic\u00f3 Mart\u00edn Ardohain en declaraciones al periodista Daniel Lucchelli.<\/p>\n<p>\u201cTodos juntos, la gente no quiere pelea, no quiere diferencias y si hay l\u00edneas internas, bueno, habr\u00e1 que solucionarlo. Hay formas de pensar distinto, pero ac\u00e1 hay un solo PRO y estamos todos unidos\u201d, asever\u00f3.<\/p>\n<p><img decoding=\"async\" class=\"alignnone size-full wp-image-495457\" src=\"https:\/\/www.planbnoticias.com.ar\/wp-content\/uploads\/2026\/04\/martinmaquieyra_434421759.jpg\" alt=\"\" width=\"1080\" height=\"608\" srcset=\"https:\/\/www.planbnoticias.com.ar\/wp-content\/uploads\/2026\/04\/martinmaquieyra_434421759.jpg 1080w, https:\/\/www.planbnoticias.com.ar\/wp-content\/uploads\/2026\/04\/martinmaquieyra_434421759-300x169.jpg 300w, https:\/\/www.planbnoticias.com.ar\/wp-content\/uploads\/2026\/04\/martinmaquieyra_434421759-1024x576.jpg 1024w, https:\/\/www.planbnoticias.com.ar\/wp-content\/uploads\/2026\/04\/martinmaquieyra_434421759-768x432.jpg 768w, https:\/\/www.planbnoticias.com.ar\/wp-content\/uploads\/2026\/04\/martinmaquieyra_434421759-585x329.jpg 585w\" sizes=\"(max-width: 1080px) 100vw, 1080px\" \/><\/p>\n<p>Se espera que en la reuni\u00f3n del lunes se junten Mart\u00edn Ardohain, Mar\u00eda Alejandra \u201cMarita\u201d Mac Alister, los diputados Enrique Juan, Lucas Lazzaric y las diputadas Laura Trapaglia, con las d\u00edscolas Celeste Rivas y Noelia Viara, dispuestas a te\u00f1irse de violeta. Podr\u00eda estar el director de YPF, Mart\u00edn Maquieyra, conductor pol\u00edtico de las legisladoras que se muestran cercanas a La Libertad Avanza.<\/p>\n<p><img loading=\"lazy\" decoding=\"async\" class=\"alignnone size-full wp-image-488895\" src=\"https:\/\/www.planbnoticias.com.ar\/wp-content\/uploads\/2026\/02\/rivas-viara.jpeg\" alt=\"\" width=\"1498\" height=\"1018\" srcset=\"https:\/\/www.planbnoticias.com.ar\/wp-content\/uploads\/2026\/02\/rivas-viara.jpeg 1498w, https:\/\/www.planbnoticias.com.ar\/wp-content\/uploads\/2026\/02\/rivas-viara-300x204.jpeg 300w, https:\/\/www.planbnoticias.com.ar\/wp-content\/uploads\/2026\/02\/rivas-viara-1024x696.jpeg 1024w, https:\/\/www.planbnoticias.com.ar\/wp-content\/uploads\/2026\/02\/rivas-viara-768x522.jpeg 768w, https:\/\/www.planbnoticias.com.ar\/wp-content\/uploads\/2026\/02\/rivas-viara-1170x795.jpeg 1170w, https:\/\/www.planbnoticias.com.ar\/wp-content\/uploads\/2026\/02\/rivas-viara-585x398.jpeg 585w\" sizes=\"(max-width: 1498px) 100vw, 1498px\" \/><\/p>\n","protected":false},"excerpt":{"rendered":"<p>El lunes 7 de septiembre se juntar\u00e1n en el marco de una actividad que se realizar\u00e1 en la Fundaci\u00f3n Pensar. El exsecretario General de la Presidencia, Fernando de Andreis, brindar\u00e1&hellip;<\/p>\n","protected":false},"author":2,"featured_media":511039,"comment_status":"closed","ping_status":"open","sticky":false,"template":"","format":"standard","meta":{"footnotes":""},"categories":[7,13],"tags":[],"class_list":["post-512176","post","type-post","status-publish","format-standard","has-post-thumbnail","hentry","category-destacadas","category-provincia"],"jetpack_featured_media_url":"https:\/\/www.planbnoticias.com.ar\/wp-content\/uploads\/2026\/08\/marita-con-macri.jpg","_links":{"self":[{"href":"https:\/\/www.planbnoticias.com.ar\/index.php\/wp-json\/wp\/v2\/posts\/512176","targetHints":{"allow":["GET"]}}],"collection":[{"href":"https:\/\/www.planbnoticias.com.ar\/index.php\/wp-json\/wp\/v2\/posts"}],"about":[{"href":"https:\/\/www.planbnoticias.com.ar\/index.php\/wp-json\/wp\/v2\/types\/post"}],"author":[{"embeddable":true,"href":"https:\/\/www.planbnoticias.com.ar\/index.php\/wp-json\/wp\/v2\/users\/2"}],"replies":[{"embeddable":true,"href":"https:\/\/www.planbnoticias.com.ar\/index.php\/wp-json\/wp\/v2\/comments?post=512176"}],"version-history":[{"count":2,"href":"https:\/\/www.planbnoticias.com.ar\/index.php\/wp-json\/wp\/v2\/posts\/512176\/revisions"}],"predecessor-version":[{"id":512182,"href":"https:\/\/www.planbnoticias.com.ar\/index.php\/wp-json\/wp\/v2\/posts\/512176\/revisions\/512182"}],"wp:featuredmedia":[{"embeddable":true,"href":"https:\/\/www.planbnoticias.com.ar\/index.php\/wp-json\/wp\/v2\/media\/511039"}],"wp:attachment":[{"href":"https:\/\/www.planbnoticias.com.ar\/index.php\/wp-json\/wp\/v2\/media?parent=512176"}],"wp:term":[{"taxonomy":"category","embeddable":true,"href":"https:\/\/www.planbnoticias.com.ar\/index.php\/wp-json\/wp\/v2\/categories?post=512176"},{"taxonomy":"post_tag","embeddable":true,"href":"https:\/\/www.planbnoticias.com.ar\/index.php\/wp-json\/wp\/v2\/tags?post=512176"}],"curies":[{"name":"wp","href":"https:\/\/api.w.org\/{rel}","templated":true}]}}