{"id":512184,"date":"2026-09-03T07:25:43","date_gmt":"2026-09-03T10:25:43","guid":{"rendered":"https:\/\/www.planbnoticias.com.ar\/?p=512184"},"modified":"2026-09-03T07:25:43","modified_gmt":"2026-09-03T10:25:43","slug":"llega-la-maraton-nacional-de-lectura-2026","status":"publish","type":"post","link":"https:\/\/www.planbnoticias.com.ar\/index.php\/2026\/09\/03\/llega-la-maraton-nacional-de-lectura-2026\/","title":{"rendered":"Llega la Marat\u00f3n Nacional de Lectura 2026"},"content":{"rendered":"<p><img fetchpriority=\"high\" decoding=\"async\" class=\"alignnone size-full wp-image-512185\" src=\"https:\/\/www.planbnoticias.com.ar\/wp-content\/uploads\/2026\/09\/maraton-lectura.jpg\" alt=\"\" width=\"1600\" height=\"800\" srcset=\"https:\/\/www.planbnoticias.com.ar\/wp-content\/uploads\/2026\/09\/maraton-lectura.jpg 1600w, https:\/\/www.planbnoticias.com.ar\/wp-content\/uploads\/2026\/09\/maraton-lectura-300x150.jpg 300w, https:\/\/www.planbnoticias.com.ar\/wp-content\/uploads\/2026\/09\/maraton-lectura-1024x512.jpg 1024w, https:\/\/www.planbnoticias.com.ar\/wp-content\/uploads\/2026\/09\/maraton-lectura-768x384.jpg 768w, https:\/\/www.planbnoticias.com.ar\/wp-content\/uploads\/2026\/09\/maraton-lectura-1536x768.jpg 1536w, https:\/\/www.planbnoticias.com.ar\/wp-content\/uploads\/2026\/09\/maraton-lectura-1170x585.jpg 1170w, https:\/\/www.planbnoticias.com.ar\/wp-content\/uploads\/2026\/09\/maraton-lectura-585x293.jpg 585w\" sizes=\"(max-width: 1600px) 100vw, 1600px\" \/><\/p>\n<p>El pr\u00f3ximo 2 de octubre se celebrar\u00e1 en todo el pa\u00eds la 24.\u00aa Marat\u00f3n Nacional de Lectura, organizada por Fundaci\u00f3n Leer. Un evento masivo que en su \u00faltima edici\u00f3n reuni\u00f3 a 4 millones de participantes y 14.500 instituciones.<\/p>\n<p>La edici\u00f3n del 2026 se har\u00e1 bajo el lema: \u201cDel futuro al m\u00e1s all\u00e1: cuando la literatura imagina otros mundos posibles\u201d.<\/p>\n<p>La convocatoria est\u00e1 dirigida a escuelas, bibliotecas y centros comunitarios de toda la Argentina. La inscripci\u00f3n es gratuita.<\/p>\n<p>Quienes participen acceden a gu\u00edas did\u00e1cticas y a la biblioteca digital gratuita Desaf\u00edo Leer.<\/p>\n<p>Para mayor informaci\u00f3n, ingresar a: <strong><a href=\"https:\/\/maraton.leer.org\/\" target=\"_blank\" rel=\"noopener\">https:\/\/maraton.leer.org\/<\/a><\/strong><\/p>\n","protected":false},"excerpt":{"rendered":"<p>El pr\u00f3ximo 2 de octubre se celebrar\u00e1 en todo el pa\u00eds la 24.\u00aa Marat\u00f3n Nacional de Lectura, organizada por Fundaci\u00f3n Leer. Un evento masivo que en su \u00faltima edici\u00f3n reuni\u00f3&hellip;<\/p>\n","protected":false},"author":2,"featured_media":512185,"comment_status":"closed","ping_status":"open","sticky":false,"template":"","format":"standard","meta":{"footnotes":""},"categories":[5],"tags":[],"class_list":["post-512184","post","type-post","status-publish","format-standard","has-post-thumbnail","hentry","category-cultura"],"jetpack_featured_media_url":"https:\/\/www.planbnoticias.com.ar\/wp-content\/uploads\/2026\/09\/maraton-lectura.jpg","_links":{"self":[{"href":"https:\/\/www.planbnoticias.com.ar\/index.php\/wp-json\/wp\/v2\/posts\/512184","targetHints":{"allow":["GET"]}}],"collection":[{"href":"https:\/\/www.planbnoticias.com.ar\/index.php\/wp-json\/wp\/v2\/posts"}],"about":[{"href":"https:\/\/www.planbnoticias.com.ar\/index.php\/wp-json\/wp\/v2\/types\/post"}],"author":[{"embeddable":true,"href":"https:\/\/www.planbnoticias.com.ar\/index.php\/wp-json\/wp\/v2\/users\/2"}],"replies":[{"embeddable":true,"href":"https:\/\/www.planbnoticias.com.ar\/index.php\/wp-json\/wp\/v2\/comments?post=512184"}],"version-history":[{"count":1,"href":"https:\/\/www.planbnoticias.com.ar\/index.php\/wp-json\/wp\/v2\/posts\/512184\/revisions"}],"predecessor-version":[{"id":512186,"href":"https:\/\/www.planbnoticias.com.ar\/index.php\/wp-json\/wp\/v2\/posts\/512184\/revisions\/512186"}],"wp:featuredmedia":[{"embeddable":true,"href":"https:\/\/www.planbnoticias.com.ar\/index.php\/wp-json\/wp\/v2\/media\/512185"}],"wp:attachment":[{"href":"https:\/\/www.planbnoticias.com.ar\/index.php\/wp-json\/wp\/v2\/media?parent=512184"}],"wp:term":[{"taxonomy":"category","embeddable":true,"href":"https:\/\/www.planbnoticias.com.ar\/index.php\/wp-json\/wp\/v2\/categories?post=512184"},{"taxonomy":"post_tag","embeddable":true,"href":"https:\/\/www.planbnoticias.com.ar\/index.php\/wp-json\/wp\/v2\/tags?post=512184"}],"curies":[{"name":"wp","href":"https:\/\/api.w.org\/{rel}","templated":true}]}}