{"id":512187,"date":"2026-09-03T07:50:42","date_gmt":"2026-09-03T10:50:42","guid":{"rendered":"https:\/\/www.planbnoticias.com.ar\/?p=512187"},"modified":"2026-09-03T07:51:02","modified_gmt":"2026-09-03T10:51:02","slug":"super-rigi-los-aliados-pidieron-mas-cambios-y-el-oficialismo-no-logro-dictamen-en-el-senado","status":"publish","type":"post","link":"https:\/\/www.planbnoticias.com.ar\/index.php\/2026\/09\/03\/super-rigi-los-aliados-pidieron-mas-cambios-y-el-oficialismo-no-logro-dictamen-en-el-senado\/","title":{"rendered":"S\u00faper RIGI: los aliados pidieron m\u00e1s cambios y el oficialismo no logr\u00f3 dictamen en el Senado"},"content":{"rendered":"<p><img fetchpriority=\"high\" decoding=\"async\" class=\"alignnone size-full wp-image-512188\" src=\"https:\/\/www.planbnoticias.com.ar\/wp-content\/uploads\/2026\/09\/superigi.webp\" alt=\"\" width=\"750\" height=\"500\" srcset=\"https:\/\/www.planbnoticias.com.ar\/wp-content\/uploads\/2026\/09\/superigi.webp 750w, https:\/\/www.planbnoticias.com.ar\/wp-content\/uploads\/2026\/09\/superigi-300x200.webp 300w, https:\/\/www.planbnoticias.com.ar\/wp-content\/uploads\/2026\/09\/superigi-585x390.webp 585w, https:\/\/www.planbnoticias.com.ar\/wp-content\/uploads\/2026\/09\/superigi-263x175.webp 263w\" sizes=\"(max-width: 750px) 100vw, 750px\" \/><\/p>\n<p>Un nuevo pedido de modificaciones de los aliados, fren\u00f3 la firma del despacho en el plenario de Presupuesto, Econom\u00eda y Legislaci\u00f3n General. Qui\u00e9nes fueron los ausentes. El pedido de cambios que elevaron el Pro, la Uni\u00f3n C\u00edvica Radical y Provincias Unidas.<\/p>\n<p>Luego de anunciar un principio de acuerdo con las modificaciones pedidas por los bloques aliados, el plenario de las comisiones de Presupuesto, Econom\u00eda y Legislaci\u00f3n General se qued\u00f3 sin dictaminar el proyecto de ley de S\u00faper RIGI y la reuni\u00f3n volvi\u00f3 a pasar a un nuevo cuarto intermedio. Siete senadores aliados estuvieron ausentes y el despacho qued\u00f3 lejos de las 26 r\u00fabricas necesarias.<\/p>\n<p>Entre los vocales ausentes estuvieron Carlos \u00abCamau\u00bb Esp\u00ednola y Alejandra Vigo de Provincias Unidas; Andrea Cristina del Pro; el bonaerense Maximiliano Abad; y la neuquina Julieta Corroza. Tampoco estuvieron en este plenario el radical Flavio Fama y la tucumana Beatriz \u00c1vila, quienes s\u00ed hab\u00edan estado presentes media hora antes en el debate del RIIR.<\/p>\n<p><script async src=\"\/\/pagead2.googlesyndication.com\/pagead\/js\/adsbygoogle.js\"><\/script><br \/>\n<!-- Publi m\u00f3vil interior nota --><br \/>\n<ins class=\"adsbygoogle\" style=\"display: inline-btiembrepblock; width: 320px; height: 100px;\" data-ad-client=\"ca-pub-7250018434179914\" data-ad-slot=\"1040343543\"><\/ins><br \/>\n<script>\n(adsbygoogle = window.adsbygoogle || []).push({});\n<\/script><\/p>\n<p>Seg\u00fan supo parlamentario.com, desde el Pro, un sector del radicalismo y Provincias Unidas exigieron un nuevo cambio en el dictamen: La incorporaci\u00f3n de la obligaci\u00f3n de compra de insumos a proveedores locales, incluso, cuando el producto nacional sea hasta un 15% m\u00e1s costoso que el importado.<\/p>\n<p>El segundo pedido de modificaciones a la media sanci\u00f3n del S\u00faper RIGI es el agregado para promover el desarrollo de proveedores locales en bienes tranzables. Hasta el martes pasado, el oficialismo cedi\u00f3 al pedido del 20% m\u00ednimo, pero ahora los aliados exigen el 40%, seg\u00fan constat\u00f3 este medio.<\/p>\n<p>Patricia Bullrich, jefa de bancada de La Libertad Avanza, encabez\u00f3 las conversaciones con los jefes de bloques aliados, quienes le comunicaron la nueva exigencia para acompa\u00f1ar. Finalmente, Mart\u00edn Go\u00ebrling Lara -una de las autoridades del plenario- y Victoria Huala del Pro decidieron no firmar este despacho; mientras que los radicales se dividieron.<\/p>\n<p>El encuentro plenario entre Presupuesto y Hacienda, Econom\u00eda e Inversi\u00f3n Nacional y Legislaci\u00f3n General apenas dur\u00f3 45 minutos y la mayor\u00eda de los vocales oficialistas pidi\u00f3 la palabra para ganar tiempo. Sin embargo, La Libertad Avanza solamente logr\u00f3 cosechar 20 r\u00fabricas, pero qued\u00f3 lejos de las 26 necesarias para avanzar con el despacho de comisiones.<\/p>\n<p>Apenas comenzado el encuentro la preocupaci\u00f3n se hizo notar en los rostros del oficialismo y fue cuando Agust\u00edn Monteverde, titular de Presupuesto, confirm\u00f3 la incorporaci\u00f3n de una de las modificaciones que adelant\u00f3 parlamentario.com: La obligaci\u00f3n de que las empresas que instalen un data center construyan sus propias subestaciones el\u00e9ctricas para mitigar el riesgo de interrupciones.<\/p>\n<p>Con un encuentro inicial para trazar el plan de debate, tres reuniones informativas con expositores y el plenario de este mi\u00e9rcoles, el S\u00faper RIGI pas\u00f3 a un cuarto intermedio y ser\u00e1 puesto a consideraci\u00f3n por sexta vez.<\/p>\n<p>Sin el acompa\u00f1amiento de los aliados, el oficialismo en la C\u00e1mara alta no pudo firmar el S\u00faper RIGI y se diluye el plan para llevarlo al recinto el pr\u00f3ximo jueves 10 de septiembre. En el oficialismo conf\u00edan en resolverlo la pr\u00f3xima semana, pero los aliados se endurecen con los pedidos. (Parlamentario).<\/p>\n","protected":false},"excerpt":{"rendered":"<p>Un nuevo pedido de modificaciones de los aliados, fren\u00f3 la firma del despacho en el plenario de Presupuesto, Econom\u00eda y Legislaci\u00f3n General. Qui\u00e9nes fueron los ausentes. El pedido de cambios&hellip;<\/p>\n","protected":false},"author":3,"featured_media":512188,"comment_status":"closed","ping_status":"open","sticky":false,"template":"","format":"standard","meta":{"footnotes":""},"categories":[12],"tags":[],"class_list":["post-512187","post","type-post","status-publish","format-standard","has-post-thumbnail","hentry","category-pais"],"jetpack_featured_media_url":"https:\/\/www.planbnoticias.com.ar\/wp-content\/uploads\/2026\/09\/superigi.webp","_links":{"self":[{"href":"https:\/\/www.planbnoticias.com.ar\/index.php\/wp-json\/wp\/v2\/posts\/512187","targetHints":{"allow":["GET"]}}],"collection":[{"href":"https:\/\/www.planbnoticias.com.ar\/index.php\/wp-json\/wp\/v2\/posts"}],"about":[{"href":"https:\/\/www.planbnoticias.com.ar\/index.php\/wp-json\/wp\/v2\/types\/post"}],"author":[{"embeddable":true,"href":"https:\/\/www.planbnoticias.com.ar\/index.php\/wp-json\/wp\/v2\/users\/3"}],"replies":[{"embeddable":true,"href":"https:\/\/www.planbnoticias.com.ar\/index.php\/wp-json\/wp\/v2\/comments?post=512187"}],"version-history":[{"count":2,"href":"https:\/\/www.planbnoticias.com.ar\/index.php\/wp-json\/wp\/v2\/posts\/512187\/revisions"}],"predecessor-version":[{"id":512190,"href":"https:\/\/www.planbnoticias.com.ar\/index.php\/wp-json\/wp\/v2\/posts\/512187\/revisions\/512190"}],"wp:featuredmedia":[{"embeddable":true,"href":"https:\/\/www.planbnoticias.com.ar\/index.php\/wp-json\/wp\/v2\/media\/512188"}],"wp:attachment":[{"href":"https:\/\/www.planbnoticias.com.ar\/index.php\/wp-json\/wp\/v2\/media?parent=512187"}],"wp:term":[{"taxonomy":"category","embeddable":true,"href":"https:\/\/www.planbnoticias.com.ar\/index.php\/wp-json\/wp\/v2\/categories?post=512187"},{"taxonomy":"post_tag","embeddable":true,"href":"https:\/\/www.planbnoticias.com.ar\/index.php\/wp-json\/wp\/v2\/tags?post=512187"}],"curies":[{"name":"wp","href":"https:\/\/api.w.org\/{rel}","templated":true}]}}