{"id":512191,"date":"2026-09-03T08:16:32","date_gmt":"2026-09-03T11:16:32","guid":{"rendered":"https:\/\/www.planbnoticias.com.ar\/?p=512191"},"modified":"2026-09-03T08:16:32","modified_gmt":"2026-09-03T11:16:32","slug":"dia-de-la-industria-enac-advirtio-que-sin-cambio-de-modelo-no-hay-produccion-nacional","status":"publish","type":"post","link":"https:\/\/www.planbnoticias.com.ar\/index.php\/2026\/09\/03\/dia-de-la-industria-enac-advirtio-que-sin-cambio-de-modelo-no-hay-produccion-nacional\/","title":{"rendered":"D\u00eda de la Industria: ENAC advirti\u00f3 que sin cambio de modelo, no hay producci\u00f3n nacional"},"content":{"rendered":"<p><img fetchpriority=\"high\" decoding=\"async\" class=\"alignnone size-full wp-image-512192\" src=\"https:\/\/www.planbnoticias.com.ar\/wp-content\/uploads\/2026\/09\/enac.webp\" alt=\"\" width=\"1920\" height=\"1080\" srcset=\"https:\/\/www.planbnoticias.com.ar\/wp-content\/uploads\/2026\/09\/enac.webp 1920w, https:\/\/www.planbnoticias.com.ar\/wp-content\/uploads\/2026\/09\/enac-300x169.webp 300w, https:\/\/www.planbnoticias.com.ar\/wp-content\/uploads\/2026\/09\/enac-1024x576.webp 1024w, https:\/\/www.planbnoticias.com.ar\/wp-content\/uploads\/2026\/09\/enac-768x432.webp 768w, https:\/\/www.planbnoticias.com.ar\/wp-content\/uploads\/2026\/09\/enac-1536x864.webp 1536w, https:\/\/www.planbnoticias.com.ar\/wp-content\/uploads\/2026\/09\/enac-1170x658.webp 1170w, https:\/\/www.planbnoticias.com.ar\/wp-content\/uploads\/2026\/09\/enac-585x329.webp 585w\" sizes=\"(max-width: 1920px) 100vw, 1920px\" \/><\/p>\n<p>En el D\u00eda de la Industria, desde ENAC advirtieron que la crisis productiva no es solamente una cuesti\u00f3n de coyuntura: es el resultado de un modelo que prioriza la apertura importadora, debilita el mercado interno y deja sin herramientas a quienes producen en Argentina.<\/p>\n<p>La industria nacional atraviesa un momento cr\u00edtico. Las empresas producen y venden menos, tienen dificultades crecientes para cobrar y enfrentan mayores problemas para acceder al financiamiento. Al mismo tiempo, la apertura importadora y el ingreso de productos extranjeros presionan sobre quienes producen localmente.<\/p>\n<p><strong>Los datos de nuestra encuesta Radar PyME muestran la magnitud del problema. La utilizaci\u00f3n promedio de la capacidad instalada fue de apenas 54,6%: casi la mitad de la capacidad productiva permanece ociosa.<\/strong><\/p>\n<p><script async src=\"\/\/pagead2.googlesyndication.com\/pagead\/js\/adsbygoogle.js\"><\/script><\/p>\n<p><!-- Publi m\u00f3vil interior nota --><\/p>\n<p>&nbsp;<\/p>\n<p><script><\/p>\n<p>(adsbygoogle = window.adsbygoogle || []).push({});<\/p>\n<p><\/script><\/p>\n<p><strong>Adem\u00e1s, el 46,7% de las PyMEs registr\u00f3 una ca\u00edda en sus ventas en volumen, el 32,2% trabaj\u00f3 con rentabilidad negativa y apenas el 19,2% prev\u00e9 realizar inversiones durante los pr\u00f3ximos seis meses.<\/strong><\/p>\n<p>Estos n\u00fameros expresan mucho m\u00e1s que una mala estad\u00edstica. Expresan f\u00e1bricas que producen menos, empresas que postergan inversiones, cadenas de valor que se debilitan y puestos de trabajo que quedan en riesgo.<\/p>\n<p><strong>El problema es el modelo<\/strong><\/p>\n<p>Desde ENAC creemos que no alcanza con analizar estos datos como una crisis pasajera.<\/p>\n<p>Hay una discusi\u00f3n de fondo sobre qu\u00e9 modelo econ\u00f3mico necesita la Argentina.<\/p>\n<p>Una econom\u00eda que facilita el ingreso de productos terminados mientras se deteriora el mercado interno termina debilitando a quienes producen en el pa\u00eds. Cuando una PyME vende menos, cobra m\u00e1s tarde y no encuentra financiamiento para sostener su capital de trabajo, no puede invertir ni ampliar su producci\u00f3n.<\/p>\n<p>Y cuando esa situaci\u00f3n se prolonga, el problema deja de ser individual: se pierde capacidad productiva nacional.<\/p>\n<p>La industria necesita demanda, cr\u00e9dito, inversi\u00f3n y previsibilidad. Necesita un mercado interno que permita producir y vender, y una pol\u00edtica comercial que tenga en cuenta el impacto de las importaciones sobre las empresas nacionales.<\/p>\n<p>No se trata de cerrar la econom\u00eda ni de impedir el comercio internacional. Se trata de definir qu\u00e9 queremos producir en Argentina y qu\u00e9 herramientas vamos a utilizar para que las empresas nacionales puedan hacerlo.<\/p>\n<p><strong>Sin PyMEs no hay entramado productivo fuerte<\/strong><\/p>\n<p>Las PyMEs ocupan un lugar central en la econom\u00eda real argentina. Son fabricantes, proveedoras, contratistas, prestadoras de servicios y parte de las cadenas de valor que sostienen la actividad productiva en todo el territorio.<\/p>\n<p>Por eso, defender a las PyMEs no significa defender solamente a las empresas: significa defender el trabajo, la producci\u00f3n y la capacidad de generar valor en nuestro pa\u00eds.<\/p>\n<p>Necesitamos que el cr\u00e9dito vuelva a estar al servicio de la producci\u00f3n. Necesitamos herramientas que permitan financiar capital de trabajo, invertir y crecer. Necesitamos pol\u00edticas que protejan el entramado productivo frente a pr\u00e1cticas desleales y una estrategia industrial que permita recuperar capacidades que hoy permanecen ociosas.<\/p>\n<p><strong>La Ley de Emergencia PyME: una herramienta urgente<\/strong><\/p>\n<p>Frente a esta situaci\u00f3n, desde ENAC seguimos impulsando en el Congreso la Ley de Emergencia PyME, que propone declarar la emergencia durante un a\u00f1o y establecer herramientas concretas para evitar que m\u00e1s empresas queden en el camino.<\/p>\n<p>El proyecto contempla, entre otras medidas, una reducci\u00f3n de los aumentos tarifarios de electricidad, gas y agua, la suspensi\u00f3n de ejecuciones fiscales, facilidades para regularizar deudas, incentivos para la generaci\u00f3n de empleo y herramientas para facilitar el acceso al financiamiento. Tambi\u00e9n incorpora medidas destinadas a fortalecer el mercado interno y priorizar la producci\u00f3n de las PyMEs nacionales.<\/p>\n<p>Desde ENAC entendemos que esta ley no resuelve el problema estructural de la econom\u00eda argentina. Es un paliativo. Pero, frente a empresas que hoy est\u00e1n al l\u00edmite, este paliativo es urgente.<\/p>\n<p>Si una PyME cierra mientras esperamos que se discuta un cambio de modelo, no se pierde solamente una empresa: se pierden puestos de trabajo, proveedores, conocimiento y capacidad productiva.<\/p>\n<p>Por eso seguimos seguimos trabajando para que el proyecto de Ley de Emergencia PyME avance en ambas c\u00e1maras y se convierta en una herramienta concreta para sostener la producci\u00f3n y el empleo.<\/p>\n<p><strong>La Argentina necesita volver a producir<\/strong><\/p>\n<p>El pa\u00eds tiene empresas, trabajadores, conocimiento y capacidad productiva. Lo que necesita es un modelo econ\u00f3mico que ponga esos recursos al servicio del desarrollo nacional.<\/p>\n<p>Por eso, en este D\u00eda de la Industria, el desaf\u00edo no es solamente reclamar medidas para atravesar la coyuntura. Es discutir qu\u00e9 industria queremos, qu\u00e9 lugar ocupan las PyMEs en ese proyecto y qu\u00e9 herramientas necesita la producci\u00f3n nacional para volver a crecer.<\/p>\n<p>La Ley de Emergencia PyME puede ayudar a evitar que m\u00e1s empresas queden en el camino. Pero despu\u00e9s de la emergencia seguir\u00e1 siendo necesario cambiar el modelo.<\/p>\n<p>Desde ENAC reafirmamos que NADIE SE SALVA SOLO y que esa disputa tiene que ser colectiva. Por eso desde la Asociaci\u00f3n seguimos convocando a que se sumen empresarios y empresarias a dar esta pelea, donde las PyMEs tienen que ser protagonistas de un modelo de pa\u00eds serio.<\/p>\n<p>Sin cambio de modelo, no hay producci\u00f3n nacional.<\/p>\n<p>Y sin producci\u00f3n nacional, no hay desarrollo posible.<\/p>\n","protected":false},"excerpt":{"rendered":"<p>En el D\u00eda de la Industria, desde ENAC advirtieron que la crisis productiva no es solamente una cuesti\u00f3n de coyuntura: es el resultado de un modelo que prioriza la apertura&hellip;<\/p>\n","protected":false},"author":3,"featured_media":512192,"comment_status":"closed","ping_status":"open","sticky":false,"template":"","format":"standard","meta":{"footnotes":""},"categories":[12],"tags":[],"class_list":["post-512191","post","type-post","status-publish","format-standard","has-post-thumbnail","hentry","category-pais"],"jetpack_featured_media_url":"https:\/\/www.planbnoticias.com.ar\/wp-content\/uploads\/2026\/09\/enac.webp","_links":{"self":[{"href":"https:\/\/www.planbnoticias.com.ar\/index.php\/wp-json\/wp\/v2\/posts\/512191","targetHints":{"allow":["GET"]}}],"collection":[{"href":"https:\/\/www.planbnoticias.com.ar\/index.php\/wp-json\/wp\/v2\/posts"}],"about":[{"href":"https:\/\/www.planbnoticias.com.ar\/index.php\/wp-json\/wp\/v2\/types\/post"}],"author":[{"embeddable":true,"href":"https:\/\/www.planbnoticias.com.ar\/index.php\/wp-json\/wp\/v2\/users\/3"}],"replies":[{"embeddable":true,"href":"https:\/\/www.planbnoticias.com.ar\/index.php\/wp-json\/wp\/v2\/comments?post=512191"}],"version-history":[{"count":1,"href":"https:\/\/www.planbnoticias.com.ar\/index.php\/wp-json\/wp\/v2\/posts\/512191\/revisions"}],"predecessor-version":[{"id":512193,"href":"https:\/\/www.planbnoticias.com.ar\/index.php\/wp-json\/wp\/v2\/posts\/512191\/revisions\/512193"}],"wp:featuredmedia":[{"embeddable":true,"href":"https:\/\/www.planbnoticias.com.ar\/index.php\/wp-json\/wp\/v2\/media\/512192"}],"wp:attachment":[{"href":"https:\/\/www.planbnoticias.com.ar\/index.php\/wp-json\/wp\/v2\/media?parent=512191"}],"wp:term":[{"taxonomy":"category","embeddable":true,"href":"https:\/\/www.planbnoticias.com.ar\/index.php\/wp-json\/wp\/v2\/categories?post=512191"},{"taxonomy":"post_tag","embeddable":true,"href":"https:\/\/www.planbnoticias.com.ar\/index.php\/wp-json\/wp\/v2\/tags?post=512191"}],"curies":[{"name":"wp","href":"https:\/\/api.w.org\/{rel}","templated":true}]}}