{"id":512194,"date":"2026-09-03T08:40:10","date_gmt":"2026-09-03T11:40:10","guid":{"rendered":"https:\/\/www.planbnoticias.com.ar\/?p=512194"},"modified":"2026-09-03T08:40:10","modified_gmt":"2026-09-03T11:40:10","slug":"caputo-afirmo-que-en-dos-anos-aun-habra-gente-que-no-llegue-a-fin-de-mes-no-puedo-hacer-magia","status":"publish","type":"post","link":"https:\/\/www.planbnoticias.com.ar\/index.php\/2026\/09\/03\/caputo-afirmo-que-en-dos-anos-aun-habra-gente-que-no-llegue-a-fin-de-mes-no-puedo-hacer-magia\/","title":{"rendered":"Caputo afirm\u00f3 que en dos a\u00f1os a\u00fan habr\u00e1 gente que no llegue a fin de mes: \u201cNo puedo hacer magia\u201d"},"content":{"rendered":"<p><img fetchpriority=\"high\" decoding=\"async\" class=\"alignnone size-full wp-image-448834\" src=\"https:\/\/www.planbnoticias.com.ar\/wp-content\/uploads\/2025\/02\/milei-caputo.jpeg\" alt=\"\" width=\"2016\" height=\"1512\" srcset=\"https:\/\/www.planbnoticias.com.ar\/wp-content\/uploads\/2025\/02\/milei-caputo.jpeg 2016w, https:\/\/www.planbnoticias.com.ar\/wp-content\/uploads\/2025\/02\/milei-caputo-300x225.jpeg 300w, https:\/\/www.planbnoticias.com.ar\/wp-content\/uploads\/2025\/02\/milei-caputo-1024x768.jpeg 1024w, https:\/\/www.planbnoticias.com.ar\/wp-content\/uploads\/2025\/02\/milei-caputo-768x576.jpeg 768w, https:\/\/www.planbnoticias.com.ar\/wp-content\/uploads\/2025\/02\/milei-caputo-1536x1152.jpeg 1536w, https:\/\/www.planbnoticias.com.ar\/wp-content\/uploads\/2025\/02\/milei-caputo-1170x878.jpeg 1170w, https:\/\/www.planbnoticias.com.ar\/wp-content\/uploads\/2025\/02\/milei-caputo-585x439.jpeg 585w\" sizes=\"(max-width: 2016px) 100vw, 2016px\" \/><\/p>\n<p>Caputo defendi\u00f3 el rumbo econ\u00f3mico de la gesti\u00f3n del presidente Javier Milei y dijo que se traz\u00f3 el \u201ccamino correcto\u201d.<\/p>\n<p>El ministro de Econom\u00eda, Luis Caputo, defendi\u00f3 este mi\u00e9rcoles el rumbo econ\u00f3mico de la gesti\u00f3n del presidente Javier Milei, al asegurar que el camino trazado es el \u00abcorrecto\u00bb, aunque advirti\u00f3 que la recuperaci\u00f3n requiere tiempo y que \u00abdentro de dos a\u00f1os a\u00fan va a haber gente que no va a llegar a fin de mes\u00bb.<\/p>\n<p>Al retirarse de la convenci\u00f3n libertaria \u00abVientos de Cambio\u00bb en el hotel Sheraton, antes del discurso del mandatario nacional, el funcionario enfatiz\u00f3 que \u00abArgentina no va a ser Suiza en un a\u00f1o\u00bb y remarc\u00f3: \u00abYo no puedo hacer magia, tengo que lograr que cada vez esos argentinos que no llegan a fin de mes sean menos. Y eso se est\u00e1 logrando\u00bb.<\/p>\n<p>Durante su contacto con la prensa, Caputo sostuvo que la pobreza en el pa\u00eds \u00abbaj\u00f3 a la mitad\u00bb y cuestion\u00f3 la falta de reconocimiento sobre los indicadores oficiales.<\/p>\n<p><script async src=\"\/\/pagead2.googlesyndication.com\/pagead\/js\/adsbygoogle.js\"><\/script><\/p>\n<p><!-- Publi m\u00f3vil interior nota --><\/p>\n<p>&nbsp;<\/p>\n<p><script><\/p>\n<p>(adsbygoogle = window.adsbygoogle || []).push({});<\/p>\n<p><\/script><\/p>\n<p>\u00abSi mir\u00e1s a los \u00faltimos 20 a\u00f1os, fuimos un desastre y si mir\u00e1s hacia d\u00f3nde vamos hoy, es todo para bien. Venimos de un modelo financiero y vamos a un modelo de reconversi\u00f3n\u00bb, contrapuso en duras cr\u00edticas hacia el kirchnerismo.<\/p>\n<p>En esa misma l\u00ednea, remarc\u00f3 la necesidad de integrarse a los mercados internacionales: \u00abSi no nos adaptamos al mundo, cerremos las fronteras. Argentina no tiene opci\u00f3n de no conectarse al mundo\u00bb.<\/p>\n<p>Ante la consulta sobre los sectores que a\u00fan no perciben la mejora econ\u00f3mica, respondi\u00f3 que \u00aben Estados Unidos tambi\u00e9n hay gente que no llega a fin de mes\u00bb y ratific\u00f3 la orientaci\u00f3n actual: \u00abEstamos seguros de que este es el camino correcto, estamos seguros nosotros, en el exterior y los empresarios. Lo importante es la perseverancia. Si no nos desviamos del camino, de ac\u00e1 a los pr\u00f3ximos 20 a\u00f1os esto va a ser otro pa\u00eds\u00bb. (Agencia NA).<\/p>\n","protected":false},"excerpt":{"rendered":"<p>Caputo defendi\u00f3 el rumbo econ\u00f3mico de la gesti\u00f3n del presidente Javier Milei y dijo que se traz\u00f3 el \u201ccamino correcto\u201d. El ministro de Econom\u00eda, Luis Caputo, defendi\u00f3 este mi\u00e9rcoles el&hellip;<\/p>\n","protected":false},"author":3,"featured_media":448834,"comment_status":"closed","ping_status":"open","sticky":false,"template":"","format":"standard","meta":{"footnotes":""},"categories":[12],"tags":[],"class_list":["post-512194","post","type-post","status-publish","format-standard","has-post-thumbnail","hentry","category-pais"],"jetpack_featured_media_url":"https:\/\/www.planbnoticias.com.ar\/wp-content\/uploads\/2025\/02\/milei-caputo.jpeg","_links":{"self":[{"href":"https:\/\/www.planbnoticias.com.ar\/index.php\/wp-json\/wp\/v2\/posts\/512194","targetHints":{"allow":["GET"]}}],"collection":[{"href":"https:\/\/www.planbnoticias.com.ar\/index.php\/wp-json\/wp\/v2\/posts"}],"about":[{"href":"https:\/\/www.planbnoticias.com.ar\/index.php\/wp-json\/wp\/v2\/types\/post"}],"author":[{"embeddable":true,"href":"https:\/\/www.planbnoticias.com.ar\/index.php\/wp-json\/wp\/v2\/users\/3"}],"replies":[{"embeddable":true,"href":"https:\/\/www.planbnoticias.com.ar\/index.php\/wp-json\/wp\/v2\/comments?post=512194"}],"version-history":[{"count":1,"href":"https:\/\/www.planbnoticias.com.ar\/index.php\/wp-json\/wp\/v2\/posts\/512194\/revisions"}],"predecessor-version":[{"id":512195,"href":"https:\/\/www.planbnoticias.com.ar\/index.php\/wp-json\/wp\/v2\/posts\/512194\/revisions\/512195"}],"wp:featuredmedia":[{"embeddable":true,"href":"https:\/\/www.planbnoticias.com.ar\/index.php\/wp-json\/wp\/v2\/media\/448834"}],"wp:attachment":[{"href":"https:\/\/www.planbnoticias.com.ar\/index.php\/wp-json\/wp\/v2\/media?parent=512194"}],"wp:term":[{"taxonomy":"category","embeddable":true,"href":"https:\/\/www.planbnoticias.com.ar\/index.php\/wp-json\/wp\/v2\/categories?post=512194"},{"taxonomy":"post_tag","embeddable":true,"href":"https:\/\/www.planbnoticias.com.ar\/index.php\/wp-json\/wp\/v2\/tags?post=512194"}],"curies":[{"name":"wp","href":"https:\/\/api.w.org\/{rel}","templated":true}]}}