{"id":512198,"date":"2026-09-03T10:27:54","date_gmt":"2026-09-03T13:27:54","guid":{"rendered":"https:\/\/www.planbnoticias.com.ar\/?p=512198"},"modified":"2026-09-03T12:36:28","modified_gmt":"2026-09-03T15:36:28","slug":"presion-de-estados-unidos-sobre-calf-es-un-problema-de-soberania-nacional","status":"publish","type":"post","link":"https:\/\/www.planbnoticias.com.ar\/index.php\/2026\/09\/03\/presion-de-estados-unidos-sobre-calf-es-un-problema-de-soberania-nacional\/","title":{"rendered":"Presi\u00f3n de Estados Unidos sobre CALF: \u201cEs un problema de soberan\u00eda nacional\u201d"},"content":{"rendered":"<p><img fetchpriority=\"high\" decoding=\"async\" class=\"alignnone size-full wp-image-512199\" src=\"https:\/\/www.planbnoticias.com.ar\/wp-content\/uploads\/2026\/09\/simpson-alfageme-repudio-a-calf.avif\" alt=\"\" width=\"1000\" height=\"750\" srcset=\"https:\/\/www.planbnoticias.com.ar\/wp-content\/uploads\/2026\/09\/simpson-alfageme-repudio-a-calf.avif 1000w, https:\/\/www.planbnoticias.com.ar\/wp-content\/uploads\/2026\/09\/simpson-alfageme-repudio-a-calf-300x225.avif 300w, https:\/\/www.planbnoticias.com.ar\/wp-content\/uploads\/2026\/09\/simpson-alfageme-repudio-a-calf-768x576.avif 768w, https:\/\/www.planbnoticias.com.ar\/wp-content\/uploads\/2026\/09\/simpson-alfageme-repudio-a-calf-585x439.avif 585w\" sizes=\"(max-width: 1000px) 100vw, 1000px\" \/><\/p>\n<p>El titular de la CPE, Manuel Simpson, y el concejal Mariano Alfageme \u2014que present\u00f3 un proyecto de repudio en el Deliberante\u2014 cuestionaron la intervenci\u00f3n de la embajada estadounidense y reclamaron un posicionamiento del Gobierno nacional frente a las presiones sobre la cooperativa neuquina.<\/p>\n<p>Manuel Simpson, presidente del Consejo de Administraci\u00f3n de la CPE, particip\u00f3 este jueves en la Comisi\u00f3n de Derechos Humanos del Concejo Deliberante de Santa Rosa\u00a0y expuso sobre las presiones de la embajada de Estados Unidos a la cooperativa CALF, de Neuqu\u00e9n, en el marco de un proyecto de repudio a la intromisi\u00f3n norteamericana, presentado por el concejal de Patria Grande en el FreJuPa, Mariano Alfageme.<\/p>\n<p>\u201cNos invitaron por un proyecto de repudio a las acciones que tuvo la embajada de Estados Unidos, por una decisi\u00f3n soberana de CALF, la cooperativa de Neuqu\u00e9n, en funci\u00f3n de la compra de infraestructura a Huawei para su proyecto de fibra \u00f3ptica\u201d, dijo el presidente del Consejo de Administraci\u00f3n a Plan B.<\/p>\n<p><script async src=\"\/\/pagead2.googlesyndication.com\/pagead\/js\/adsbygoogle.js\"><\/script><\/p>\n<p><!-- Publi m\u00f3vil interior nota --><\/p>\n<p>&nbsp;<\/p>\n<p><script><\/p>\n<p>(adsbygoogle = window.adsbygoogle || []).push({});<\/p>\n<p><\/script><\/p>\n<p>\u201cFue algo que tuvo p\u00fablico conocimiento a nivel nacional y el concejal Alfageme tuvo la iniciativa para que podamos exponer y contar qu\u00e9 fue lo que ocurri\u00f3, porque fuimos participantes de una reuni\u00f3n en Neuqu\u00e9n, que en principio ten\u00eda que ver con un proyecto de imposici\u00f3n de ganancias a la cooperativa, cuando sabemos que el movimiento cooperativo no tiene por definici\u00f3n de ninguna manera la incoporaci\u00f3n de ganancias, porque no la hay y este tema coincidi\u00f3 contra la avanzada contra CALF y, a la vez, hicimos la manifestaci\u00f3n p\u00fablica de rechazo\u201d, explic\u00f3.<\/p>\n<p>\u201cMostramos el m\u00fasculo como sector cooperativo, que, todav\u00eda hoy tenemos nuestra construcci\u00f3n y esto permite que nos juntemos y defendamos nuestros intereses\u201d, destac\u00f3 Simpson.<\/p>\n<p>Consultado sobre las presiones sobre CALF, el presidente del Consejo de Administraci\u00f3n dijo que \u201cpara ellos, la l\u00f3gica pasa por la geopol\u00edtica. CALF le brinda servicios a Vaca Muerta y hay una suerte de andanada que plantea que la soberan\u00eda nacional norteamericana pasa por defender Vaca Muerta y \u2018la seguridad nacional\u2019, como le mencionaron al presidente de CALF, en una embajada, como si fueran recursos propios, de Estados Unidos\u201d.<\/p>\n<p>\u201cEsto es grave, trasciende el problema del cooperativismo, de la provincia y es un problema a nivel nacional, donde el estado deber\u00eda posicionarse en esto y rechazar semejante manifestaci\u00f3n de intervenir o incorporarse a las decisiones de un pa\u00eds, de manera intempestiva\u201d.<\/p>\n<p><b>Por su parte, el concejal de Patria Grande en el FreJuPa, Mariano Alfageme, explic\u00f3 la iniciativa.<\/b> \u201cEs un proyecto que presentamos en relaci\u00f3n a las amenazas que sufri\u00f3 el presidente de la Cooperativa de Servicios P\u00fablicos de Neuqu\u00e9n, por parte de la embajada de Estados Unidos, haciendo menci\u00f3n a que se hac\u00eda alg\u00fan tipo de convenio con la empresa china Huawei y suspender\u00edan las visas de argentinos a Estados Unidos y otras presiones, que no fueron p\u00fablicas, pero que nos manifestaron desde la CPE, con presiones del gobierno nacional para intervenir a la conducci\u00f3n de CALF, algo especialmente grave\u201d.<\/p>\n<p>\u201cEn esto, queremos llamar la atenci\u00f3n a la absoluta pasividad y silencio del gobierno nacional frente a este hecho de gravedad extrema, que atenta contra la soberan\u00eda nacional. Hoy el presidente dar\u00e1 una cadena nacional en relaci\u00f3n a la revisi\u00f3n de la postura de Estados Unidos a la soberan\u00eda de Malvinas, pero nada han dicho sobre esta injerencia abierta de la embajada yanqui en un territorio soberano argentino, como es la cuenca neuquina, que es la llave de las exportaciones argentinas\u201d, critic\u00f3 Alfageme.<\/p>\n<p>\u201cEntendemos que esto es un problema de geopol\u00edtica. As\u00ed como se metieron con CALF, lo pueden hacer con cualquier cooperativa o instituci\u00f3n argentina. Entendemos que de todo el arco pol\u00edtico, m\u00e1s all\u00e1 de las diferencias ideol\u00f3gicas que podamos tener, hay que rechazar esto y, en ese sentido, presentamos este proyecto ac\u00e1 en el Concejo Deliberante y ponerlo en conocimiento del resto de concejales y concelajas del arco pol\u00edtico santarrose\u00f1o. Por eso, invitamos a las autoridades de la CPE que hab\u00edan estado presentes y que conoc\u00edan de primera mano c\u00f3mo fue la situaci\u00f3n\u201d, finaliz\u00f3 el edil de Patria Grande en el FreJuPa.<\/p>\n","protected":false},"excerpt":{"rendered":"<p>El titular de la CPE, Manuel Simpson, y el concejal Mariano Alfageme \u2014que present\u00f3 un proyecto de repudio en el Deliberante\u2014 cuestionaron la intervenci\u00f3n de la embajada estadounidense y reclamaron&hellip;<\/p>\n","protected":false},"author":3,"featured_media":512199,"comment_status":"closed","ping_status":"open","sticky":false,"template":"","format":"standard","meta":{"footnotes":""},"categories":[4,15],"tags":[],"class_list":["post-512198","post","type-post","status-publish","format-standard","has-post-thumbnail","hentry","category-ciudad","category-tapa"],"jetpack_featured_media_url":"https:\/\/www.planbnoticias.com.ar\/wp-content\/uploads\/2026\/09\/simpson-alfageme-repudio-a-calf.avif","_links":{"self":[{"href":"https:\/\/www.planbnoticias.com.ar\/index.php\/wp-json\/wp\/v2\/posts\/512198","targetHints":{"allow":["GET"]}}],"collection":[{"href":"https:\/\/www.planbnoticias.com.ar\/index.php\/wp-json\/wp\/v2\/posts"}],"about":[{"href":"https:\/\/www.planbnoticias.com.ar\/index.php\/wp-json\/wp\/v2\/types\/post"}],"author":[{"embeddable":true,"href":"https:\/\/www.planbnoticias.com.ar\/index.php\/wp-json\/wp\/v2\/users\/3"}],"replies":[{"embeddable":true,"href":"https:\/\/www.planbnoticias.com.ar\/index.php\/wp-json\/wp\/v2\/comments?post=512198"}],"version-history":[{"count":5,"href":"https:\/\/www.planbnoticias.com.ar\/index.php\/wp-json\/wp\/v2\/posts\/512198\/revisions"}],"predecessor-version":[{"id":512213,"href":"https:\/\/www.planbnoticias.com.ar\/index.php\/wp-json\/wp\/v2\/posts\/512198\/revisions\/512213"}],"wp:featuredmedia":[{"embeddable":true,"href":"https:\/\/www.planbnoticias.com.ar\/index.php\/wp-json\/wp\/v2\/media\/512199"}],"wp:attachment":[{"href":"https:\/\/www.planbnoticias.com.ar\/index.php\/wp-json\/wp\/v2\/media?parent=512198"}],"wp:term":[{"taxonomy":"category","embeddable":true,"href":"https:\/\/www.planbnoticias.com.ar\/index.php\/wp-json\/wp\/v2\/categories?post=512198"},{"taxonomy":"post_tag","embeddable":true,"href":"https:\/\/www.planbnoticias.com.ar\/index.php\/wp-json\/wp\/v2\/tags?post=512198"}],"curies":[{"name":"wp","href":"https:\/\/api.w.org\/{rel}","templated":true}]}}