{"id":512207,"date":"2026-09-03T11:53:09","date_gmt":"2026-09-03T14:53:09","guid":{"rendered":"https:\/\/www.planbnoticias.com.ar\/?p=512207"},"modified":"2026-09-03T12:37:08","modified_gmt":"2026-09-03T15:37:08","slug":"desde-las-21-milei-hablara-en-cadena-nacional-sobre-el-tema-malvinas","status":"publish","type":"post","link":"https:\/\/www.planbnoticias.com.ar\/index.php\/2026\/09\/03\/desde-las-21-milei-hablara-en-cadena-nacional-sobre-el-tema-malvinas\/","title":{"rendered":"Desde las 21 Milei hablar\u00e1 en cadena nacional sobre el tema Malvinas"},"content":{"rendered":"<p><img fetchpriority=\"high\" decoding=\"async\" class=\"alignnone size-full wp-image-508513\" src=\"https:\/\/www.planbnoticias.com.ar\/wp-content\/uploads\/2026\/07\/milei-cadena11.webp\" alt=\"\" width=\"900\" height=\"720\" srcset=\"https:\/\/www.planbnoticias.com.ar\/wp-content\/uploads\/2026\/07\/milei-cadena11.webp 900w, https:\/\/www.planbnoticias.com.ar\/wp-content\/uploads\/2026\/07\/milei-cadena11-300x240.webp 300w, https:\/\/www.planbnoticias.com.ar\/wp-content\/uploads\/2026\/07\/milei-cadena11-768x614.webp 768w, https:\/\/www.planbnoticias.com.ar\/wp-content\/uploads\/2026\/07\/milei-cadena11-585x468.webp 585w\" sizes=\"(max-width: 900px) 100vw, 900px\" \/><\/p>\n<p>El presidente Javier Milei brindar\u00e1 desde las 21 un un mensaje en cadena nacional para contar detalles de los \u201cavances diplom\u00e1ticos\u201d en relaci\u00f3n a la cuesti\u00f3n Malvinas.<\/p>\n<p>Milei centr\u00f3 su mensaje en la cuesti\u00f3n Malvinas durante la reuni\u00f3n de Gabinete que encabez\u00f3 el pasado martes, luego de que su par de Estados Unidos Donald Trump revelara que revisar\u00eda su postura en torno a la tem\u00e1tica.<\/p>\n<p>\u201cVamos a hacer un repaso de lo que ocurre en la cuesti\u00f3n internacional, ayer ha pasado algo muy fuerte respecto a la causa m\u00e1s importante y sagrada que tenemos los argentinos\u201d, destac\u00f3 el mandatario en declaraciones a El Observador antes del inicio de la reuni\u00f3n con sus ministros en Casa Rosada.<\/p>\n<p>En un comunicado, Presidencia detall\u00f3 que en la reuni\u00f3n Milei \u201crepas\u00f3 los logros del plan econ\u00f3mico del Gobierno y las pol\u00edticas que llevan adelante los diferentes ministerios, as\u00ed como el avance diplom\u00e1tico en materia de defensa de la soberan\u00eda de las Islas Malvinas\u201d.<\/p>\n<p><script async src=\"\/\/pagead2.googlesyndication.com\/pagead\/js\/adsbygoogle.js\"><\/script><br \/>\n<!-- Publi m\u00f3vil interior nota --><br \/>\n<ins class=\"adsbygoogle\" style=\"display: inline-btiembrepblock; width: 320px; height: 100px;\" data-ad-client=\"ca-pub-7250018434179914\" data-ad-slot=\"1040343543\"><\/ins><br \/>\n<script>\n(adsbygoogle = window.adsbygoogle || []).push({});\n<\/script><\/p>\n<p>\u201cDurante el encuentro, el jefe de Estado analiz\u00f3 la evoluci\u00f3n de los indicadores que dan cuenta del mercado laboral, la baja de la tasa de inflaci\u00f3n y el proceso de crecimiento de la econom\u00eda. En este punto, se tom\u00f3 como referencia el art\u00edculo publicado, el \u00faltimo fin de semana, por el ministro de Desregulaci\u00f3n y Transformaci\u00f3n del Estado, Federico Sturzenegger, quien busc\u00f3 contrastar los resultados de la gesti\u00f3n frente a la informaci\u00f3n que publican los medios de comunicaci\u00f3n\u201d, se indic\u00f3.<\/p>\n<p>Por su parte, el ministro de Relaciones Exteriores, Pablo Quirno, hizo un an\u00e1lisis sobre los avances diplom\u00e1ticos que lleva adelante la Canciller\u00eda en defensa de la soberan\u00eda de las islas Malvinas\u201d.<\/p>\n<p>En este marco se determin\u00f3 que \u201cel jueves por la noche el Presidente realizar\u00e1 una cadena nacional donde brindar\u00e1 mayores detalles a la poblaci\u00f3n sobre este tema\u201d.<\/p>\n<p>Luego de la reuni\u00f3n de Gabiente, el vocero presidencial Alejandro Ravier detall\u00f3 que el mensaje por cadena ancional de Milei sobre Malvinas ser\u00e1 a las 21. (Agencia NA).<\/p>\n","protected":false},"excerpt":{"rendered":"<p>El presidente Javier Milei brindar\u00e1 desde las 21 un un mensaje en cadena nacional para contar detalles de los \u201cavances diplom\u00e1ticos\u201d en relaci\u00f3n a la cuesti\u00f3n Malvinas. Milei centr\u00f3 su&hellip;<\/p>\n","protected":false},"author":3,"featured_media":508513,"comment_status":"closed","ping_status":"open","sticky":false,"template":"","format":"standard","meta":{"footnotes":""},"categories":[7,12],"tags":[],"class_list":["post-512207","post","type-post","status-publish","format-standard","has-post-thumbnail","hentry","category-destacadas","category-pais"],"jetpack_featured_media_url":"https:\/\/www.planbnoticias.com.ar\/wp-content\/uploads\/2026\/07\/milei-cadena11.webp","_links":{"self":[{"href":"https:\/\/www.planbnoticias.com.ar\/index.php\/wp-json\/wp\/v2\/posts\/512207","targetHints":{"allow":["GET"]}}],"collection":[{"href":"https:\/\/www.planbnoticias.com.ar\/index.php\/wp-json\/wp\/v2\/posts"}],"about":[{"href":"https:\/\/www.planbnoticias.com.ar\/index.php\/wp-json\/wp\/v2\/types\/post"}],"author":[{"embeddable":true,"href":"https:\/\/www.planbnoticias.com.ar\/index.php\/wp-json\/wp\/v2\/users\/3"}],"replies":[{"embeddable":true,"href":"https:\/\/www.planbnoticias.com.ar\/index.php\/wp-json\/wp\/v2\/comments?post=512207"}],"version-history":[{"count":1,"href":"https:\/\/www.planbnoticias.com.ar\/index.php\/wp-json\/wp\/v2\/posts\/512207\/revisions"}],"predecessor-version":[{"id":512208,"href":"https:\/\/www.planbnoticias.com.ar\/index.php\/wp-json\/wp\/v2\/posts\/512207\/revisions\/512208"}],"wp:featuredmedia":[{"embeddable":true,"href":"https:\/\/www.planbnoticias.com.ar\/index.php\/wp-json\/wp\/v2\/media\/508513"}],"wp:attachment":[{"href":"https:\/\/www.planbnoticias.com.ar\/index.php\/wp-json\/wp\/v2\/media?parent=512207"}],"wp:term":[{"taxonomy":"category","embeddable":true,"href":"https:\/\/www.planbnoticias.com.ar\/index.php\/wp-json\/wp\/v2\/categories?post=512207"},{"taxonomy":"post_tag","embeddable":true,"href":"https:\/\/www.planbnoticias.com.ar\/index.php\/wp-json\/wp\/v2\/tags?post=512207"}],"curies":[{"name":"wp","href":"https:\/\/api.w.org\/{rel}","templated":true}]}}