{"id":512209,"date":"2026-09-03T11:57:43","date_gmt":"2026-09-03T14:57:43","guid":{"rendered":"https:\/\/www.planbnoticias.com.ar\/?p=512209"},"modified":"2026-09-03T11:57:43","modified_gmt":"2026-09-03T14:57:43","slug":"prevencion-del-suicidio-con-mas-de-30-actividades-difunden-agenda-de-sensibilizacion","status":"publish","type":"post","link":"https:\/\/www.planbnoticias.com.ar\/index.php\/2026\/09\/03\/prevencion-del-suicidio-con-mas-de-30-actividades-difunden-agenda-de-sensibilizacion\/","title":{"rendered":"Prevenci\u00f3n del suicidio: con m\u00e1s de 30 actividades, difunden agenda de sensibilizaci\u00f3n"},"content":{"rendered":"<p><img fetchpriority=\"high\" decoding=\"async\" class=\"alignnone size-full wp-image-509100\" src=\"https:\/\/www.planbnoticias.com.ar\/wp-content\/uploads\/2026\/08\/margin-malga2.jpg\" alt=\"\" width=\"960\" height=\"627\" srcset=\"https:\/\/www.planbnoticias.com.ar\/wp-content\/uploads\/2026\/08\/margin-malga2.jpg 960w, https:\/\/www.planbnoticias.com.ar\/wp-content\/uploads\/2026\/08\/margin-malga2-300x196.jpg 300w, https:\/\/www.planbnoticias.com.ar\/wp-content\/uploads\/2026\/08\/margin-malga2-768x502.jpg 768w, https:\/\/www.planbnoticias.com.ar\/wp-content\/uploads\/2026\/08\/margin-malga2-585x382.jpg 585w\" sizes=\"(max-width: 960px) 100vw, 960px\" \/><\/p>\n<p>En el marco del D\u00eda Mundial para la Prevenci\u00f3n del Suicidio, que se conmemora cada 10 de septiembre, el Gobierno provincial, a trav\u00e9s del Ministerio de Salud y la Subsecretar\u00eda de Salud Mental y Adicciones, impulsa una agenda provincial de acciones durante todo el mes de septiembre.<\/p>\n<p>El subsecretario de Salud Mental y Adicciones, Mart\u00edn Malg\u00e1, explic\u00f3 a la Agencia Provincial de Noticias que \u201cdurante septiembre se despliega una agenda intersectorial, en el marco de una pol\u00edtica p\u00fablica sostenida por el Gobierno provincial que pone el acompa\u00f1amiento y la construcci\u00f3n colectiva como pilares del cuidado de la salud\u201d. La propuesta contempla jornadas de sensibilizaci\u00f3n, capacitaciones para equipos de salud, actividades comunitarias y espacios de di\u00e1logo abiertos a la ciudadan\u00eda, con el objetivo de sensibilizar sobre la tem\u00e1tica, ofrecer espacios de escucha y fortalecer las redes de contenci\u00f3n en cada localidad.<\/p>\n<p><script async src=\"\/\/pagead2.googlesyndication.com\/pagead\/js\/adsbygoogle.js\"><\/script><\/p>\n<p><!-- Publi m\u00f3vil interior nota --><\/p>\n<p>&nbsp;<\/p>\n<p><script><\/p>\n<p>(adsbygoogle = window.adsbygoogle || []).push({});<\/p>\n<p><\/script><\/p>\n<p>Desde la cartera sanitaria se destac\u00f3 la importancia de abordar la prevenci\u00f3n del suicidio de manera integral, con la participaci\u00f3n de instituciones educativas, organizaciones sociales, efectores de salud y la comunidad en general, promoviendo el trabajo articulado entre los distintos niveles del Estado.<\/p>\n<p><strong>Construcci\u00f3n colectiva desde las juventudes<\/strong><\/p>\n<p>El lema elegido para este a\u00f1o, \u00abEscucharnos es el primer paso para cuidarnos\u00bb, naci\u00f3 de la puesta en com\u00fan de j\u00f3venes del Instituto Agrot\u00e9cnico de Rancul, en el marco de espacios de di\u00e1logo y reflexi\u00f3n sobre salud mental impulsados junto a la comunidad educativa, y fue presentado tambi\u00e9n en las Jornadas Nacionales de Psicolog\u00eda e Infancias realizadas este a\u00f1o en La Pampa. En este sentido, el funcionario destac\u00f3 la importancia de esta acci\u00f3n \u201cinvolucrar a los j\u00f3venes desde el inicio del proceso, y no solo como receptores de un mensaje ya elaborado, fortalece el sentido de pertenencia y el compromiso colectivo con el cuidado de la salud mental. Escuchar a los y las j\u00f3venes, y construir junto a ellos los mensajes que se difunden en cada actividad, es tambi\u00e9n una forma de poner en pr\u00e1ctica aquello que el lema propone: que cuidarnos empieza por escucharnos\u201d.<\/p>\n<p><strong>Actividades<\/strong><\/p>\n<p>M\u00e1s de treinta son las actividades que se desarrollar\u00e1n en distintos puntos del territorio provincial, con jornadas de sensibilizaci\u00f3n e intercambio en localidades como Arata, 25 de Mayo, General Acha, General Pico, Santa Rosa, Guatrach\u00e9, Jacinto Arauz, La Maruja, entre otras, con el prop\u00f3sito de favorecer espacios de escucha activa y participaci\u00f3n junto a cada comunidad.<\/p>\n<p>El viernes 25 de septiembre, de 10:00 a 12:00, se llevar\u00e1 a cabo en el Auditorio de MEDASUR la jornada de sensibilizaci\u00f3n \u00abLazos que cuidan: alojar, armar red y pensar juntos\u00bb, a modo de cierre de las actividades.<\/p>\n<p>La propuesta est\u00e1 destinada a equipos interdisciplinarios y personas que trabajan con infancias y adolescencias. Estar\u00e1 a cargo del licenciado en Psicolog\u00eda y psicoanalista, Daniel Korinfeld, quien adem\u00e1s es mag\u00edster en Salud Mental Comunitaria por la Universidad Nacional de Lan\u00fas (UNLa) y licenciado por la Universidad Complutense de Madrid (UCM). Esta actividad tendr\u00e1 modalidad h\u00edbrida y, oportunamente, se compartir\u00e1 el enlace de conexi\u00f3n.<\/p>\n","protected":false},"excerpt":{"rendered":"<p>En el marco del D\u00eda Mundial para la Prevenci\u00f3n del Suicidio, que se conmemora cada 10 de septiembre, el Gobierno provincial, a trav\u00e9s del Ministerio de Salud y la Subsecretar\u00eda&hellip;<\/p>\n","protected":false},"author":3,"featured_media":512210,"comment_status":"closed","ping_status":"open","sticky":false,"template":"","format":"standard","meta":{"footnotes":""},"categories":[4,13],"tags":[],"class_list":["post-512209","post","type-post","status-publish","format-standard","has-post-thumbnail","hentry","category-ciudad","category-provincia"],"jetpack_featured_media_url":"https:\/\/www.planbnoticias.com.ar\/wp-content\/uploads\/2026\/09\/salud-prevencion-suicidios.avif","_links":{"self":[{"href":"https:\/\/www.planbnoticias.com.ar\/index.php\/wp-json\/wp\/v2\/posts\/512209","targetHints":{"allow":["GET"]}}],"collection":[{"href":"https:\/\/www.planbnoticias.com.ar\/index.php\/wp-json\/wp\/v2\/posts"}],"about":[{"href":"https:\/\/www.planbnoticias.com.ar\/index.php\/wp-json\/wp\/v2\/types\/post"}],"author":[{"embeddable":true,"href":"https:\/\/www.planbnoticias.com.ar\/index.php\/wp-json\/wp\/v2\/users\/3"}],"replies":[{"embeddable":true,"href":"https:\/\/www.planbnoticias.com.ar\/index.php\/wp-json\/wp\/v2\/comments?post=512209"}],"version-history":[{"count":1,"href":"https:\/\/www.planbnoticias.com.ar\/index.php\/wp-json\/wp\/v2\/posts\/512209\/revisions"}],"predecessor-version":[{"id":512211,"href":"https:\/\/www.planbnoticias.com.ar\/index.php\/wp-json\/wp\/v2\/posts\/512209\/revisions\/512211"}],"wp:featuredmedia":[{"embeddable":true,"href":"https:\/\/www.planbnoticias.com.ar\/index.php\/wp-json\/wp\/v2\/media\/512210"}],"wp:attachment":[{"href":"https:\/\/www.planbnoticias.com.ar\/index.php\/wp-json\/wp\/v2\/media?parent=512209"}],"wp:term":[{"taxonomy":"category","embeddable":true,"href":"https:\/\/www.planbnoticias.com.ar\/index.php\/wp-json\/wp\/v2\/categories?post=512209"},{"taxonomy":"post_tag","embeddable":true,"href":"https:\/\/www.planbnoticias.com.ar\/index.php\/wp-json\/wp\/v2\/tags?post=512209"}],"curies":[{"name":"wp","href":"https:\/\/api.w.org\/{rel}","templated":true}]}}