{"id":512212,"date":"2026-09-03T12:49:28","date_gmt":"2026-09-03T15:49:28","guid":{"rendered":"https:\/\/www.planbnoticias.com.ar\/?p=512212"},"modified":"2026-09-03T12:49:28","modified_gmt":"2026-09-03T15:49:28","slug":"servicios-publicos-transparencia-y-reclamos-vecinales-la-agenda-de-la-ucr-en-comisiones","status":"publish","type":"post","link":"https:\/\/www.planbnoticias.com.ar\/index.php\/2026\/09\/03\/servicios-publicos-transparencia-y-reclamos-vecinales-la-agenda-de-la-ucr-en-comisiones\/","title":{"rendered":"Servicios P\u00fablicos, transparencia y reclamos vecinales: la agenda de la UCR en comisiones"},"content":{"rendered":"<p><img fetchpriority=\"high\" decoding=\"async\" class=\"alignnone size-full wp-image-492676\" src=\"https:\/\/www.planbnoticias.com.ar\/wp-content\/uploads\/2026\/03\/bloque-ucr-concejales.jpg\" alt=\"\" width=\"1232\" height=\"816\" srcset=\"https:\/\/www.planbnoticias.com.ar\/wp-content\/uploads\/2026\/03\/bloque-ucr-concejales.jpg 1232w, https:\/\/www.planbnoticias.com.ar\/wp-content\/uploads\/2026\/03\/bloque-ucr-concejales-300x199.jpg 300w, https:\/\/www.planbnoticias.com.ar\/wp-content\/uploads\/2026\/03\/bloque-ucr-concejales-1024x678.jpg 1024w, https:\/\/www.planbnoticias.com.ar\/wp-content\/uploads\/2026\/03\/bloque-ucr-concejales-768x509.jpg 768w, https:\/\/www.planbnoticias.com.ar\/wp-content\/uploads\/2026\/03\/bloque-ucr-concejales-1170x775.jpg 1170w, https:\/\/www.planbnoticias.com.ar\/wp-content\/uploads\/2026\/03\/bloque-ucr-concejales-780x516.jpg 780w, https:\/\/www.planbnoticias.com.ar\/wp-content\/uploads\/2026\/03\/bloque-ucr-concejales-585x387.jpg 585w, https:\/\/www.planbnoticias.com.ar\/wp-content\/uploads\/2026\/03\/bloque-ucr-concejales-263x175.jpg 263w\" sizes=\"(max-width: 1232px) 100vw, 1232px\" \/><\/p>\n<p>Transcurri\u00f3 una nueva semana de comisiones del Concejo Deliberante de Santa Rosa, en la que el bloque de la UCR impuls\u00f3 el tratamiento de distintas iniciativas vinculadas con el acceso a los servicios p\u00fablicos, la transparencia y la atenci\u00f3n de reclamos vecinales.<\/p>\n<p><strong>HACIENDA, PRESUPUESTO Y CUENTAS<\/strong><\/p>\n<p>Uno de los temas centrales fue el cobro de c\u00e1nones municipales millonarios para autorizar obras de extensi\u00f3n de redes de gas. El bloque solicit\u00f3 que el Municipio explique qu\u00e9 normativa y metodolog\u00eda utiliza para calcular sumas exorbitantes que, en algunos casos, resultan similares al costo total de las obras.<\/p>\n<p>La UCR advirti\u00f3 que estos montos encarecen de manera desproporcionada las obras y pueden impedir que numerosas familias accedan al gas natural. Tambi\u00e9n pidi\u00f3 que el Ejecutivo se abstenga de efectuar cobros que no cuenten con fundamento suficiente en la normativa fiscal y tarifaria vigente.<\/p>\n<p>Asimismo, se insisti\u00f3 con el proyecto de ordenanza que establece la publicaci\u00f3n permanente del valor vigente del M\u00f3dulo Tributario Municipal \u2014MTM\u2014 en la p\u00e1gina web oficial. Este valor es utilizado para determinar numerosas tasas, derechos y multas, por lo que resulta indispensable que los contribuyentes puedan conocerlo de manera sencilla y actualizada.<\/p>\n<p>Tambi\u00e9n continu\u00f3 el tratamiento del pedido de informes sobre los cobros diferenciados aplicados a comercios categorizados como \u201cgrandes generadores de residuos\u201d. La iniciativa busca conocer qu\u00e9 normativa y par\u00e1metros concretos utiliza el Municipio para efectuar esa clasificaci\u00f3n \u2014que no surge con claridad de la Ordenanza Tarifaria\u2014, c\u00f3mo determina los importes y a qu\u00e9 establecimientos se aplica, luego de conocerse liquidaciones superiores a los 500 mil pesos mensuales.<\/p>\n<p>Por \u00faltimo, se impuls\u00f3 el proyecto para que las personas con discapacidad puedan acreditar la eximici\u00f3n del estacionamiento medido mediante la simple exhibici\u00f3n del S\u00edmbolo Internacional de Acceso, sin necesidad de realizar tr\u00e1mites municipales adicionales. La iniciativa surgi\u00f3 a partir de casos de personas provenientes de otras localidades que recibieron multas pese a contar con esta certificaci\u00f3n, cuya validez, vigencia y patente asociada pueden verificarse mediante un c\u00f3digo QR.<\/p>\n<p><strong>PLANEAMIENTO, OBRAS Y SERVICIOS P\u00daBLICOS<\/strong><\/p>\n<p>En esta comisi\u00f3n se plante\u00f3 la situaci\u00f3n vial de la intersecci\u00f3n de avenida Antonio Felice y Juana Azurduy. El proyecto solicita un relevamiento t\u00e9cnico integral y la adopci\u00f3n de medidas para ordenar la circulaci\u00f3n y mejorar la seguridad, ante el incremento del tr\u00e1nsito generado por las recientes obras de pavimentaci\u00f3n ejecutadas por la Provincia.<\/p>\n<p>Tambi\u00e9n se trat\u00f3 el proyecto de ordenanza para implementar un \u201cCaudal\u00edmetro P\u00fablico\u201d en la p\u00e1gina oficial del Municipio, que permita conocer en tiempo real cu\u00e1nta agua recibe Santa Rosa desde el Acueducto del R\u00edo Colorado, cu\u00e1nto aportan las fuentes locales y qu\u00e9 pozos se encuentran funcionando. La iniciativa apunta a brindar informaci\u00f3n p\u00fablica, objetiva y verificable sobre el abastecimiento de agua de la ciudad.<\/p>\n<p>Otro de los asuntos abordados fue el pedido de informe sobre el mantenimiento de los caminos vecinales. Se solicita conocer los trabajos realizados y, especialmente, los detalles de la contrataci\u00f3n de un prestador privado que mantiene una amplia vinculaci\u00f3n con el Municipio en otros rubros.<\/p>\n<p>Adem\u00e1s, se acompa\u00f1\u00f3 un reclamo por el estado del sector de calle El Fort\u00edn, mediante el cual se solicita al Municipio la limpieza, el mantenimiento y el saneamiento del canal ubicado en la zona, junto con la realizaci\u00f3n de tareas de control de plagas y desratizaci\u00f3n.<\/p>\n<p>Tambi\u00e9n se pidi\u00f3 la repavimentaci\u00f3n de la intersecci\u00f3n de Malvinas Argentinas y Santiago del Estero, donde existen pozos profundos y un avanzado deterioro de la calzada que dificulta la circulaci\u00f3n y puede ocasionar da\u00f1os en los veh\u00edculos.<\/p>\n<p>Finalmente, se solicit\u00f3 la colocaci\u00f3n de un reductor de velocidad en calle Alsina, entre Stieben y Centeno, debido a la velocidad que alcanzan algunos veh\u00edculos y al riesgo que esta situaci\u00f3n representa para los peatones y vecinos del sector.<\/p>\n<p><strong>ADMINISTRATIVA Y REGLAMENTACIONES<\/strong><\/p>\n<p>En esta comisi\u00f3n se present\u00f3 un proyecto de ordenanza para publicar en la p\u00e1gina web municipal las habilitaciones comerciales. La propuesta surgi\u00f3 a partir de las reiteradas dudas y conflictos relacionados con el funcionamiento de locales nocturnos y de las dificultades que encuentran los vecinos para conocer si cuentan con habilitaci\u00f3n, bajo qu\u00e9 rubro funcionan y cu\u00e1les son las condiciones y los horarios autorizados.<\/p>\n<p>A partir de esa situaci\u00f3n, se propuso dar publicidad a las habilitaciones correspondientes a todos los rubros comerciales. La iniciativa busca que los vecinos puedan consultar de manera sencilla qu\u00e9 establecimientos se encuentran habilitados, su ubicaci\u00f3n, el rubro autorizado y la vigencia de cada permiso, adem\u00e1s de modernizar la publicidad de estos actos administrativos y fortalecer la transparencia y el control ciudadano.<\/p>\n","protected":false},"excerpt":{"rendered":"<p>Transcurri\u00f3 una nueva semana de comisiones del Concejo Deliberante de Santa Rosa, en la que el bloque de la UCR impuls\u00f3 el tratamiento de distintas iniciativas vinculadas con el acceso&hellip;<\/p>\n","protected":false},"author":3,"featured_media":492676,"comment_status":"closed","ping_status":"open","sticky":false,"template":"","format":"standard","meta":{"footnotes":""},"categories":[4],"tags":[],"class_list":["post-512212","post","type-post","status-publish","format-standard","has-post-thumbnail","hentry","category-ciudad"],"jetpack_featured_media_url":"https:\/\/www.planbnoticias.com.ar\/wp-content\/uploads\/2026\/03\/bloque-ucr-concejales.jpg","_links":{"self":[{"href":"https:\/\/www.planbnoticias.com.ar\/index.php\/wp-json\/wp\/v2\/posts\/512212","targetHints":{"allow":["GET"]}}],"collection":[{"href":"https:\/\/www.planbnoticias.com.ar\/index.php\/wp-json\/wp\/v2\/posts"}],"about":[{"href":"https:\/\/www.planbnoticias.com.ar\/index.php\/wp-json\/wp\/v2\/types\/post"}],"author":[{"embeddable":true,"href":"https:\/\/www.planbnoticias.com.ar\/index.php\/wp-json\/wp\/v2\/users\/3"}],"replies":[{"embeddable":true,"href":"https:\/\/www.planbnoticias.com.ar\/index.php\/wp-json\/wp\/v2\/comments?post=512212"}],"version-history":[{"count":1,"href":"https:\/\/www.planbnoticias.com.ar\/index.php\/wp-json\/wp\/v2\/posts\/512212\/revisions"}],"predecessor-version":[{"id":512214,"href":"https:\/\/www.planbnoticias.com.ar\/index.php\/wp-json\/wp\/v2\/posts\/512212\/revisions\/512214"}],"wp:featuredmedia":[{"embeddable":true,"href":"https:\/\/www.planbnoticias.com.ar\/index.php\/wp-json\/wp\/v2\/media\/492676"}],"wp:attachment":[{"href":"https:\/\/www.planbnoticias.com.ar\/index.php\/wp-json\/wp\/v2\/media?parent=512212"}],"wp:term":[{"taxonomy":"category","embeddable":true,"href":"https:\/\/www.planbnoticias.com.ar\/index.php\/wp-json\/wp\/v2\/categories?post=512212"},{"taxonomy":"post_tag","embeddable":true,"href":"https:\/\/www.planbnoticias.com.ar\/index.php\/wp-json\/wp\/v2\/tags?post=512212"}],"curies":[{"name":"wp","href":"https:\/\/api.w.org\/{rel}","templated":true}]}}