{"id":512220,"date":"2026-09-03T16:56:48","date_gmt":"2026-09-03T19:56:48","guid":{"rendered":"https:\/\/www.planbnoticias.com.ar\/?p=512220"},"modified":"2026-09-03T21:28:37","modified_gmt":"2026-09-04T00:28:37","slug":"en-chile-milei-reivindico-el-golpe-de-pinochet","status":"publish","type":"post","link":"https:\/\/www.planbnoticias.com.ar\/index.php\/2026\/09\/03\/en-chile-milei-reivindico-el-golpe-de-pinochet\/","title":{"rendered":"En Chile, Milei reivindic\u00f3 el golpe de Pinochet"},"content":{"rendered":"<p><img fetchpriority=\"high\" decoding=\"async\" class=\"alignnone size-full wp-image-512221\" src=\"https:\/\/www.planbnoticias.com.ar\/wp-content\/uploads\/2026\/09\/milei54.avif\" alt=\"\" width=\"960\" height=\"540\" srcset=\"https:\/\/www.planbnoticias.com.ar\/wp-content\/uploads\/2026\/09\/milei54.avif 960w, https:\/\/www.planbnoticias.com.ar\/wp-content\/uploads\/2026\/09\/milei54-300x169.avif 300w, https:\/\/www.planbnoticias.com.ar\/wp-content\/uploads\/2026\/09\/milei54-768x432.avif 768w, https:\/\/www.planbnoticias.com.ar\/wp-content\/uploads\/2026\/09\/milei54-585x329.avif 585w\" sizes=\"(max-width: 960px) 100vw, 960px\" \/><\/p>\n<p>El presidente Javier Milei volvi\u00f3 a cargar contra su par de Espa\u00f1a, Pedro S\u00e1nchez, acus\u00f3 a Mauricio Macri de \u00abdejarse correr\u00bb durante su presidencia y reivindic\u00f3 el derrocamiento de Salvador Allende en Chile. Lo hizo durante su participaci\u00f3n en el Foro de Madrid, que se celebra este jueves en el pa\u00eds vecino.<br \/>\n<script async src=\"\/\/pagead2.googlesyndication.com\/pagead\/js\/adsbygoogle.js\"><\/script><br \/>\n<!-- Publi m\u00f3vil interior nota --><br \/>\n<ins class=\"adsbygoogle\" style=\"display: inline-block; width: 320px; height: 100px;\" data-ad-client=\"ca-pub-7250018434179914\" data-ad-slot=\"1040343543\"><\/ins><br \/>\n<script>\n(adsbygoogle = window.adsbygoogle || []).push({});\n<\/script><br \/>\nDurante el evento organizado por el partido Vox, el libertario cuestion\u00f3 al presidente de Espa\u00f1a al que referenci\u00f3 como \u00abPedrito\u00bb y sostuvo que \u00abest\u00e1 m\u00e1s sucio que una papa\u00bb. Adem\u00e1s, lo acus\u00f3 de facilitar la inmigraci\u00f3n \u00abdescontrolada\u00bb y de \u00abdegenerar\u00bb la identidad espa\u00f1ola por el otro.<\/p>\n<p>\u00abLamentablemente Europa, la cuna de nuestra civilizaci\u00f3n, est\u00e1 siendo gobernada en el plano nacional y supranacional por bur\u00f3cratas empecinados en destruir todo lo que somos\u00bb, insisti\u00f3, y complet\u00f3: \u00abEst\u00e1 m\u00e1s sucio que una papa, y bien que se ofendi\u00f3 cuando \u00e9l y toda la gentuza que lo rodea, cuando le dije que era un gobierno de ladrones y parece que los hechos lo confirman\u00bb.<\/p>\n<p>Asimismo, el mandatario defendi\u00f3 el programa econ\u00f3mico y plante\u00f3 que no sucumbir\u00e1 \u00aba la presi\u00f3n pol\u00edtica\u00bb. Adem\u00e1s, sostuvo que el expresidente Mauricio Macri \u00abse dej\u00f3 correr por los que le tiraron 14 toneladas de piedra\u00bb.<\/p>\n<p>\u201cEstas estrategias que yo les cuento, la realidad es que no son nuevas. Esto mismo hicieron con el gobierno de Mauricio Macri en 2017, cuando ten\u00eda la econom\u00eda creciendo y la pobreza en su pico m\u00e1s bajo en d\u00e9cadas. Y aun as\u00ed lograron instalar el caos en la calle hasta hacerlo perder el rumbo\u201d, plante\u00f3.<\/p>\n<p>En la misma l\u00ednea, ampli\u00f3: \u201cEl gobierno del Cambiemos sucumbi\u00f3 a la presi\u00f3n de la pol\u00edtica, tanto de la oposici\u00f3n como el extremo centro. Se dej\u00f3 correr por los que le tiraron catorce toneladas de piedra y por los presuntos aliados que suger\u00edan poner el freno de mano\u201d.<\/p>\n<p>Por otra parte, lam\u00f3 a la derecha a organizarse y propuso impulsar una \u00abalianza internacional de las ideas de la libertad\u00bb, durante su exposici\u00f3n en el Foro de Madrid, que se celebra en Santiago de Chile.<\/p>\n<p>\u00abNo podemos permanecer separados. Podemos ignorar el problema, pero el problema no nos va a ignorar. Tenemos que dejar de lado las diferencias y concentrarnos en lo que nos une\u00bb, sostuvo durante el evento.<\/p>\n<p>En otro pasaje de la alocuci\u00f3n, el Presidente destac\u00f3 el \u00abcambio\u00bb de rumbo en la regi\u00f3n, calific\u00f3 de \u00abzurdos mugrosos\u00bb a la oposici\u00f3n, y plante\u00f3 que inici\u00f3 en 2021, en la Argentina. \u00abNo les tenemos miedo, estamos dispuestos a salvar nuestra civilizaci\u00f3n\u00bb, sentenci\u00f3.<\/p>\n<p>\u00abHoy, el continente entero se est\u00e1 orientando hacia los valores que hicieron grande a occidente, incluso luego de d\u00e9cadas de adoctrinamiento socialista. Poco a poco, les hemos demostrado que no les tenemos miedo y que estamos dispuestos a salvar nuestra civilizaci\u00f3n y nuestro modo de vida\u00bb, asever\u00f3 el libertario.<\/p>\n<p>Por \u00faltimo, reivindic\u00f3 el derrocamiento del expresidente Salvador Allende y cuestion\u00f3 a la derecha en el pa\u00eds vecino.<\/p>\n<p>\u00abChile es un lugar emblem\u00e1tico porque con su historia reciente nos recuerda el valor inmenso de dar la batalla cultural, tras el derrocamiento del comunista Allende. Entr\u00f3 en un per\u00edodo de estabilidad y crecimiento que se extendi\u00f3 por m\u00e1s de 40 a\u00f1os y fue sin lugar a dudas la envidia en t\u00e9rminos econ\u00f3micos de toda la regi\u00f3n\u00bb, concluy\u00f3.<\/p>\n","protected":false},"excerpt":{"rendered":"<p>El presidente Javier Milei volvi\u00f3 a cargar contra su par de Espa\u00f1a, Pedro S\u00e1nchez, acus\u00f3 a Mauricio Macri de \u00abdejarse correr\u00bb durante su presidencia y reivindic\u00f3 el derrocamiento de Salvador&hellip;<\/p>\n","protected":false},"author":4,"featured_media":512221,"comment_status":"closed","ping_status":"open","sticky":false,"template":"","format":"standard","meta":{"footnotes":""},"categories":[12],"tags":[],"class_list":["post-512220","post","type-post","status-publish","format-standard","has-post-thumbnail","hentry","category-pais"],"jetpack_featured_media_url":"https:\/\/www.planbnoticias.com.ar\/wp-content\/uploads\/2026\/09\/milei54.avif","_links":{"self":[{"href":"https:\/\/www.planbnoticias.com.ar\/index.php\/wp-json\/wp\/v2\/posts\/512220","targetHints":{"allow":["GET"]}}],"collection":[{"href":"https:\/\/www.planbnoticias.com.ar\/index.php\/wp-json\/wp\/v2\/posts"}],"about":[{"href":"https:\/\/www.planbnoticias.com.ar\/index.php\/wp-json\/wp\/v2\/types\/post"}],"author":[{"embeddable":true,"href":"https:\/\/www.planbnoticias.com.ar\/index.php\/wp-json\/wp\/v2\/users\/4"}],"replies":[{"embeddable":true,"href":"https:\/\/www.planbnoticias.com.ar\/index.php\/wp-json\/wp\/v2\/comments?post=512220"}],"version-history":[{"count":2,"href":"https:\/\/www.planbnoticias.com.ar\/index.php\/wp-json\/wp\/v2\/posts\/512220\/revisions"}],"predecessor-version":[{"id":512226,"href":"https:\/\/www.planbnoticias.com.ar\/index.php\/wp-json\/wp\/v2\/posts\/512220\/revisions\/512226"}],"wp:featuredmedia":[{"embeddable":true,"href":"https:\/\/www.planbnoticias.com.ar\/index.php\/wp-json\/wp\/v2\/media\/512221"}],"wp:attachment":[{"href":"https:\/\/www.planbnoticias.com.ar\/index.php\/wp-json\/wp\/v2\/media?parent=512220"}],"wp:term":[{"taxonomy":"category","embeddable":true,"href":"https:\/\/www.planbnoticias.com.ar\/index.php\/wp-json\/wp\/v2\/categories?post=512220"},{"taxonomy":"post_tag","embeddable":true,"href":"https:\/\/www.planbnoticias.com.ar\/index.php\/wp-json\/wp\/v2\/tags?post=512220"}],"curies":[{"name":"wp","href":"https:\/\/api.w.org\/{rel}","templated":true}]}}