{"id":512227,"date":"2026-09-03T17:24:28","date_gmt":"2026-09-03T20:24:28","guid":{"rendered":"https:\/\/www.planbnoticias.com.ar\/?p=512227"},"modified":"2026-09-03T17:24:28","modified_gmt":"2026-09-03T20:24:28","slug":"el-concejo-deliberante-inauguro-la-muestra-voces-y-fragmentos-urbanos","status":"publish","type":"post","link":"https:\/\/www.planbnoticias.com.ar\/index.php\/2026\/09\/03\/el-concejo-deliberante-inauguro-la-muestra-voces-y-fragmentos-urbanos\/","title":{"rendered":"El Concejo Deliberante inaugur\u00f3 la muestra \u201cVoces y Fragmentos Urbanos\u201d"},"content":{"rendered":"<p><img fetchpriority=\"high\" decoding=\"async\" class=\"alignnone size-full wp-image-512228\" src=\"https:\/\/www.planbnoticias.com.ar\/wp-content\/uploads\/2026\/09\/concejo-muestra.jpeg\" alt=\"\" width=\"1600\" height=\"1066\" srcset=\"https:\/\/www.planbnoticias.com.ar\/wp-content\/uploads\/2026\/09\/concejo-muestra.jpeg 1600w, https:\/\/www.planbnoticias.com.ar\/wp-content\/uploads\/2026\/09\/concejo-muestra-300x200.jpeg 300w, https:\/\/www.planbnoticias.com.ar\/wp-content\/uploads\/2026\/09\/concejo-muestra-1024x682.jpeg 1024w, https:\/\/www.planbnoticias.com.ar\/wp-content\/uploads\/2026\/09\/concejo-muestra-768x512.jpeg 768w, https:\/\/www.planbnoticias.com.ar\/wp-content\/uploads\/2026\/09\/concejo-muestra-1536x1023.jpeg 1536w, https:\/\/www.planbnoticias.com.ar\/wp-content\/uploads\/2026\/09\/concejo-muestra-1170x780.jpeg 1170w, https:\/\/www.planbnoticias.com.ar\/wp-content\/uploads\/2026\/09\/concejo-muestra-585x390.jpeg 585w, https:\/\/www.planbnoticias.com.ar\/wp-content\/uploads\/2026\/09\/concejo-muestra-263x175.jpeg 263w\" sizes=\"(max-width: 1600px) 100vw, 1600px\" \/><\/p>\n<p>El Concejo Deliberante de Santa Rosa fue escenario de la presentaci\u00f3n del libro y la inauguraci\u00f3n de la muestra \u201cVoces y Fragmentos Urbanos\u201d, una propuesta compilada por Norberto Teodoro \u201cBocha\u201d Campos que re\u00fane las producciones de 21 poetas, fot\u00f3grafos e ilustradores pampeanos. La jornada incluy\u00f3 m\u00fasica en vivo, lecturas y la apertura de la exposici\u00f3n en la Galer\u00eda de Arte \u201cAlfredo Olivo\u201d, adem\u00e1s de la entrega de la declaraci\u00f3n de Inter\u00e9s Municipal a la obra. La muestra podr\u00e1 visitarse hasta el 8 de septiembre.<br \/>\n<script async src=\"\/\/pagead2.googlesyndication.com\/pagead\/js\/adsbygoogle.js\"><\/script><br \/>\n<!-- Publi m\u00f3vil interior nota --><br \/>\n<ins class=\"adsbygoogle\" style=\"display: inline-block; width: 320px; height: 100px;\" data-ad-client=\"ca-pub-7250018434179914\" data-ad-slot=\"1040343543\"><\/ins><br \/>\n<script>\n(adsbygoogle = window.adsbygoogle || []).push({});\n<\/script><br \/>\nLa obra compilada por Norberto Teodoro \u201cBocha\u201d Campos re\u00fane las producciones de 21 poetas, fot\u00f3grafos e ilustradores pampeanos. Durante el encuentro, que incluy\u00f3 la inauguraci\u00f3n de una exposici\u00f3n en la Galer\u00eda Alfredo Olivo, el cuerpo deliberativo entreg\u00f3 la declaraci\u00f3n de Inter\u00e9s Municipal.<\/p>\n<p>El recinto del Concejo Deliberante de Santa Rosa alberg\u00f3 la presentaci\u00f3n del libro y la muestra art\u00edstica \u00abVoces y Fragmentos Urbanos\u00bb, una propuesta cultural compilada por Norberto Teodoro \u201cBocha\u201d Campos. La actividad cont\u00f3 con la participaci\u00f3n de vecinos, hacedores culturales y autoridades locales, combinando la exposici\u00f3n visual con presentaciones musicales y lecturas en vivo para celebrar la producci\u00f3n literaria y pl\u00e1stica de la regi\u00f3n. La muestra permanecer\u00e1 hasta el 8 de septiembre.<\/p>\n<p>La jornada estuvo encabezada por la viceintendenta de Santa Rosa y presidenta del Concejo Deliberante, Romina Montes de Oca, quien acompa\u00f1\u00f3 la actividad en el marco de la presentaci\u00f3n del proyecto que re\u00fane las creaciones de 21 poetas, fot\u00f3grafos e ilustradores de distintas localidades pampeanas. Asimismo, en el marco del encuentro, qued\u00f3 formalmente inaugurada la muestra pl\u00e1stica correspondiente en la Galer\u00eda de Arte \u00abAlfredo Olivo\u00bb, espacio ubicado en el edificio del cuerpo deliberativo capitalino.<\/p>\n<p>Durante el desarrollo de la jornada en el recinto, el p\u00fablico disfrut\u00f3 de las interpretaciones musicales en vivo a cargo de Eugenia Borges y Fabi\u00e1n Beneitez.<\/p>\n<p>Reconocimiento institucional a la memoria cultural<br \/>\nEn el marco de la jornada, el Concejo Deliberante otorg\u00f3 la distinci\u00f3n de Inter\u00e9s Municipal a la obra recopilada por Campos, al considerarla un aporte significativo para la preservaci\u00f3n de la memoria y el acervo cultural pampeano. La entrega del certificado oficial estuvo a cargo de la propia Montes de Oca.<\/p>\n<p>Al fundamentar el reconocimiento, se destac\u00f3 el valor de la propuesta para poner en di\u00e1logo distintas disciplinas expresivas y fortalecer el entramado cultural entre municipios. De esta manera, la iniciativa de Campos qued\u00f3 integrada a la agenda de difusi\u00f3n art\u00edstica que el Concejo Deliberante promueve en sus instalaciones para dar visibilidad a creadores de la provincia.<\/p>\n","protected":false},"excerpt":{"rendered":"<p>El Concejo Deliberante de Santa Rosa fue escenario de la presentaci\u00f3n del libro y la inauguraci\u00f3n de la muestra \u201cVoces y Fragmentos Urbanos\u201d, una propuesta compilada por Norberto Teodoro \u201cBocha\u201d&hellip;<\/p>\n","protected":false},"author":4,"featured_media":512228,"comment_status":"closed","ping_status":"open","sticky":false,"template":"","format":"standard","meta":{"footnotes":""},"categories":[4],"tags":[],"class_list":["post-512227","post","type-post","status-publish","format-standard","has-post-thumbnail","hentry","category-ciudad"],"jetpack_featured_media_url":"https:\/\/www.planbnoticias.com.ar\/wp-content\/uploads\/2026\/09\/concejo-muestra.jpeg","_links":{"self":[{"href":"https:\/\/www.planbnoticias.com.ar\/index.php\/wp-json\/wp\/v2\/posts\/512227","targetHints":{"allow":["GET"]}}],"collection":[{"href":"https:\/\/www.planbnoticias.com.ar\/index.php\/wp-json\/wp\/v2\/posts"}],"about":[{"href":"https:\/\/www.planbnoticias.com.ar\/index.php\/wp-json\/wp\/v2\/types\/post"}],"author":[{"embeddable":true,"href":"https:\/\/www.planbnoticias.com.ar\/index.php\/wp-json\/wp\/v2\/users\/4"}],"replies":[{"embeddable":true,"href":"https:\/\/www.planbnoticias.com.ar\/index.php\/wp-json\/wp\/v2\/comments?post=512227"}],"version-history":[{"count":1,"href":"https:\/\/www.planbnoticias.com.ar\/index.php\/wp-json\/wp\/v2\/posts\/512227\/revisions"}],"predecessor-version":[{"id":512229,"href":"https:\/\/www.planbnoticias.com.ar\/index.php\/wp-json\/wp\/v2\/posts\/512227\/revisions\/512229"}],"wp:featuredmedia":[{"embeddable":true,"href":"https:\/\/www.planbnoticias.com.ar\/index.php\/wp-json\/wp\/v2\/media\/512228"}],"wp:attachment":[{"href":"https:\/\/www.planbnoticias.com.ar\/index.php\/wp-json\/wp\/v2\/media?parent=512227"}],"wp:term":[{"taxonomy":"category","embeddable":true,"href":"https:\/\/www.planbnoticias.com.ar\/index.php\/wp-json\/wp\/v2\/categories?post=512227"},{"taxonomy":"post_tag","embeddable":true,"href":"https:\/\/www.planbnoticias.com.ar\/index.php\/wp-json\/wp\/v2\/tags?post=512227"}],"curies":[{"name":"wp","href":"https:\/\/api.w.org\/{rel}","templated":true}]}}