{"id":512230,"date":"2026-09-03T17:46:22","date_gmt":"2026-09-03T20:46:22","guid":{"rendered":"https:\/\/www.planbnoticias.com.ar\/?p=512230"},"modified":"2026-09-03T17:46:22","modified_gmt":"2026-09-03T20:46:22","slug":"formula-1-el-rayo-mcqueen-dira-presente-en-el-gp-de-italia","status":"publish","type":"post","link":"https:\/\/www.planbnoticias.com.ar\/index.php\/2026\/09\/03\/formula-1-el-rayo-mcqueen-dira-presente-en-el-gp-de-italia\/","title":{"rendered":"F\u00f3rmula 1: El \u201cRayo McQueen\u201d dir\u00e1 presente en el GP de Italia"},"content":{"rendered":"<p><img fetchpriority=\"high\" decoding=\"async\" class=\"alignnone size-full wp-image-512231\" src=\"https:\/\/www.planbnoticias.com.ar\/wp-content\/uploads\/2026\/09\/rayo-mc-queen.avif\" alt=\"\" width=\"1014\" height=\"720\" srcset=\"https:\/\/www.planbnoticias.com.ar\/wp-content\/uploads\/2026\/09\/rayo-mc-queen.avif 1014w, https:\/\/www.planbnoticias.com.ar\/wp-content\/uploads\/2026\/09\/rayo-mc-queen-300x213.avif 300w, https:\/\/www.planbnoticias.com.ar\/wp-content\/uploads\/2026\/09\/rayo-mc-queen-768x545.avif 768w, https:\/\/www.planbnoticias.com.ar\/wp-content\/uploads\/2026\/09\/rayo-mc-queen-585x415.avif 585w\" sizes=\"(max-width: 1014px) 100vw, 1014px\" \/><\/p>\n<p>El Gran Premio de Italia de F\u00f3rmula 1, que se llevar\u00e1 a cabo este fin de semana y en el que dir\u00e1 presente el argentino Franco Colapinto (Alpine), contar\u00e1 con la participaci\u00f3n especial del Rayo McQueen.<br \/>\n<script async src=\"\/\/pagead2.googlesyndication.com\/pagead\/js\/adsbygoogle.js\"><\/script><br \/>\n<!-- Publi m\u00f3vil interior nota --><br \/>\n<ins class=\"adsbygoogle\" style=\"display: inline-block; width: 320px; height: 100px;\" data-ad-client=\"ca-pub-7250018434179914\" data-ad-slot=\"1040343543\"><\/ins><br \/>\n<script>\n(adsbygoogle = window.adsbygoogle || []).push({});\n<\/script><br \/>\nEsto se debe a que el ic\u00f3nico personaje animado ser\u00e1 homenajeado por el vig\u00e9simo aniversario de la pel\u00edcula Cars.<\/p>\n<p>\u00ab\u00a1El Rayo McQueen ha llegado al Gran Premio de Italia! El siete veces campe\u00f3n de la Copa Pist\u00f3n est\u00e1 haciendo una aparici\u00f3n especial este fin de semana de carrera para celebrar el 20.\u00ba aniversario de Cars. Adem\u00e1s, Disney y F\u00f3rmula 1 est\u00e1n celebrando con un livery especial para el Mercedes\u2011AMG que ser\u00e1 el auto de seguridad\u00bb, detall\u00f3 la F\u00f3rmula 1 en sus redes sociales.<\/p>\n<p>De esta manera, el auto de seguridad tendr\u00e1 logos de Cars, mientras que el Rayo McQueen dar\u00e1 algunas vueltas en el Aut\u00f3dromo Nacional de Monza, tambi\u00e9n conocido como el \u00abTemplo de la Velocidad\u00bb, durante el fin de semana.<\/p>\n<p>El Gran Premio de Italia corresponde a la decimotercera fecha del campeonato de F\u00f3rmula 1, que por ahora tiene como c\u00f3modo l\u00edder al italiano Andrea Kimi Antonelli (Mercedes), quien busca con solo 20 a\u00f1os convertirse en el campe\u00f3n m\u00e1s joven de la historia.<\/p>\n<p>Colapinto, por su parte, llega a este Gran Premio en un gran momento personal, ya que viene de ser confirmado por Alpine para el 2027.<\/p>\n<p>Fuente y foto: Agencia NA<\/p>\n","protected":false},"excerpt":{"rendered":"<p>El Gran Premio de Italia de F\u00f3rmula 1, que se llevar\u00e1 a cabo este fin de semana y en el que dir\u00e1 presente el argentino Franco Colapinto (Alpine), contar\u00e1 con&hellip;<\/p>\n","protected":false},"author":4,"featured_media":512231,"comment_status":"closed","ping_status":"open","sticky":false,"template":"","format":"standard","meta":{"footnotes":""},"categories":[6],"tags":[],"class_list":["post-512230","post","type-post","status-publish","format-standard","has-post-thumbnail","hentry","category-deportes"],"jetpack_featured_media_url":"https:\/\/www.planbnoticias.com.ar\/wp-content\/uploads\/2026\/09\/rayo-mc-queen.avif","_links":{"self":[{"href":"https:\/\/www.planbnoticias.com.ar\/index.php\/wp-json\/wp\/v2\/posts\/512230","targetHints":{"allow":["GET"]}}],"collection":[{"href":"https:\/\/www.planbnoticias.com.ar\/index.php\/wp-json\/wp\/v2\/posts"}],"about":[{"href":"https:\/\/www.planbnoticias.com.ar\/index.php\/wp-json\/wp\/v2\/types\/post"}],"author":[{"embeddable":true,"href":"https:\/\/www.planbnoticias.com.ar\/index.php\/wp-json\/wp\/v2\/users\/4"}],"replies":[{"embeddable":true,"href":"https:\/\/www.planbnoticias.com.ar\/index.php\/wp-json\/wp\/v2\/comments?post=512230"}],"version-history":[{"count":1,"href":"https:\/\/www.planbnoticias.com.ar\/index.php\/wp-json\/wp\/v2\/posts\/512230\/revisions"}],"predecessor-version":[{"id":512232,"href":"https:\/\/www.planbnoticias.com.ar\/index.php\/wp-json\/wp\/v2\/posts\/512230\/revisions\/512232"}],"wp:featuredmedia":[{"embeddable":true,"href":"https:\/\/www.planbnoticias.com.ar\/index.php\/wp-json\/wp\/v2\/media\/512231"}],"wp:attachment":[{"href":"https:\/\/www.planbnoticias.com.ar\/index.php\/wp-json\/wp\/v2\/media?parent=512230"}],"wp:term":[{"taxonomy":"category","embeddable":true,"href":"https:\/\/www.planbnoticias.com.ar\/index.php\/wp-json\/wp\/v2\/categories?post=512230"},{"taxonomy":"post_tag","embeddable":true,"href":"https:\/\/www.planbnoticias.com.ar\/index.php\/wp-json\/wp\/v2\/tags?post=512230"}],"curies":[{"name":"wp","href":"https:\/\/api.w.org\/{rel}","templated":true}]}}