{"id":512233,"date":"2026-09-03T17:51:02","date_gmt":"2026-09-03T20:51:02","guid":{"rendered":"https:\/\/www.planbnoticias.com.ar\/?p=512233"},"modified":"2026-09-03T17:51:02","modified_gmt":"2026-09-03T20:51:02","slug":"atencion-conductores-estos-son-los-cortes-de-transito-previstos-en-santa-rosa","status":"publish","type":"post","link":"https:\/\/www.planbnoticias.com.ar\/index.php\/2026\/09\/03\/atencion-conductores-estos-son-los-cortes-de-transito-previstos-en-santa-rosa\/","title":{"rendered":"Atenci\u00f3n conductores: Estos son los cortes de tr\u00e1nsito previstos en Santa Rosa"},"content":{"rendered":"<p><img fetchpriority=\"high\" decoding=\"async\" class=\"alignnone size-full wp-image-507376\" src=\"https:\/\/www.planbnoticias.com.ar\/wp-content\/uploads\/2026\/07\/cortes-calles-obras-generica.avif\" alt=\"\" width=\"1263\" height=\"734\" srcset=\"https:\/\/www.planbnoticias.com.ar\/wp-content\/uploads\/2026\/07\/cortes-calles-obras-generica.avif 1263w, https:\/\/www.planbnoticias.com.ar\/wp-content\/uploads\/2026\/07\/cortes-calles-obras-generica-300x174.avif 300w, https:\/\/www.planbnoticias.com.ar\/wp-content\/uploads\/2026\/07\/cortes-calles-obras-generica-1024x595.avif 1024w, https:\/\/www.planbnoticias.com.ar\/wp-content\/uploads\/2026\/07\/cortes-calles-obras-generica-768x446.avif 768w, https:\/\/www.planbnoticias.com.ar\/wp-content\/uploads\/2026\/07\/cortes-calles-obras-generica-1170x680.avif 1170w, https:\/\/www.planbnoticias.com.ar\/wp-content\/uploads\/2026\/07\/cortes-calles-obras-generica-585x340.avif 585w\" sizes=\"(max-width: 1263px) 100vw, 1263px\" \/><\/p>\n<p>La Municipalidad de Santa Rosa inform\u00f3 el cronograma de cortes totales y parciales de tr\u00e1nsito que se implementar\u00e1 durante este fin de semana en distintos sectores de la ciudad debido a la ejecuci\u00f3n de obras. Las interrupciones comenzar\u00e1n este viernes 4 de septiembre y se extender\u00e1n, en algunos casos, hasta el domingo 6, por lo que se solicita a conductores y peatones circular con precauci\u00f3n, respetar la se\u00f1alizaci\u00f3n y utilizar v\u00edas alternativas.<br \/>\n<script async src=\"\/\/pagead2.googlesyndication.com\/pagead\/js\/adsbygoogle.js\"><\/script><br \/>\n<!-- Publi m\u00f3vil interior nota --><br \/>\n<ins class=\"adsbygoogle\" style=\"display: inline-block; width: 320px; height: 100px;\" data-ad-client=\"ca-pub-7250018434179914\" data-ad-slot=\"1040343543\"><\/ins><br \/>\n<script>\n(adsbygoogle = window.adsbygoogle || []).push({});\n<\/script><br \/>\nEn el marco de las obras que se ejecutan en la capital pampeana, la Municipalidad de Santa Rosa informa el cronograma de cortes de tr\u00e1nsito que habr\u00e1 durante el fin de semana. Ante esto, se solicita a conductores y peatones circular con precauci\u00f3n y respetar las se\u00f1ales de tr\u00e1nsito.<\/p>\n<p>Este viernes 4 de septiembre, habr\u00e1 un corte parcial Roque S\u00e1enz Pe\u00f1a, entre Ameghino y avenida Luro por trabajos de impermeabilizaci\u00f3n de bocas de registro.<\/p>\n<p>Por otro lado, desde este viernes hasta el domingo 6 de septiembre habr\u00e1 un corte total en Leguizam\u00f3n, entre Alberdi y Civit, y en Civit, entre Leguizam\u00f3n y Roque S\u00e1enz Pe\u00f1a. En ambas calles se ejecutan trabajos de recambio de red cloacal.<\/p>\n<p>El viernes habr\u00e1 una interrupci\u00f3n total al tr\u00e1nsito en Gonz\u00e1lez, entre Sarmiento y Quintana, por tareas de perforaci\u00f3n y depresi\u00f3n de napas. En este sector, los d\u00edas s\u00e1bados y domigno los cortes se transformar\u00e1n en parciales.<\/p>\n<p><strong>En todos los barrios<\/strong><\/p>\n<p>Los trabajos se ejecutan en distintos barrios de la capital pampeana con el objetivo de dotar de mayor infraestructura de la ciudad y brindar m\u00e1s calidad de vida a las y los vecinos. Durante el desarrollo de estas obras, se solicita precauci\u00f3n al momento de circular, respetar las recomendaciones del personal de Tr\u00e1nsito y tomar v\u00edas alternativas.<\/p>\n","protected":false},"excerpt":{"rendered":"<p>La Municipalidad de Santa Rosa inform\u00f3 el cronograma de cortes totales y parciales de tr\u00e1nsito que se implementar\u00e1 durante este fin de semana en distintos sectores de la ciudad debido&hellip;<\/p>\n","protected":false},"author":4,"featured_media":505969,"comment_status":"closed","ping_status":"open","sticky":false,"template":"","format":"standard","meta":{"footnotes":""},"categories":[4],"tags":[],"class_list":["post-512233","post","type-post","status-publish","format-standard","has-post-thumbnail","hentry","category-ciudad"],"jetpack_featured_media_url":"https:\/\/www.planbnoticias.com.ar\/wp-content\/uploads\/2026\/07\/cortes-calles-obras.avif","_links":{"self":[{"href":"https:\/\/www.planbnoticias.com.ar\/index.php\/wp-json\/wp\/v2\/posts\/512233","targetHints":{"allow":["GET"]}}],"collection":[{"href":"https:\/\/www.planbnoticias.com.ar\/index.php\/wp-json\/wp\/v2\/posts"}],"about":[{"href":"https:\/\/www.planbnoticias.com.ar\/index.php\/wp-json\/wp\/v2\/types\/post"}],"author":[{"embeddable":true,"href":"https:\/\/www.planbnoticias.com.ar\/index.php\/wp-json\/wp\/v2\/users\/4"}],"replies":[{"embeddable":true,"href":"https:\/\/www.planbnoticias.com.ar\/index.php\/wp-json\/wp\/v2\/comments?post=512233"}],"version-history":[{"count":1,"href":"https:\/\/www.planbnoticias.com.ar\/index.php\/wp-json\/wp\/v2\/posts\/512233\/revisions"}],"predecessor-version":[{"id":512234,"href":"https:\/\/www.planbnoticias.com.ar\/index.php\/wp-json\/wp\/v2\/posts\/512233\/revisions\/512234"}],"wp:featuredmedia":[{"embeddable":true,"href":"https:\/\/www.planbnoticias.com.ar\/index.php\/wp-json\/wp\/v2\/media\/505969"}],"wp:attachment":[{"href":"https:\/\/www.planbnoticias.com.ar\/index.php\/wp-json\/wp\/v2\/media?parent=512233"}],"wp:term":[{"taxonomy":"category","embeddable":true,"href":"https:\/\/www.planbnoticias.com.ar\/index.php\/wp-json\/wp\/v2\/categories?post=512233"},{"taxonomy":"post_tag","embeddable":true,"href":"https:\/\/www.planbnoticias.com.ar\/index.php\/wp-json\/wp\/v2\/tags?post=512233"}],"curies":[{"name":"wp","href":"https:\/\/api.w.org\/{rel}","templated":true}]}}