{"id":512235,"date":"2026-09-03T17:57:18","date_gmt":"2026-09-03T20:57:18","guid":{"rendered":"https:\/\/www.planbnoticias.com.ar\/?p=512235"},"modified":"2026-09-03T17:57:18","modified_gmt":"2026-09-03T20:57:18","slug":"buscan-prevenir-el-grooming-el-ciberacoso-y-otros-riesgos-digitales-en-la-pampa","status":"publish","type":"post","link":"https:\/\/www.planbnoticias.com.ar\/index.php\/2026\/09\/03\/buscan-prevenir-el-grooming-el-ciberacoso-y-otros-riesgos-digitales-en-la-pampa\/","title":{"rendered":"Buscan prevenir el grooming, el ciberacoso y otros riesgos digitales en La Pampa"},"content":{"rendered":"<p><img fetchpriority=\"high\" decoding=\"async\" class=\"alignnone size-full wp-image-498090\" src=\"https:\/\/www.planbnoticias.com.ar\/wp-content\/uploads\/2026\/04\/george.jpg\" alt=\"\" width=\"1000\" height=\"662\" srcset=\"https:\/\/www.planbnoticias.com.ar\/wp-content\/uploads\/2026\/04\/george.jpg 1000w, https:\/\/www.planbnoticias.com.ar\/wp-content\/uploads\/2026\/04\/george-300x199.jpg 300w, https:\/\/www.planbnoticias.com.ar\/wp-content\/uploads\/2026\/04\/george-768x508.jpg 768w, https:\/\/www.planbnoticias.com.ar\/wp-content\/uploads\/2026\/04\/george-780x516.jpg 780w, https:\/\/www.planbnoticias.com.ar\/wp-content\/uploads\/2026\/04\/george-585x387.jpg 585w, https:\/\/www.planbnoticias.com.ar\/wp-content\/uploads\/2026\/04\/george-263x175.jpg 263w\" sizes=\"(max-width: 1000px) 100vw, 1000px\" \/><\/p>\n<p>La diputada provincial del Bloque FreJuPa Patricia George, junto a Mart\u00edn Balsa, Marcela P\u00e1ez, Juan Barrionuevo, Mar\u00eda Luz Alonso y Espartaco Mar\u00edn, present\u00f3 un proyecto de ley para crear un R\u00e9gimen Provincial de Protecci\u00f3n y Promoci\u00f3n del Desarrollo Integral de ni\u00f1as, ni\u00f1os y adolescentes en entornos digitales. La iniciativa propone herramientas de prevenci\u00f3n, acompa\u00f1amiento y respuesta frente a situaciones como grooming, ciberacoso, sextorsi\u00f3n, apuestas online, circulaci\u00f3n de im\u00e1genes \u00edntimas y otros riesgos asociados al uso de las nuevas tecnolog\u00edas y la inteligencia artificial.<br \/>\n<script async src=\"\/\/pagead2.googlesyndication.com\/pagead\/js\/adsbygoogle.js\"><\/script><br \/>\n<!-- Publi m\u00f3vil interior nota --><br \/>\n<ins class=\"adsbygoogle\" style=\"display: inline-block; width: 320px; height: 100px;\" data-ad-client=\"ca-pub-7250018434179914\" data-ad-slot=\"1040343543\"><\/ins><br \/>\n<script>\n(adsbygoogle = window.adsbygoogle || []).push({});\n<\/script><br \/>\nLa iniciativa busca brindar herramientas para prevenir situaciones como grooming, ciberacoso, sextorsi\u00f3n, captaci\u00f3n o enga\u00f1o por parte de desconocidos, perfiles falsos, circulaci\u00f3n de im\u00e1genes \u00edntimas, apuestas online, desaf\u00edos virales y riesgos vinculados con la inteligencia artificial. Tambi\u00e9n aborda el uso excesivo o problem\u00e1tico de las tecnolog\u00edas y sus posibles efectos sobre el descanso, el aprendizaje, la comunicaci\u00f3n familiar, el aislamiento, los v\u00ednculos sociales y la salud mental.<\/p>\n<p>\u201cNuestros chicos tambi\u00e9n viven, se relacionan, aprenden y construyen v\u00ednculos en el mundo digital. No queremos alejarlos de la tecnolog\u00eda, sino darles herramientas para que puedan desenvolverse de manera segura, saludable y responsable\u201d, se\u00f1al\u00f3 George.<\/p>\n<p>El proyecto incorpora alfabetizaci\u00f3n y ciudadan\u00eda digital, orientaci\u00f3n para las familias, protecci\u00f3n de la privacidad y la huella digital, capacitaci\u00f3n para docentes y equipos que intervienen con ni\u00f1as, ni\u00f1os y adolescentes, mecanismos de escucha y detecci\u00f3n temprana y un Protocolo Interinstitucional de Actuaci\u00f3n para coordinar la respuesta del Estado ante situaciones de riesgo.<\/p>\n<p>Tambi\u00e9n contempla especialmente a ni\u00f1as, ni\u00f1os y adolescentes con discapacidad, garantizando condiciones de accesibilidad en la informaci\u00f3n, capacitaci\u00f3n, orientaci\u00f3n y mecanismos de protecci\u00f3n, y reconociendo a la tecnolog\u00eda como una herramienta para favorecer su autonom\u00eda, comunicaci\u00f3n e inclusi\u00f3n.<\/p>\n<p>La autoridad de aplicaci\u00f3n ser\u00e1 el Ministerio de Desarrollo Social y Derechos Humanos, a trav\u00e9s del \u00e1rea de Ni\u00f1ez y Adolescencia, en articulaci\u00f3n con las dem\u00e1s \u00e1reas provinciales competentes.<\/p>\n<p>George estuvo presente esta semana en la Expo Infancias y Adolescencias de General Pico, donde particip\u00f3 de actividades, entre ellas el taller \u201cConectate sin violencia\u201d, y comparti\u00f3 experiencias con estudiantes, docentes, profesionales e instituciones vinculadas con las infancias y adolescencias.<\/p>\n<p>\u201cLa responsabilidad no puede recaer solamente sobre los chicos. Tenemos que darles herramientas, acompa\u00f1ar a las familias y preparar al Estado para protegerlos cuando lo necesiten\u201d, concluy\u00f3 la diputada.<\/p>\n","protected":false},"excerpt":{"rendered":"<p>La diputada provincial del Bloque FreJuPa Patricia George, junto a Mart\u00edn Balsa, Marcela P\u00e1ez, Juan Barrionuevo, Mar\u00eda Luz Alonso y Espartaco Mar\u00edn, present\u00f3 un proyecto de ley para crear un&hellip;<\/p>\n","protected":false},"author":4,"featured_media":498090,"comment_status":"closed","ping_status":"open","sticky":false,"template":"","format":"standard","meta":{"footnotes":""},"categories":[13],"tags":[],"class_list":["post-512235","post","type-post","status-publish","format-standard","has-post-thumbnail","hentry","category-provincia"],"jetpack_featured_media_url":"https:\/\/www.planbnoticias.com.ar\/wp-content\/uploads\/2026\/04\/george.jpg","_links":{"self":[{"href":"https:\/\/www.planbnoticias.com.ar\/index.php\/wp-json\/wp\/v2\/posts\/512235","targetHints":{"allow":["GET"]}}],"collection":[{"href":"https:\/\/www.planbnoticias.com.ar\/index.php\/wp-json\/wp\/v2\/posts"}],"about":[{"href":"https:\/\/www.planbnoticias.com.ar\/index.php\/wp-json\/wp\/v2\/types\/post"}],"author":[{"embeddable":true,"href":"https:\/\/www.planbnoticias.com.ar\/index.php\/wp-json\/wp\/v2\/users\/4"}],"replies":[{"embeddable":true,"href":"https:\/\/www.planbnoticias.com.ar\/index.php\/wp-json\/wp\/v2\/comments?post=512235"}],"version-history":[{"count":1,"href":"https:\/\/www.planbnoticias.com.ar\/index.php\/wp-json\/wp\/v2\/posts\/512235\/revisions"}],"predecessor-version":[{"id":512236,"href":"https:\/\/www.planbnoticias.com.ar\/index.php\/wp-json\/wp\/v2\/posts\/512235\/revisions\/512236"}],"wp:featuredmedia":[{"embeddable":true,"href":"https:\/\/www.planbnoticias.com.ar\/index.php\/wp-json\/wp\/v2\/media\/498090"}],"wp:attachment":[{"href":"https:\/\/www.planbnoticias.com.ar\/index.php\/wp-json\/wp\/v2\/media?parent=512235"}],"wp:term":[{"taxonomy":"category","embeddable":true,"href":"https:\/\/www.planbnoticias.com.ar\/index.php\/wp-json\/wp\/v2\/categories?post=512235"},{"taxonomy":"post_tag","embeddable":true,"href":"https:\/\/www.planbnoticias.com.ar\/index.php\/wp-json\/wp\/v2\/tags?post=512235"}],"curies":[{"name":"wp","href":"https:\/\/api.w.org\/{rel}","templated":true}]}}