{"id":512238,"date":"2026-09-03T18:24:48","date_gmt":"2026-09-03T21:24:48","guid":{"rendered":"https:\/\/www.planbnoticias.com.ar\/?p=512238"},"modified":"2026-09-03T18:24:48","modified_gmt":"2026-09-03T21:24:48","slug":"el-reclamo-de-ruben-funes-quien-mando-a-matar-a-cristina","status":"publish","type":"post","link":"https:\/\/www.planbnoticias.com.ar\/index.php\/2026\/09\/03\/el-reclamo-de-ruben-funes-quien-mando-a-matar-a-cristina\/","title":{"rendered":"El reclamo de Rub\u00e9n Funes: \u201c\u00bfQui\u00e9n mand\u00f3 a matar a Cristina?\u201d"},"content":{"rendered":"<p><img fetchpriority=\"high\" decoding=\"async\" class=\"alignnone size-full wp-image-512239\" src=\"https:\/\/www.planbnoticias.com.ar\/wp-content\/uploads\/2026\/09\/funes11.jpg\" alt=\"\" width=\"1000\" height=\"666\" srcset=\"https:\/\/www.planbnoticias.com.ar\/wp-content\/uploads\/2026\/09\/funes11.jpg 1000w, https:\/\/www.planbnoticias.com.ar\/wp-content\/uploads\/2026\/09\/funes11-300x200.jpg 300w, https:\/\/www.planbnoticias.com.ar\/wp-content\/uploads\/2026\/09\/funes11-768x511.jpg 768w, https:\/\/www.planbnoticias.com.ar\/wp-content\/uploads\/2026\/09\/funes11-585x390.jpg 585w, https:\/\/www.planbnoticias.com.ar\/wp-content\/uploads\/2026\/09\/funes11-263x175.jpg 263w\" sizes=\"(max-width: 1000px) 100vw, 1000px\" \/><\/p>\n<p>A cuatro a\u00f1os del intento de magnicidio contra Cristina Fern\u00e1ndez de Kirchner, Rub\u00e9n Funes, juez de Paz de Santa Rosa y exsecretario de Estado de Derechos Humanos, cuestion\u00f3 en una carta abierta el rumbo de la investigaci\u00f3n judicial y reclam\u00f3 avanzar sobre las presuntas conexiones pol\u00edticas y financieras detr\u00e1s del atentado ocurrido el 1 de septiembre de 2022. En su escrito, sostiene que a\u00fan permanece sin respuesta una pregunta central: \u201c\u00bfQui\u00e9n mand\u00f3 a matar a Cristina?\u201d, y plantea la necesidad de esclarecer el hecho para preservar los valores democr\u00e1ticos construidos desde 1983.<br \/>\n<script async src=\"\/\/pagead2.googlesyndication.com\/pagead\/js\/adsbygoogle.js\"><\/script><br \/>\n<!-- Publi m\u00f3vil interior nota --><br \/>\n<ins class=\"adsbygoogle\" style=\"display: inline-block; width: 320px; height: 100px;\" data-ad-client=\"ca-pub-7250018434179914\" data-ad-slot=\"1040343543\"><\/ins><br \/>\n<script>\n(adsbygoogle = window.adsbygoogle || []).push({});\n<\/script><br \/>\nRub\u00e9n Funes expres\u00f3 textualmente lo siguiente:<\/p>\n<p><em>Se cumplieron 4 a\u00f1os del fallido intento de asesinato contra la ex presidenta Cristina Fern\u00e1ndez de Kirchner, atentado que revel\u00f3 como el discurso de odio y deshumanizaci\u00f3n, inoculado por los medios masivos macristas de comunicaci\u00f3n &#8211; afines a los poderes econ\u00f3micos- puede ser inducido intencionalmente.<\/em><\/p>\n<p><em>Ese jueves 1 de septiembre de 2022 quedar\u00e1 grabado en nuestras memorias, seguramente todos recordamos que est\u00e1bamos haciendo es ese momento, cuando ocurri\u00f3 el intento de magnicidio, que conmovi\u00f3 a toda la sociedad argentina, cuando Cristina estaba por ingresar a su vivienda y saludaba a los simpatizantes que la esperaban a su regreso, como todos los d\u00edas, desde que el fiscal Luciani, m\u00e1s que un alegato leyera una diatriba -llena de improperios- solicitando para ella c\u00e1rcel e inhabilitaci\u00f3n de por vida para ejercer cargos p\u00fablicos.<\/em><\/p>\n<p><em>Verla llegar a su domicilio era un ritual, era una forma de apoyar y acompa\u00f1ar a la compa\u00f1era desde la distancia, en ese abrazo colectivo y virtual, que le brind\u00e1bamos desde cada hogar, en cada rinc\u00f3n de la Argentina. Y ese 1 de septiembre, en mi caso, mirando el programa del \u201cGato\u201d Silvestre, mientras transmit\u00eda en vivo, la habitual llegada de Cristina, comenz\u00f3 a decir: \u00a1algo est\u00e1 pasando\u2026! Al minuto vimos con estupor como la mano de un sujeto gatillaba un revolver en su rostro.<\/em><\/p>\n<p><em>En una charla brindada posteriormente en M\u00e9xico, Cristina, dec\u00eda que la Virgen la salv\u00f3. Yo recuerdo que la noche del atentado, miles de usuarios de redes decidieron, espont\u00e1neamente, manifestarse en contra del hecho y una de las im\u00e1genes m\u00e1s difundidas era un dibujo de la ilustradora Danna en la que se ve la imagen espiritual N\u00e9stor impidiendo, con su abrazo el disparo a Cristina. Esa imagen se reprodujo durante varios d\u00edas. Ella, est\u00e1 convencida que la salvaron Dios y la Virgen, yo me tomo el atrevimiento de agregar a N\u00e9stor y al amor de su pueblo. Y por supuesto, los militantes que estaban ah\u00ed que evitaron que montara el arma nuevamente y pudiera concretar su nefasto prop\u00f3sito.<\/em><\/p>\n<p><em>Despu\u00e9s del atentado todos conocimos las alternativas de la preparaci\u00f3n de este crimen: y fuimos hacia atr\u00e1s en el tiempo, y recordamos los discursos de odio contra el campo popular, aparecieron los chat de los acusados planeando como matar a Cristina, los dichos del diputado macrista Gerardo Milman \u2013mano derecha de Patricia Bullrich- \u201ccuando la maten voy a estar camino a la costa\u201d expres\u00f3. Los escraches violentos previos, los millones que la familia Caputo le pag\u00f3 a la organizaci\u00f3n violenta \u201cRevoluci\u00f3n Federal\u201d para construir guillotinas y bolsas mortuorias que expusieron en la Plaza der Mayo, Etc.<\/em><\/p>\n<p><em>Despu\u00e9s vino la no investigaci\u00f3n judicial y lo m\u00e1s escandaloso: a pocas horas del atentado borraron todo el contenido del celular de Sabag Montiel, como tambi\u00e9n la informaci\u00f3n de los celulares de las secretarias de Milman en oficinas de Bullrich. Una jueza reacia a investigar las pistas que le solicitaba la querella, en fin, toda una trama plagada de intrigas, un rompecabezas que fuimos tratando de armar en los d\u00edas posteriores.<\/em><\/p>\n<p><em>En su libro \u201cPresa o muerta\u201d Irina Hauser, muestra en su totalidad la trama siniestra, no en fragmentos o postales, sino la historia entera, la pel\u00edcula completa. Es una investigaci\u00f3n y es un documento contundente y fundamental, escrito por una de las periodistas mas informada y respetadas del medio -no solo para esta investigaci\u00f3n en particular, sino para muchos otros casos que est\u00e1n conectados a este intento de homicidio- y porque adem\u00e1s, frente a la inacci\u00f3n judicial, frente al encubrimiento de los autores intelectuales y quienes financiaron la pretensi\u00f3n de asesinar a la principal l\u00edder de argentina, una publicaci\u00f3n de estas caracter\u00edsticas, deber\u00eda contribuir a mantener viva la necesidad de ahondar esta investigaci\u00f3n, de sacudir conciencias y aportar al esclarecimiento de uno de los hechos m\u00e1s graves que le toco transitar a nuestra democracia desde 1983.<\/em><\/p>\n<p><em>Hoy, a 4 a\u00f1os del aquel intento de magnicidio, el tiempo transcurrido, me permite tener algunas certezas:<\/em><\/p>\n<p><em>En primer lugar: que las balas que al \u201ctristemente c\u00e9lebre\u201d Sabag Montiel le ordenaron disparar, estaban destinada a las pol\u00edticas re-distribucionistas, a las pol\u00edticas de derechos humanos y a ampliaci\u00f3n de derechos, al concepto de justicia social, a la defensa de nuestros recursos naturales y de nuestra soberan\u00eda y a la defensa de las causas populares, es decir, a todo lo que representaban las banderas hist\u00f3ricas del peronismo, reivindicadas por N\u00e9stor y Cristina y que al poder econ\u00f3mico, tanto le molesta.<\/em><\/p>\n<p><em>Y otra certeza es que, la banda de los copitos no actu\u00f3 sola y que no fueron unos loquitos sueltos como quisieron hacernos creer.<\/em><\/p>\n<p><em>Entonces cabe preguntarse: \u00bfPor qu\u00e9 el Poder Judicial no investig\u00f3 a los autores intelectuales? La verdad que a la jueza Capuchetti, al fiscal Rivolo y a la C\u00e1mara Federal que no quisieron investigar la conexi\u00f3n entre Revoluci\u00f3n Federal y el atentado en s\u00ed, y elevaron a juicio oral solo a los autores materiales, se le deber\u00eda caer la cara de verg\u00fcenza.<\/em><\/p>\n<p><em>Esta historia tiene un final abierto, porque hasta que no est\u00e9n identificados los autores intelectuales y financieros \u2013como reclam\u00f3 oportunamente Cristina ante el tribunal &#8211; y sean castigados, se habr\u00e1 roto el pacto democr\u00e1tico logrado en 1983 despu\u00e9s de la dictadura genocida.<\/em><\/p>\n<p><em>Mientras tanto seguiremos reclamando, exigiendo, saber la respuesta a la pregunta que este juicio no quiere responder: \u00bfQui\u00e9n mand\u00f3 a matar a Cristina?<\/em><\/p>\n<p><em>Solo mediante la verdad y la justicia podemos esperar construir un futuro mejor para Argentina, donde la violencia y la impunidad no tengan cabida.<\/em><\/p>\n<p><em>Por estos valores seguiremos luchando. Porque como dicen nuestras Madres y Abuelas de Plaza de Mayo: \u201cla \u00fanica lucha que se pierde, es la que se abandona\u2026\u201d<\/em><\/p>\n<p>&nbsp;<\/p>\n<p><em>Rub\u00e9n Funes<\/em><\/p>\n<p><em>Juez de Paz de la ciudad de Santa Rosa<\/em><\/p>\n<p><em>Prof. en Ciencias Pol\u00edticas<\/em><\/p>\n<p><em>Ex Secretario de Estado de DD HH<\/em><\/p>\n","protected":false},"excerpt":{"rendered":"<p>A cuatro a\u00f1os del intento de magnicidio contra Cristina Fern\u00e1ndez de Kirchner, Rub\u00e9n Funes, juez de Paz de Santa Rosa y exsecretario de Estado de Derechos Humanos, cuestion\u00f3 en una&hellip;<\/p>\n","protected":false},"author":4,"featured_media":512239,"comment_status":"closed","ping_status":"open","sticky":false,"template":"","format":"standard","meta":{"footnotes":""},"categories":[4],"tags":[],"class_list":["post-512238","post","type-post","status-publish","format-standard","has-post-thumbnail","hentry","category-ciudad"],"jetpack_featured_media_url":"https:\/\/www.planbnoticias.com.ar\/wp-content\/uploads\/2026\/09\/funes11.jpg","_links":{"self":[{"href":"https:\/\/www.planbnoticias.com.ar\/index.php\/wp-json\/wp\/v2\/posts\/512238","targetHints":{"allow":["GET"]}}],"collection":[{"href":"https:\/\/www.planbnoticias.com.ar\/index.php\/wp-json\/wp\/v2\/posts"}],"about":[{"href":"https:\/\/www.planbnoticias.com.ar\/index.php\/wp-json\/wp\/v2\/types\/post"}],"author":[{"embeddable":true,"href":"https:\/\/www.planbnoticias.com.ar\/index.php\/wp-json\/wp\/v2\/users\/4"}],"replies":[{"embeddable":true,"href":"https:\/\/www.planbnoticias.com.ar\/index.php\/wp-json\/wp\/v2\/comments?post=512238"}],"version-history":[{"count":1,"href":"https:\/\/www.planbnoticias.com.ar\/index.php\/wp-json\/wp\/v2\/posts\/512238\/revisions"}],"predecessor-version":[{"id":512240,"href":"https:\/\/www.planbnoticias.com.ar\/index.php\/wp-json\/wp\/v2\/posts\/512238\/revisions\/512240"}],"wp:featuredmedia":[{"embeddable":true,"href":"https:\/\/www.planbnoticias.com.ar\/index.php\/wp-json\/wp\/v2\/media\/512239"}],"wp:attachment":[{"href":"https:\/\/www.planbnoticias.com.ar\/index.php\/wp-json\/wp\/v2\/media?parent=512238"}],"wp:term":[{"taxonomy":"category","embeddable":true,"href":"https:\/\/www.planbnoticias.com.ar\/index.php\/wp-json\/wp\/v2\/categories?post=512238"},{"taxonomy":"post_tag","embeddable":true,"href":"https:\/\/www.planbnoticias.com.ar\/index.php\/wp-json\/wp\/v2\/tags?post=512238"}],"curies":[{"name":"wp","href":"https:\/\/api.w.org\/{rel}","templated":true}]}}