{"id":512241,"date":"2026-09-03T18:59:46","date_gmt":"2026-09-03T21:59:46","guid":{"rendered":"https:\/\/www.planbnoticias.com.ar\/?p=512241"},"modified":"2026-09-03T18:59:46","modified_gmt":"2026-09-03T21:59:46","slug":"la-pampa-fortalece-el-trabajo-articulado-para-ampliar-oportunidades-a-las-infancias","status":"publish","type":"post","link":"https:\/\/www.planbnoticias.com.ar\/index.php\/2026\/09\/03\/la-pampa-fortalece-el-trabajo-articulado-para-ampliar-oportunidades-a-las-infancias\/","title":{"rendered":"La Pampa fortalece el trabajo articulado para ampliar oportunidades a las infancias"},"content":{"rendered":"<p><img fetchpriority=\"high\" decoding=\"async\" src=\"https:\/\/www.planbnoticias.com.ar\/wp-content\/uploads\/2026\/09\/expo-infancia-pico.jpg\" alt=\"\" width=\"1600\" height=\"1200\" class=\"alignnone size-full wp-image-512245\" srcset=\"https:\/\/www.planbnoticias.com.ar\/wp-content\/uploads\/2026\/09\/expo-infancia-pico.jpg 1600w, https:\/\/www.planbnoticias.com.ar\/wp-content\/uploads\/2026\/09\/expo-infancia-pico-300x225.jpg 300w, https:\/\/www.planbnoticias.com.ar\/wp-content\/uploads\/2026\/09\/expo-infancia-pico-1024x768.jpg 1024w, https:\/\/www.planbnoticias.com.ar\/wp-content\/uploads\/2026\/09\/expo-infancia-pico-768x576.jpg 768w, https:\/\/www.planbnoticias.com.ar\/wp-content\/uploads\/2026\/09\/expo-infancia-pico-1536x1152.jpg 1536w, https:\/\/www.planbnoticias.com.ar\/wp-content\/uploads\/2026\/09\/expo-infancia-pico-1170x878.jpg 1170w, https:\/\/www.planbnoticias.com.ar\/wp-content\/uploads\/2026\/09\/expo-infancia-pico-585x439.jpg 585w\" sizes=\"(max-width: 1600px) 100vw, 1600px\" \/><br \/>\nLa Expo Infancia y Adolescencia continu\u00f3 este jueves en el Play\u00f3n del Ferrocarril de General Pico, con la participaci\u00f3n de autoridades provinciales y municipales y el acompa\u00f1amiento del Gobierno de La Pampa. Los ministros de Educaci\u00f3n, Marcela Feuerschvenger; de Desarrollo Social y Derechos Humanos, Diego \u00c1lvarez; y de Salud, Mario Kohan, participaron de la jornada y destacaron la importancia de articular pol\u00edticas p\u00fablicas y fortalecer el sistema de protecci\u00f3n de derechos de ni\u00f1as, ni\u00f1os y adolescentes.<br \/>\n<script async src=\"\/\/pagead2.googlesyndication.com\/pagead\/js\/adsbygoogle.js\"><\/script><br \/>\n<!-- Publi m\u00f3vil interior nota --><br \/>\n<ins class=\"adsbygoogle\" style=\"display: inline-block; width: 320px; height: 100px;\" data-ad-client=\"ca-pub-7250018434179914\" data-ad-slot=\"1040343543\"><\/ins><br \/>\n<script>\n(adsbygoogle = window.adsbygoogle || []).push({});\n<\/script><br \/>\nLa ministra de Educaci\u00f3n, Marcela Feuerschvenger, el ministro de Desarrollo Social y Derechos Humanos, Diego \u00c1lvarez y el ministro de Salud, Mario Kohan, asistieron al evento, escuchando la presentaci\u00f3n de la intendenta, Fernanda Alonso, \u201cPol\u00edticas p\u00fablicas en General Pico, mirando a nuestra infancia y adolescencia\u201d.<\/p>\n<p>Oportunamente dejaron varios conceptos sobre el importante trabajo que se realiza en la ciudad.<\/p>\n<p>Participaron, adem\u00e1s, el senador Daniel Bensus\u00e1n, la diputada provincial, Gisela Cuadrado, concejales, y dem\u00e1s funcionarios provinciales y municipales.<\/p>\n<p><strong>Visibilizar las pol\u00edticas p\u00fablicas<\/strong><br \/>\nLa ministra de Educaci\u00f3n celebr\u00f3 \u00e9sta iniciativa que visibiliza las pol\u00edticas p\u00fablicas, \u201ctodos somos parte del sistema de protecci\u00f3n de derechos, el sistema educativo es una parte clave y fundamental, y poder visibilizar, reflexionar y asumir los desaf\u00edos locales en \u00e9sta integralidad que acaba de presentar la intendenta municipal, la verdad que nos alegra, te impulsa a seguir trabajando y mejorando todas nuestras intervenciones para con las infancias y las adolescencias\u201d se\u00f1al\u00f3.<\/p>\n<p>Valorando el espacio de integralidad por la participaci\u00f3n y la escucha, Marcela Feuerschvenger a\u00f1adi\u00f3 que la Expo, la Feria del Libro, y todo lo pensado \u201cson m\u00e1s oportunidades, m\u00e1s horizontes culturales para nuestras ni\u00f1eces y adolescencias\u201d.<\/p>\n<p><strong>Oportunidades para las infancias<\/strong><br \/>\n\u201cPrimero felicitar a Fernanda (Alonso), a todo el equipo municipal que como cada vez que venimos nos sorprende con la capacidad de organizaci\u00f3n. Esto de comprometer a toda la comunidad, de poder ver, participar, de sentirse parte, en la manera de que cada vez avanzamos m\u00e1s en la construcci\u00f3n de un sistema de protecci\u00f3n de derechos, y donde cada uno, a trav\u00e9s del juego, de las experiencias, de las diferentes voces, empezamos a tomar conciencia de lo que nos toca en esa cuota de corresponsabilidad, en la construcci\u00f3n de \u00e9ste sistema de protecci\u00f3n\u201d, expres\u00f3 Diego \u00c1lvarez.<\/p>\n<p>En dicho contexto, el ministro de Desarrollo Social agreg\u00f3: \u201clas pol\u00edticas p\u00fablicas, todas, tienen que ser tendientes a que se vayan conociendo los derechos de los ni\u00f1os, y principalmente esto que tiene que ver con el juego, la diversi\u00f3n, los espacios de reflexi\u00f3n para los adultos tambi\u00e9n, en cuanto a la mirada que tenemos con respecto a las ni\u00f1eces\u201d.<\/p>\n<p>A modo de cierre, \u00c1lvarez destac\u00f3 la mirada de ciudad pensada desde los ni\u00f1os y adolescentes, \u201csi partimos desde lo individual hasta lo colectivo, nosotros, como adultos, nos representamos y todo lo que hacemos es en funci\u00f3n de nuestros hijos e hijas, y la comunidad, todo lo que tiene que hacer y por lo que tiene que bregar, es para que las infancias est\u00e9n contenidas y tengan un mejor marco de oportunidades para que se puedan desarrollar con felicidad\u201d.<\/p>\n<p><strong>Un trabajo ininterrumpido en La Pampa<\/strong><br \/>\nPor su parte, el ministro de Salud calific\u00f3 la presentaci\u00f3n de la intendenta como muy lucida, \u201cmuy bien fundamentada y con mucha informaci\u00f3n, de la cual hemos participado entregando muchos datos a nivel provincial, y aunque no se mencion\u00f3, tambi\u00e9n adultos y adultos mayores, de alguna manera involucra a toda la sociedad\u00bb.<\/p>\n<p>\u00abEs un trabajo ininterrumpido el que se realiza en nuestra provincia con ni\u00f1ez, infancia, adolescencia, adultos y adultos mayores. Esto tiene que ver fundamentalmente con una pol\u00edtica p\u00fablica llevada adelante desde el gobierno provincial, nos permite trabajar de manera mancomunada entre todos los ministerios, porque no solo se prioriza la salud, sino que tambi\u00e9n se articula entre los ministerios, que tenemos tareas transversales, y hemos logrado trabajar todos juntos, potenciando de manera permanente, logrando resultados sumamente positivos y de eficiencia realmente elevada\u00bb, agreg\u00f3 Mario Kohan.<\/p>\n<p>A modo de ejemplo, el funcionario se refiri\u00f3 a informes dados a conocer desde el Ministerio de Salud de la Naci\u00f3n, donde La Pampa tiene la menor tasa de mortalidad infantil, y la mayor tasa de vacunaci\u00f3n.<\/p>\n","protected":false},"excerpt":{"rendered":"<p>La Expo Infancia y Adolescencia continu\u00f3 este jueves en el Play\u00f3n del Ferrocarril de General Pico, con la participaci\u00f3n de autoridades provinciales y municipales y el acompa\u00f1amiento del Gobierno de&hellip;<\/p>\n","protected":false},"author":4,"featured_media":512245,"comment_status":"closed","ping_status":"open","sticky":false,"template":"","format":"standard","meta":{"footnotes":""},"categories":[13],"tags":[],"class_list":["post-512241","post","type-post","status-publish","format-standard","has-post-thumbnail","hentry","category-provincia"],"jetpack_featured_media_url":"https:\/\/www.planbnoticias.com.ar\/wp-content\/uploads\/2026\/09\/expo-infancia-pico.jpg","_links":{"self":[{"href":"https:\/\/www.planbnoticias.com.ar\/index.php\/wp-json\/wp\/v2\/posts\/512241","targetHints":{"allow":["GET"]}}],"collection":[{"href":"https:\/\/www.planbnoticias.com.ar\/index.php\/wp-json\/wp\/v2\/posts"}],"about":[{"href":"https:\/\/www.planbnoticias.com.ar\/index.php\/wp-json\/wp\/v2\/types\/post"}],"author":[{"embeddable":true,"href":"https:\/\/www.planbnoticias.com.ar\/index.php\/wp-json\/wp\/v2\/users\/4"}],"replies":[{"embeddable":true,"href":"https:\/\/www.planbnoticias.com.ar\/index.php\/wp-json\/wp\/v2\/comments?post=512241"}],"version-history":[{"count":1,"href":"https:\/\/www.planbnoticias.com.ar\/index.php\/wp-json\/wp\/v2\/posts\/512241\/revisions"}],"predecessor-version":[{"id":512246,"href":"https:\/\/www.planbnoticias.com.ar\/index.php\/wp-json\/wp\/v2\/posts\/512241\/revisions\/512246"}],"wp:featuredmedia":[{"embeddable":true,"href":"https:\/\/www.planbnoticias.com.ar\/index.php\/wp-json\/wp\/v2\/media\/512245"}],"wp:attachment":[{"href":"https:\/\/www.planbnoticias.com.ar\/index.php\/wp-json\/wp\/v2\/media?parent=512241"}],"wp:term":[{"taxonomy":"category","embeddable":true,"href":"https:\/\/www.planbnoticias.com.ar\/index.php\/wp-json\/wp\/v2\/categories?post=512241"},{"taxonomy":"post_tag","embeddable":true,"href":"https:\/\/www.planbnoticias.com.ar\/index.php\/wp-json\/wp\/v2\/tags?post=512241"}],"curies":[{"name":"wp","href":"https:\/\/api.w.org\/{rel}","templated":true}]}}