{"id":512247,"date":"2026-09-03T19:09:49","date_gmt":"2026-09-03T22:09:49","guid":{"rendered":"https:\/\/www.planbnoticias.com.ar\/?p=512247"},"modified":"2026-09-03T19:09:49","modified_gmt":"2026-09-03T22:09:49","slug":"concejales-del-pro-apoyan-el-proyecto-de-ardohain-el-campo-no-puede-quedar-a-merced-del-delito","status":"publish","type":"post","link":"https:\/\/www.planbnoticias.com.ar\/index.php\/2026\/09\/03\/concejales-del-pro-apoyan-el-proyecto-de-ardohain-el-campo-no-puede-quedar-a-merced-del-delito\/","title":{"rendered":"Concejales del PRO apoyan el proyecto de Ardohain: \u201cEl campo no puede quedar a merced del delito\u201d"},"content":{"rendered":"<p><img fetchpriority=\"high\" decoding=\"async\" class=\"alignnone size-full wp-image-432159\" src=\"https:\/\/www.planbnoticias.com.ar\/wp-content\/uploads\/2024\/09\/oddi-guerrero.jpg\" alt=\"\" width=\"959\" height=\"670\" srcset=\"https:\/\/www.planbnoticias.com.ar\/wp-content\/uploads\/2024\/09\/oddi-guerrero.jpg 959w, https:\/\/www.planbnoticias.com.ar\/wp-content\/uploads\/2024\/09\/oddi-guerrero-300x210.jpg 300w, https:\/\/www.planbnoticias.com.ar\/wp-content\/uploads\/2024\/09\/oddi-guerrero-768x537.jpg 768w, https:\/\/www.planbnoticias.com.ar\/wp-content\/uploads\/2024\/09\/oddi-guerrero-585x409.jpg 585w\" sizes=\"(max-width: 959px) 100vw, 959px\" \/><\/p>\n<p>El Bloque PRO del Concejo Deliberante de Santa Rosa, integrado por Fernanda Oddi y Marcelo Guerrero, expres\u00f3 su respaldo al proyecto presentado en el Congreso por el diputado nacional Mart\u00edn Ardohain, que propone modificar el C\u00f3digo Penal para fortalecer las herramientas frente a los delitos que afectan a los establecimientos rurales y la actividad productiva. Los concejales se\u00f1alaron que proteger al campo implica resguardar el trabajo, las inversiones, las familias y toda la cadena econ\u00f3mica vinculada a la producci\u00f3n agropecuaria en La Pampa.<br \/>\n<script async src=\"\/\/pagead2.googlesyndication.com\/pagead\/js\/adsbygoogle.js\"><\/script><br \/>\n<!-- Publi m\u00f3vil interior nota --><br \/>\n<ins class=\"adsbygoogle\" style=\"display: inline-block; width: 320px; height: 100px;\" data-ad-client=\"ca-pub-7250018434179914\" data-ad-slot=\"1040343543\"><\/ins><br \/>\n<script>\n(adsbygoogle = window.adsbygoogle || []).push({});\n<\/script><br \/>\nLos ediles destacaron que \u00abLa Pampa es una provincia profundamente ligada al campo. Detr\u00e1s de cada establecimiento rural hay historia, familias, trabajadores, inversi\u00f3n, maquinaria y a\u00f1os de esfuerzo que sostienen una parte central de nuestra econom\u00eda. Por eso, generar condiciones para que esa producci\u00f3n pueda desarrollarse con seguridad y reglas claras es tambi\u00e9n parte de pensar el futuro de nuestra provincia\u00bb.<\/p>\n<p>Se\u00f1alaron que \u00abLos ingresos indebidos a establecimientos rurales y los da\u00f1os sobre cultivos, animales, instalaciones o maquinaria afectan directamente esa capacidad de producir. Proteger esos establecimientos significa cuidar el esfuerzo de una familia, la inversi\u00f3n de quien incorpora maquinaria, el trabajo de quien siembra y la actividad de todos los que forman parte de una cadena que genera movimiento y empleo en La Pampa\u00bb.<\/p>\n<p>Oddi y Guerrero sostuvieron que \u00abCon ese objetivo, el diputado nacional Mart\u00edn Ardohain present\u00f3 en el Congreso un proyecto para modificar el C\u00f3digo Penal y fortalecer las herramientas frente a los delitos que afectan a los establecimientos rurales y su actividad productiva. Desde el Bloque PRO del Concejo Deliberante de Santa Rosa decidimos acompa\u00f1ar esta iniciativa y expresar formalmente nuestro respaldo\u00bb.<\/p>\n<p>Detallaron que \u00abEs una decisi\u00f3n que forma parte de la provincia que queremos construir. La Pampa tiene capacidad para producir m\u00e1s, atraer nuevas inversiones y generar m\u00e1s trabajo privado, y ese potencial necesita seguridad, previsibilidad y reglas claras para quienes deciden invertir, trabajar y crecer ac\u00e1\u00bb.<\/p>\n<p>Finalmente, expresaron que \u00abEse es el pr\u00f3ximo paso: construir una provincia que cuide a quienes producen y genere cada vez mejores condiciones para invertir, trabajar y crecer\u00bb.<\/p>\n","protected":false},"excerpt":{"rendered":"<p>El Bloque PRO del Concejo Deliberante de Santa Rosa, integrado por Fernanda Oddi y Marcelo Guerrero, expres\u00f3 su respaldo al proyecto presentado en el Congreso por el diputado nacional Mart\u00edn&hellip;<\/p>\n","protected":false},"author":4,"featured_media":432159,"comment_status":"closed","ping_status":"open","sticky":false,"template":"","format":"standard","meta":{"footnotes":""},"categories":[4],"tags":[],"class_list":["post-512247","post","type-post","status-publish","format-standard","has-post-thumbnail","hentry","category-ciudad"],"jetpack_featured_media_url":"https:\/\/www.planbnoticias.com.ar\/wp-content\/uploads\/2024\/09\/oddi-guerrero.jpg","_links":{"self":[{"href":"https:\/\/www.planbnoticias.com.ar\/index.php\/wp-json\/wp\/v2\/posts\/512247","targetHints":{"allow":["GET"]}}],"collection":[{"href":"https:\/\/www.planbnoticias.com.ar\/index.php\/wp-json\/wp\/v2\/posts"}],"about":[{"href":"https:\/\/www.planbnoticias.com.ar\/index.php\/wp-json\/wp\/v2\/types\/post"}],"author":[{"embeddable":true,"href":"https:\/\/www.planbnoticias.com.ar\/index.php\/wp-json\/wp\/v2\/users\/4"}],"replies":[{"embeddable":true,"href":"https:\/\/www.planbnoticias.com.ar\/index.php\/wp-json\/wp\/v2\/comments?post=512247"}],"version-history":[{"count":1,"href":"https:\/\/www.planbnoticias.com.ar\/index.php\/wp-json\/wp\/v2\/posts\/512247\/revisions"}],"predecessor-version":[{"id":512248,"href":"https:\/\/www.planbnoticias.com.ar\/index.php\/wp-json\/wp\/v2\/posts\/512247\/revisions\/512248"}],"wp:featuredmedia":[{"embeddable":true,"href":"https:\/\/www.planbnoticias.com.ar\/index.php\/wp-json\/wp\/v2\/media\/432159"}],"wp:attachment":[{"href":"https:\/\/www.planbnoticias.com.ar\/index.php\/wp-json\/wp\/v2\/media?parent=512247"}],"wp:term":[{"taxonomy":"category","embeddable":true,"href":"https:\/\/www.planbnoticias.com.ar\/index.php\/wp-json\/wp\/v2\/categories?post=512247"},{"taxonomy":"post_tag","embeddable":true,"href":"https:\/\/www.planbnoticias.com.ar\/index.php\/wp-json\/wp\/v2\/tags?post=512247"}],"curies":[{"name":"wp","href":"https:\/\/api.w.org\/{rel}","templated":true}]}}