{"id":512249,"date":"2026-09-03T19:32:46","date_gmt":"2026-09-03T22:32:46","guid":{"rendered":"https:\/\/www.planbnoticias.com.ar\/?p=512249"},"modified":"2026-09-03T19:32:46","modified_gmt":"2026-09-03T22:32:46","slug":"gran-desafio-del-valle-se-viene-el-mountain-bike-en-general-acha","status":"publish","type":"post","link":"https:\/\/www.planbnoticias.com.ar\/index.php\/2026\/09\/03\/gran-desafio-del-valle-se-viene-el-mountain-bike-en-general-acha\/","title":{"rendered":"Gran Desaf\u00edo del Valle: Se viene el Mountain Bike en General Acha"},"content":{"rendered":"<p><img fetchpriority=\"high\" decoding=\"async\" class=\"alignnone size-full wp-image-512250\" src=\"https:\/\/www.planbnoticias.com.ar\/wp-content\/uploads\/2026\/09\/mountain-bike-turismo-1.jpg\" alt=\"\" width=\"1000\" height=\"667\" srcset=\"https:\/\/www.planbnoticias.com.ar\/wp-content\/uploads\/2026\/09\/mountain-bike-turismo-1.jpg 1000w, https:\/\/www.planbnoticias.com.ar\/wp-content\/uploads\/2026\/09\/mountain-bike-turismo-1-300x200.jpg 300w, https:\/\/www.planbnoticias.com.ar\/wp-content\/uploads\/2026\/09\/mountain-bike-turismo-1-768x512.jpg 768w, https:\/\/www.planbnoticias.com.ar\/wp-content\/uploads\/2026\/09\/mountain-bike-turismo-1-585x390.jpg 585w, https:\/\/www.planbnoticias.com.ar\/wp-content\/uploads\/2026\/09\/mountain-bike-turismo-1-263x175.jpg 263w\" sizes=\"(max-width: 1000px) 100vw, 1000px\" \/><\/p>\n<p>General Acha ser\u00e1 escenario, el 12 y 13 de septiembre, de la segunda edici\u00f3n del Gran Desaf\u00edo del Valle, una competencia de ciclismo que reunir\u00e1 a participantes de distintas categor\u00edas en un exigente recorrido dividido en dos etapas. La propuesta combinar\u00e1 desaf\u00edo deportivo, resistencia y paisajes caracter\u00edsticos de la regi\u00f3n.<br \/>\n<script async src=\"\/\/pagead2.googlesyndication.com\/pagead\/js\/adsbygoogle.js\"><\/script><br \/>\n<!-- Publi m\u00f3vil interior nota --><br \/>\n<ins class=\"adsbygoogle\" style=\"display: inline-block; width: 320px; height: 100px;\" data-ad-client=\"ca-pub-7250018434179914\" data-ad-slot=\"1040343543\"><\/ins><br \/>\n<script>\n(adsbygoogle = window.adsbygoogle || []).push({});\n<\/script><br \/>\nLa primera etapa se disputar\u00e1 el s\u00e1bado desde las 14:00, con recorridos de 81 kil\u00f3metros para la categor\u00eda Competitiva, 54K para Promocionales y 27K para Cicloturistas. En tanto, el domingo ser\u00e1 el turno de la segunda jornada, sobre un circuito de 15 kil\u00f3metros, con distancias acumuladas de 87K para Competitiva, 56K para Promocionales y 24K para Cicloturistas.<\/p>\n<p>La competencia se present\u00f3 esta ma\u00f1ana en la Secretar\u00eda de Turismo de la Provincia, con la presencia del titular del \u00e1rea, Sa\u00fal Echeveste; la directora de Desarrollo de la Oferta Tur\u00edstica, Florencia Stefanazzi; el director de Deportes del municipio achense, Pablo Langhoff y el responsable de Turismo, Pablo D\u00edaz.<\/p>\n<p>Echeveste remarc\u00f3 el trabajo que se viene realizando para llevar a cabo la competencia de ciclismo. \u201cEs una competencia que arranc\u00f3 el a\u00f1o pasado, la cual inclu\u00eda a tres localidades. En este caso, solamente el circuito se va a dar en la localidad de General Acha, en el valle Pampeano. Es un evento deportivo, social, tur\u00edstico, que junta a muchos ciclistas de la regi\u00f3n y tambi\u00e9n del interior de la Provincia\u201d, cont\u00f3.<\/p>\n<p>\u201cSiempre destacamos cada iniciativa que lleva adelante el municipio de Acha tiene que ver con lo social, lo cultural, lo deportivo, lo tur\u00edstico. Es importante en tiempos dif\u00edciles seguir pensando en cada uno de estos acontecimientos como una inversi\u00f3n\u201d, agreg\u00f3.<\/p>\n<p>Mientras que Langhoof, destac\u00f3 que la actividad en la localidad \u201cprovocar\u00e1 un movimiento econ\u00f3mico extra, donde vamos a tener mucha m\u00e1s gente consumiendo en restaurantes, en hoteles, as\u00ed que nos estamos preparando de la mejor manera. Son dos etapa, donde en cada una se va a premiar del primero al tercero con efectivo y despu\u00e9s va a haber una premiaci\u00f3n en una etapa general\u201d.<\/p>\n<p>\u201cSabemos que en lo que es el Mountain Bike hay muchos competidores, tenemos muchos inscriptos de provincias vecinas, de la Provincia tambi\u00e9n. Es un desaf\u00edo muy importante porque tenemos muchas lomas, lugares donde va a estar muy pesado transitar, senderos, va a ser un desaf\u00edo muy duro\u201d, agreg\u00f3.<\/p>\n<p>Por \u00faltimo, inform\u00f3 que los interesados se \u201cpodr\u00e1n inscribir hasta el s\u00e1bado 12 a la ma\u00f1ana. Esperamos alrededor de 300 corredores y con la inscripci\u00f3n a los primos 300 corredores, una remera con el kit, que se le da una botella de agua, un turr\u00f3n, una barrita de cereal y un gel de hidrataci\u00f3n\u201d.<\/p>\n","protected":false},"excerpt":{"rendered":"<p>General Acha ser\u00e1 escenario, el 12 y 13 de septiembre, de la segunda edici\u00f3n del Gran Desaf\u00edo del Valle, una competencia de ciclismo que reunir\u00e1 a participantes de distintas categor\u00edas&hellip;<\/p>\n","protected":false},"author":4,"featured_media":512250,"comment_status":"closed","ping_status":"open","sticky":false,"template":"","format":"standard","meta":{"footnotes":""},"categories":[13],"tags":[],"class_list":["post-512249","post","type-post","status-publish","format-standard","has-post-thumbnail","hentry","category-provincia"],"jetpack_featured_media_url":"https:\/\/www.planbnoticias.com.ar\/wp-content\/uploads\/2026\/09\/mountain-bike-turismo-1.jpg","_links":{"self":[{"href":"https:\/\/www.planbnoticias.com.ar\/index.php\/wp-json\/wp\/v2\/posts\/512249","targetHints":{"allow":["GET"]}}],"collection":[{"href":"https:\/\/www.planbnoticias.com.ar\/index.php\/wp-json\/wp\/v2\/posts"}],"about":[{"href":"https:\/\/www.planbnoticias.com.ar\/index.php\/wp-json\/wp\/v2\/types\/post"}],"author":[{"embeddable":true,"href":"https:\/\/www.planbnoticias.com.ar\/index.php\/wp-json\/wp\/v2\/users\/4"}],"replies":[{"embeddable":true,"href":"https:\/\/www.planbnoticias.com.ar\/index.php\/wp-json\/wp\/v2\/comments?post=512249"}],"version-history":[{"count":1,"href":"https:\/\/www.planbnoticias.com.ar\/index.php\/wp-json\/wp\/v2\/posts\/512249\/revisions"}],"predecessor-version":[{"id":512251,"href":"https:\/\/www.planbnoticias.com.ar\/index.php\/wp-json\/wp\/v2\/posts\/512249\/revisions\/512251"}],"wp:featuredmedia":[{"embeddable":true,"href":"https:\/\/www.planbnoticias.com.ar\/index.php\/wp-json\/wp\/v2\/media\/512250"}],"wp:attachment":[{"href":"https:\/\/www.planbnoticias.com.ar\/index.php\/wp-json\/wp\/v2\/media?parent=512249"}],"wp:term":[{"taxonomy":"category","embeddable":true,"href":"https:\/\/www.planbnoticias.com.ar\/index.php\/wp-json\/wp\/v2\/categories?post=512249"},{"taxonomy":"post_tag","embeddable":true,"href":"https:\/\/www.planbnoticias.com.ar\/index.php\/wp-json\/wp\/v2\/tags?post=512249"}],"curies":[{"name":"wp","href":"https:\/\/api.w.org\/{rel}","templated":true}]}}