{"id":512259,"date":"2026-09-03T20:55:47","date_gmt":"2026-09-03T23:55:47","guid":{"rendered":"https:\/\/www.planbnoticias.com.ar\/?p=512259"},"modified":"2026-09-03T20:55:47","modified_gmt":"2026-09-03T23:55:47","slug":"encuentro-con-referentes-del-partido-justicialista-en-villa-mirasol","status":"publish","type":"post","link":"https:\/\/www.planbnoticias.com.ar\/index.php\/2026\/09\/03\/encuentro-con-referentes-del-partido-justicialista-en-villa-mirasol\/","title":{"rendered":"Encuentro con referentes del Partido Justicialista en Villa Mirasol"},"content":{"rendered":"<p><img fetchpriority=\"high\" decoding=\"async\" class=\"alignnone size-full wp-image-512260\" src=\"https:\/\/www.planbnoticias.com.ar\/wp-content\/uploads\/2026\/09\/reunion-pj-pueblo.jpeg\" alt=\"\" width=\"1600\" height=\"1204\" srcset=\"https:\/\/www.planbnoticias.com.ar\/wp-content\/uploads\/2026\/09\/reunion-pj-pueblo.jpeg 1600w, https:\/\/www.planbnoticias.com.ar\/wp-content\/uploads\/2026\/09\/reunion-pj-pueblo-300x226.jpeg 300w, https:\/\/www.planbnoticias.com.ar\/wp-content\/uploads\/2026\/09\/reunion-pj-pueblo-1024x771.jpeg 1024w, https:\/\/www.planbnoticias.com.ar\/wp-content\/uploads\/2026\/09\/reunion-pj-pueblo-768x578.jpeg 768w, https:\/\/www.planbnoticias.com.ar\/wp-content\/uploads\/2026\/09\/reunion-pj-pueblo-1536x1156.jpeg 1536w, https:\/\/www.planbnoticias.com.ar\/wp-content\/uploads\/2026\/09\/reunion-pj-pueblo-1170x880.jpeg 1170w, https:\/\/www.planbnoticias.com.ar\/wp-content\/uploads\/2026\/09\/reunion-pj-pueblo-585x440.jpeg 585w\" sizes=\"(max-width: 1600px) 100vw, 1600px\" \/><\/p>\n<p>Se desarroll\u00f3 un encuentro del el Partido Justicialista con dirigentes provinciales y locales, en Villa Mirasol donde la Unidad B\u00e1sica local. Adem\u00e1s de la localidad anfitriona, participaron referentes de Colonia Baron, Relmo, Dorila, Miguel Cane, Metileo, Agustoni y Quemu Quemu.<br \/>\n<script async src=\"\/\/pagead2.googlesyndication.com\/pagead\/js\/adsbygoogle.js\"><\/script><br \/>\n<!-- Publi m\u00f3vil interior nota --><br \/>\n<ins class=\"adsbygoogle\" style=\"display: inline-block; width: 320px; height: 100px;\" data-ad-client=\"ca-pub-7250018434179914\" data-ad-slot=\"1040343543\"><\/ins><br \/>\n<script>\n(adsbygoogle = window.adsbygoogle || []).push({});\n<\/script><br \/>\nLa convocatoria cont\u00f3 con la presencia de dirigentes provinciales del Consejo Provincial del PJ como la diputada Liliana Robledo, la delegada Departamental Sonia Luengo, la secretaria de Genero y Diversidades Gabriela Labourie, el Secretario General de UPCN Jorge Lezcano, la presidenta del IPAV Erica Riboyra y los intendentes de Metileno Carlos Marchisio, de Agustoni Federico Bogarin y el anfitri\u00f3n Lucas Laguna. Tambi\u00e9n fue parte el ministro Antonio Curciarello y el delegado de Desarrollo Social Marcos \u00c1lvarez Echeveste.<\/p>\n<p>Desde el PJ destacaron que \u00abEl peronismo est\u00e1 en plena movilizaci\u00f3n, compartiendo la agenda nacional con las bases luego del encuentro que el Gobernador y presidente del PJ Pampeano Sergio Ziliotto se reuniera d\u00edas atr\u00e1s con la dirigencia nacional y promoviendo la normalizaci\u00f3n de la Juventud Peronista provincial\u00bb.<\/p>\n<p>Tambi\u00e9n se inform\u00f3 sobre el \u00faltimo encuentro federal de Mujeres Peronistas que congreg\u00f3 m\u00e1s de mil mujeres de todo el Pa\u00eds en Catamarca, entre las que hubo una importante de elevaci\u00f3n de mujeres justicialistas Pampeanas.<\/p>\n<p>Por otro lado, los referentes de cada localidad planteo su realidad y los movimientos que ya se van dando en cada una a los efectos de encontrar los consensos necesarios para la conformaci\u00f3n de la oferta electoral de cada pueblo y las propuestas que presentar\u00e1n a la sociedad.<\/p>\n<p>En ese marco, expresaronron que \u00abla crisis nacional golpea muy duro en cada localidad, que se siente la falta de trabajo, los ingresos que no alcanzan y la constante apelaci\u00f3n a la solidaridad de la gente para poder concretar acciones de las instituciones por falta de acompa\u00f1amiento de las intendencias donde no gobierna el justicialismo\u00bb.<\/p>\n<p>Se\u00f1alaron que \u00abpor otra parte, la presencia del Gobierno provincial para poder seguir teniendo obras, programas y medidas que puedan contener algo de la crisis que atraviesa el pa\u00eds\u00bb.<\/p>\n<p>El encuentro fue la continuidad de uno realizado d\u00edas atr\u00e1s en General Acha y anunciaron que har\u00e1n mas encuentros a lo largo y ancho de toda la provincia.<\/p>\n","protected":false},"excerpt":{"rendered":"<p>Se desarroll\u00f3 un encuentro del el Partido Justicialista con dirigentes provinciales y locales, en Villa Mirasol donde la Unidad B\u00e1sica local. Adem\u00e1s de la localidad anfitriona, participaron referentes de Colonia&hellip;<\/p>\n","protected":false},"author":4,"featured_media":512260,"comment_status":"closed","ping_status":"open","sticky":false,"template":"","format":"standard","meta":{"footnotes":""},"categories":[13],"tags":[],"class_list":["post-512259","post","type-post","status-publish","format-standard","has-post-thumbnail","hentry","category-provincia"],"jetpack_featured_media_url":"https:\/\/www.planbnoticias.com.ar\/wp-content\/uploads\/2026\/09\/reunion-pj-pueblo.jpeg","_links":{"self":[{"href":"https:\/\/www.planbnoticias.com.ar\/index.php\/wp-json\/wp\/v2\/posts\/512259","targetHints":{"allow":["GET"]}}],"collection":[{"href":"https:\/\/www.planbnoticias.com.ar\/index.php\/wp-json\/wp\/v2\/posts"}],"about":[{"href":"https:\/\/www.planbnoticias.com.ar\/index.php\/wp-json\/wp\/v2\/types\/post"}],"author":[{"embeddable":true,"href":"https:\/\/www.planbnoticias.com.ar\/index.php\/wp-json\/wp\/v2\/users\/4"}],"replies":[{"embeddable":true,"href":"https:\/\/www.planbnoticias.com.ar\/index.php\/wp-json\/wp\/v2\/comments?post=512259"}],"version-history":[{"count":1,"href":"https:\/\/www.planbnoticias.com.ar\/index.php\/wp-json\/wp\/v2\/posts\/512259\/revisions"}],"predecessor-version":[{"id":512261,"href":"https:\/\/www.planbnoticias.com.ar\/index.php\/wp-json\/wp\/v2\/posts\/512259\/revisions\/512261"}],"wp:featuredmedia":[{"embeddable":true,"href":"https:\/\/www.planbnoticias.com.ar\/index.php\/wp-json\/wp\/v2\/media\/512260"}],"wp:attachment":[{"href":"https:\/\/www.planbnoticias.com.ar\/index.php\/wp-json\/wp\/v2\/media?parent=512259"}],"wp:term":[{"taxonomy":"category","embeddable":true,"href":"https:\/\/www.planbnoticias.com.ar\/index.php\/wp-json\/wp\/v2\/categories?post=512259"},{"taxonomy":"post_tag","embeddable":true,"href":"https:\/\/www.planbnoticias.com.ar\/index.php\/wp-json\/wp\/v2\/tags?post=512259"}],"curies":[{"name":"wp","href":"https:\/\/api.w.org\/{rel}","templated":true}]}}