{"id":512268,"date":"2026-09-03T22:18:25","date_gmt":"2026-09-04T01:18:25","guid":{"rendered":"https:\/\/www.planbnoticias.com.ar\/?p=512268"},"modified":"2026-09-03T22:18:25","modified_gmt":"2026-09-04T01:18:25","slug":"la-pampa-brillo-en-vinus-2026-y-lovera-pidio-reconocer-a-las-bodegas-por-su-desempeno-internacional","status":"publish","type":"post","link":"https:\/\/www.planbnoticias.com.ar\/index.php\/2026\/09\/03\/la-pampa-brillo-en-vinus-2026-y-lovera-pidio-reconocer-a-las-bodegas-por-su-desempeno-internacional\/","title":{"rendered":"La Pampa brill\u00f3 en VINUS 2026 y Lovera pidi\u00f3 reconocer a las bodegas por su desempe\u00f1o internacional"},"content":{"rendered":"<p><img fetchpriority=\"high\" decoding=\"async\" src=\"https:\/\/www.planbnoticias.com.ar\/wp-content\/uploads\/2026\/03\/lovera-ok.jpeg\" alt=\"\" width=\"1600\" height=\"1213\" class=\"alignnone size-full wp-image-491832\" srcset=\"https:\/\/www.planbnoticias.com.ar\/wp-content\/uploads\/2026\/03\/lovera-ok.jpeg 1600w, https:\/\/www.planbnoticias.com.ar\/wp-content\/uploads\/2026\/03\/lovera-ok-300x227.jpeg 300w, https:\/\/www.planbnoticias.com.ar\/wp-content\/uploads\/2026\/03\/lovera-ok-1024x776.jpeg 1024w, https:\/\/www.planbnoticias.com.ar\/wp-content\/uploads\/2026\/03\/lovera-ok-768x582.jpeg 768w, https:\/\/www.planbnoticias.com.ar\/wp-content\/uploads\/2026\/03\/lovera-ok-1536x1164.jpeg 1536w, https:\/\/www.planbnoticias.com.ar\/wp-content\/uploads\/2026\/03\/lovera-ok-1170x887.jpeg 1170w, https:\/\/www.planbnoticias.com.ar\/wp-content\/uploads\/2026\/03\/lovera-ok-585x444.jpeg 585w\" sizes=\"(max-width: 1600px) 100vw, 1600px\" \/><br \/>\nLa vitivinicultura pampeana volvi\u00f3 a cosechar reconocimientos internacionales y el diputado provincial Daniel Lovera, junto a otros legisladores del bloque FreJuPa, presentaron un proyecto de resoluci\u00f3n para expresar el benepl\u00e1cito de la C\u00e1mara de Diputados de La Pampa a la C\u00e1mara Vitivin\u00edcola de La Pampa (CaViLPa) por el desempe\u00f1o de sus bodegas asociadas en el Concurso Internacional de Vinos y Licores VINUS 2026, desarrollado en Mendoza.<br \/>\n<script async src=\"\/\/pagead2.googlesyndication.com\/pagead\/js\/adsbygoogle.js\"><\/script><br \/>\n<!-- Publi m\u00f3vil interior nota --><br \/>\n<ins class=\"adsbygoogle\" style=\"display: inline-block; width: 320px; height: 100px;\" data-ad-client=\"ca-pub-7250018434179914\" data-ad-slot=\"1040343543\"><\/ins><br \/>\n<script>\n(adsbygoogle = window.adsbygoogle || []).push({});\n<\/script><br \/>\nLa competencia reuni\u00f3 m\u00e1s de 500 muestras provenientes de 17 pa\u00edses y volvi\u00f3 a poner en escena la calidad y el crecimiento de la producci\u00f3n vitivin\u00edcola provincial. En ese marco, las bodegas pampeanas obtuvieron 26 medallas de jerarqu\u00eda internacional: tres Dobles Medallas de Oro, 17 Medallas de Oro y seis Medallas de Plata.<\/p>\n<p>De acuerdo con el informe presentado por CaViLPa, la Bodega Quietud, de Santa Rosa, fue la que obtuvo la mayor cantidad de distinciones, con 16 medallas. Entre ellas se encuentran tres Dobles Medallas de Oro para Marselan 2025, Acechado Monte Adentro 2025 y Tannat 2025. Tambi\u00e9n consigui\u00f3 nueve Medallas de Oro y cuatro de Plata.<\/p>\n<p>La Bodega Estilo 152, de General Acha, obtuvo tres Medallas de Oro, correspondientes a Estilo 152 Malbec 2025, Estilo 152 Malbec Reserva 2024 y Estilo 152 Cabernet Sauvignon Reserva 2024.<\/p>\n<p>En Gobernador Duval, la Bodega Lejan\u00eda consigui\u00f3 tres Medallas de Oro para Lejan\u00eda Malbec 2024, Lejan\u00eda Malbec 2025 y Lejan\u00eda Pinot Noir Rosado 2025. Por su parte, la Bodega Pichi Huinca obtuvo dos Medallas de Oro por sus Malbec 2025 y Malbec Reserva 2025, mientras que Arumc\u00f3, tambi\u00e9n de Gobernador Duval, recibi\u00f3 dos Medallas de Plata.<\/p>\n<p>En los fundamentos del proyecto, Lovera destac\u00f3 que los resultados obtenidos en VINUS 2026 \u201cno son un hecho aislado, sino el fruto de un ecosistema productivo que se fortalece a lo largo de todo el territorio provincial\u201d.<\/p>\n<p>El legislador remarc\u00f3 adem\u00e1s el proceso de desarrollo de la actividad en La Pampa y se\u00f1al\u00f3 que, si bien la vitivinicultura tiene antecedentes en la provincia desde las primeras d\u00e9cadas del siglo XX, su expansi\u00f3n sostenida se produjo a partir de pol\u00edticas p\u00fablicas orientadas al desarrollo y la diversificaci\u00f3n productiva.<\/p>\n<p>En ese sentido, vincul\u00f3 los primeros pasos de la actual expansi\u00f3n del sector con la primera gobernaci\u00f3n de Carlos Verna y con los proyectos que comenzaron a desarrollarse en la ribera del r\u00edo Colorado. Seg\u00fan plante\u00f3, aquella apuesta permiti\u00f3 sentar las bases para una actividad que actualmente presenta una creciente presencia territorial y reconocimiento a nivel nacional e internacional.<\/p>\n<p>El proyecto tambi\u00e9n pone en valor el entramado que conforma actualmente la C\u00e1mara Vitivin\u00edcola de La Pampa, integrada por emprendimientos consolidados con vi\u00f1edos y bodegas propias, adem\u00e1s de productores y fincas que elaboran sus vinos en establecimientos de la provincia.<\/p>\n<p>Entre las bodegas y emprendimientos mencionados se encuentran Bodega del Desierto, de 25 de Mayo; Bodega Lejan\u00eda, de Gobernador Duval; Bodega Quietud, de Santa Rosa; Bodega Estilo 152, de General Acha; Bodega Pichi Huinca, de Pichi Huinca; Bodega Vasco Go\u00f1i, de General Pico; y Pampa Norte, de Trenel.<\/p>\n<p>Tambi\u00e9n forman parte del entramado productores y fincas de Gobernador Duval y Tel\u00e9n, mientras que otros emprendimientos se encuentran fuera de la c\u00e1mara, junto con vi\u00f1edos y proyectos en distintas localidades pampeanas.<\/p>\n<p>Con la iniciativa, Lovera y los legisladores Juan Barrionuevo, Mar\u00eda Silvia Larreta, Hern\u00e1n P\u00e9rez Araujo, Carolina Giussi y Noelia Sosa Godoy buscan que la Legislatura reconozca el desempe\u00f1o alcanzado por el sector y destaque el crecimiento de una actividad que se ha convertido en una de las expresiones de la diversificaci\u00f3n productiva de La Pampa<\/p>\n","protected":false},"excerpt":{"rendered":"<p>La vitivinicultura pampeana volvi\u00f3 a cosechar reconocimientos internacionales y el diputado provincial Daniel Lovera, junto a otros legisladores del bloque FreJuPa, presentaron un proyecto de resoluci\u00f3n para expresar el benepl\u00e1cito&hellip;<\/p>\n","protected":false},"author":4,"featured_media":491832,"comment_status":"closed","ping_status":"open","sticky":false,"template":"","format":"standard","meta":{"footnotes":""},"categories":[13],"tags":[],"class_list":["post-512268","post","type-post","status-publish","format-standard","has-post-thumbnail","hentry","category-provincia"],"jetpack_featured_media_url":"https:\/\/www.planbnoticias.com.ar\/wp-content\/uploads\/2026\/03\/lovera-ok.jpeg","_links":{"self":[{"href":"https:\/\/www.planbnoticias.com.ar\/index.php\/wp-json\/wp\/v2\/posts\/512268","targetHints":{"allow":["GET"]}}],"collection":[{"href":"https:\/\/www.planbnoticias.com.ar\/index.php\/wp-json\/wp\/v2\/posts"}],"about":[{"href":"https:\/\/www.planbnoticias.com.ar\/index.php\/wp-json\/wp\/v2\/types\/post"}],"author":[{"embeddable":true,"href":"https:\/\/www.planbnoticias.com.ar\/index.php\/wp-json\/wp\/v2\/users\/4"}],"replies":[{"embeddable":true,"href":"https:\/\/www.planbnoticias.com.ar\/index.php\/wp-json\/wp\/v2\/comments?post=512268"}],"version-history":[{"count":1,"href":"https:\/\/www.planbnoticias.com.ar\/index.php\/wp-json\/wp\/v2\/posts\/512268\/revisions"}],"predecessor-version":[{"id":512269,"href":"https:\/\/www.planbnoticias.com.ar\/index.php\/wp-json\/wp\/v2\/posts\/512268\/revisions\/512269"}],"wp:featuredmedia":[{"embeddable":true,"href":"https:\/\/www.planbnoticias.com.ar\/index.php\/wp-json\/wp\/v2\/media\/491832"}],"wp:attachment":[{"href":"https:\/\/www.planbnoticias.com.ar\/index.php\/wp-json\/wp\/v2\/media?parent=512268"}],"wp:term":[{"taxonomy":"category","embeddable":true,"href":"https:\/\/www.planbnoticias.com.ar\/index.php\/wp-json\/wp\/v2\/categories?post=512268"},{"taxonomy":"post_tag","embeddable":true,"href":"https:\/\/www.planbnoticias.com.ar\/index.php\/wp-json\/wp\/v2\/tags?post=512268"}],"curies":[{"name":"wp","href":"https:\/\/api.w.org\/{rel}","templated":true}]}}