{"id":512273,"date":"2026-09-04T07:12:01","date_gmt":"2026-09-04T10:12:01","guid":{"rendered":"https:\/\/www.planbnoticias.com.ar\/?p=512273"},"modified":"2026-09-04T07:29:17","modified_gmt":"2026-09-04T10:29:17","slug":"llega-el-estreno-de-ceremonia-nocturna-sobre-textos-de-olga-orozco","status":"publish","type":"post","link":"https:\/\/www.planbnoticias.com.ar\/index.php\/2026\/09\/04\/llega-el-estreno-de-ceremonia-nocturna-sobre-textos-de-olga-orozco\/","title":{"rendered":"Llega el estreno de \u201cCeremonia Nocturna\u201d, sobre textos de Olga Orozco"},"content":{"rendered":"<p><img fetchpriority=\"high\" decoding=\"async\" class=\"alignnone size-full wp-image-512275\" src=\"https:\/\/www.planbnoticias.com.ar\/wp-content\/uploads\/2026\/09\/olga-2.avif\" alt=\"\" width=\"1000\" height=\"666\" srcset=\"https:\/\/www.planbnoticias.com.ar\/wp-content\/uploads\/2026\/09\/olga-2.avif 1000w, https:\/\/www.planbnoticias.com.ar\/wp-content\/uploads\/2026\/09\/olga-2-300x200.avif 300w, https:\/\/www.planbnoticias.com.ar\/wp-content\/uploads\/2026\/09\/olga-2-768x511.avif 768w, https:\/\/www.planbnoticias.com.ar\/wp-content\/uploads\/2026\/09\/olga-2-585x390.avif 585w, https:\/\/www.planbnoticias.com.ar\/wp-content\/uploads\/2026\/09\/olga-2-263x175.avif 263w\" sizes=\"(max-width: 1000px) 100vw, 1000px\" \/><\/p>\n<p>Luego de un ensayo abierto, llega el ESTRENO de \u201cCeremonia Nocturna\u201d (sobre textos de Olga Orozco), con tres fechas en septiembre, previstas para los d\u00edas 20, a las \u00a020.30 hs en el Centro de Artes (Leguizam\u00f3n 1125).<\/p>\n<p>El fin de semana siguiebnte, 26 y 27, tambi\u00e9n desde las 20,30 hs en la Sala Fantasma, en la\u00a0Casa Museo Olga Orozco, Toay (Av. 13 de Caballer\u00eda 1102).<\/p>\n<p>Entradas a CONSIDERACI\u00d3N<\/p>\n<p>RESERVAS al 2954-332664<\/p>\n<p><strong>LA OBRA<\/strong><\/p>\n<p>\u00abHay noches en las que la memoria abre puertas que el tiempo cre\u00eda cerradas.\u00bb<\/p>\n<p>Ceremonia Nocturna es una experiencia esc\u00e9nica inspirada en el universo po\u00e9tico de Olga Orozco. A partir de una dramaturgia original de Ivana Zacharski sobre textos de la autora, la obra propone un recorrido donde la palabra, el cuerpo y la imagen proyectada conviven en un mismo espacio de evocaci\u00f3n.<\/p>\n<p>La puesta se desarrolla como un ritual de memoria. Una mujer atraviesa paisajes interiores habitados por recuerdos, sue\u00f1os y presencias que emergen y se desvanecen. El tiempo deja de ser lineal y la escena se convierte en un territorio donde la poes\u00eda encuentra nuevas formas de manifestarse.<\/p>\n<p>Lejos de ilustrar el texto, las proyecciones audiovisuales construyen una dramaturgia visual propia. Las im\u00e1genes dialogan con la actuaci\u00f3n, expanden el espacio esc\u00e9nico y transforman la percepci\u00f3n del espectador, integrando teatro y lenguaje audiovisual en una \u00fanica experiencia sensible.<\/p>\n<p>Ceremonia Nocturna es una invitaci\u00f3n a habitar el misterio, la memoria y la potencia po\u00e9tica de una de las voces fundamentales de la literatura argentina.<\/p>\n<p><strong>Ficha T\u00e9cnica:<\/strong><\/p>\n<p>Texto: Ivana Zacharski (sobre escritos de Olga Orozco)<\/p>\n<p>Direcci\u00f3n, puesta en escena y actuaci\u00f3n: Silvina D\u2019Atri<\/p>\n<p>T\u00e9cnica de sonido e iluminaci\u00f3n: Norberto Tojo<\/p>\n<p>Dise\u00f1o visual y proyecciones: Lorena Esp\u00edndola<\/p>\n","protected":false},"excerpt":{"rendered":"<p>Luego de un ensayo abierto, llega el ESTRENO de \u201cCeremonia Nocturna\u201d (sobre textos de Olga Orozco), con tres fechas en septiembre, previstas para los d\u00edas 20, a las \u00a020.30 hs&hellip;<\/p>\n","protected":false},"author":3,"featured_media":512275,"comment_status":"closed","ping_status":"open","sticky":false,"template":"","format":"standard","meta":{"footnotes":""},"categories":[5,13],"tags":[],"class_list":["post-512273","post","type-post","status-publish","format-standard","has-post-thumbnail","hentry","category-cultura","category-provincia"],"jetpack_featured_media_url":"https:\/\/www.planbnoticias.com.ar\/wp-content\/uploads\/2026\/09\/olga-2.avif","_links":{"self":[{"href":"https:\/\/www.planbnoticias.com.ar\/index.php\/wp-json\/wp\/v2\/posts\/512273","targetHints":{"allow":["GET"]}}],"collection":[{"href":"https:\/\/www.planbnoticias.com.ar\/index.php\/wp-json\/wp\/v2\/posts"}],"about":[{"href":"https:\/\/www.planbnoticias.com.ar\/index.php\/wp-json\/wp\/v2\/types\/post"}],"author":[{"embeddable":true,"href":"https:\/\/www.planbnoticias.com.ar\/index.php\/wp-json\/wp\/v2\/users\/3"}],"replies":[{"embeddable":true,"href":"https:\/\/www.planbnoticias.com.ar\/index.php\/wp-json\/wp\/v2\/comments?post=512273"}],"version-history":[{"count":2,"href":"https:\/\/www.planbnoticias.com.ar\/index.php\/wp-json\/wp\/v2\/posts\/512273\/revisions"}],"predecessor-version":[{"id":512283,"href":"https:\/\/www.planbnoticias.com.ar\/index.php\/wp-json\/wp\/v2\/posts\/512273\/revisions\/512283"}],"wp:featuredmedia":[{"embeddable":true,"href":"https:\/\/www.planbnoticias.com.ar\/index.php\/wp-json\/wp\/v2\/media\/512275"}],"wp:attachment":[{"href":"https:\/\/www.planbnoticias.com.ar\/index.php\/wp-json\/wp\/v2\/media?parent=512273"}],"wp:term":[{"taxonomy":"category","embeddable":true,"href":"https:\/\/www.planbnoticias.com.ar\/index.php\/wp-json\/wp\/v2\/categories?post=512273"},{"taxonomy":"post_tag","embeddable":true,"href":"https:\/\/www.planbnoticias.com.ar\/index.php\/wp-json\/wp\/v2\/tags?post=512273"}],"curies":[{"name":"wp","href":"https:\/\/api.w.org\/{rel}","templated":true}]}}