{"id":512277,"date":"2026-09-04T07:17:04","date_gmt":"2026-09-04T10:17:04","guid":{"rendered":"https:\/\/www.planbnoticias.com.ar\/?p=512277"},"modified":"2026-09-04T07:17:04","modified_gmt":"2026-09-04T10:17:04","slug":"comunidad-organizada-exalto-el-mensaje-de-milei-sobre-malvinas","status":"publish","type":"post","link":"https:\/\/www.planbnoticias.com.ar\/index.php\/2026\/09\/04\/comunidad-organizada-exalto-el-mensaje-de-milei-sobre-malvinas\/","title":{"rendered":"Comunidad Organizada exalt\u00f3 el mensaje de Milei sobre Malvinas"},"content":{"rendered":"<p><img fetchpriority=\"high\" decoding=\"async\" class=\"alignnone size-full wp-image-482749\" src=\"https:\/\/www.planbnoticias.com.ar\/wp-content\/uploads\/2025\/12\/comunidad-organizada-tierno-fonseca-aliaga.jpg\" alt=\"\" width=\"1000\" height=\"631\" srcset=\"https:\/\/www.planbnoticias.com.ar\/wp-content\/uploads\/2025\/12\/comunidad-organizada-tierno-fonseca-aliaga.jpg 1000w, https:\/\/www.planbnoticias.com.ar\/wp-content\/uploads\/2025\/12\/comunidad-organizada-tierno-fonseca-aliaga-300x189.jpg 300w, https:\/\/www.planbnoticias.com.ar\/wp-content\/uploads\/2025\/12\/comunidad-organizada-tierno-fonseca-aliaga-768x485.jpg 768w, https:\/\/www.planbnoticias.com.ar\/wp-content\/uploads\/2025\/12\/comunidad-organizada-tierno-fonseca-aliaga-585x369.jpg 585w\" sizes=\"(max-width: 1000px) 100vw, 1000px\" \/><\/p>\n<p>En un comunicado de prensa, Comunidad Organizada destac\u00f3 el mensaje presidencial de Javier Milei respecto a la soberan\u00eda sobre las Islas Malvinas.<\/p>\n<p>\u201cDesde La Pampa, el Partido Comunidad Organizada reconoce y exalta el mensaje del Sr. Presidente Javier Milei para reiniciar, con medidas concretas, la recuperaci\u00f3n plena de la soberan\u00eda sobre las Islas Malvinas y dem\u00e1s Islas del Atl\u00e1ntico Sur\u201d, indicaron.<\/p>\n<p>\u201cEs la primera vez que un Presidente argentino se\u00f1ala las medidas que se van a adoptar para esa recuperaci\u00f3n y como primer homenaje a los combatientes ca\u00eddos en Malvinas y a los veteranos que hoy nos representan en el territorio argentino\u201d, indicaron.<\/p>\n<p><script async src=\"\/\/pagead2.googlesyndication.com\/pagead\/js\/adsbygoogle.js\"><\/script><br \/>\n<!-- Publi m\u00f3vil interior nota --><br \/>\n<ins class=\"adsbygoogle\" style=\"display: inline-btiembrepblock; width: 320px; height: 100px;\" data-ad-client=\"ca-pub-7250018434179914\" data-ad-slot=\"1040343543\"><\/ins><br \/>\n<script>\n(adsbygoogle = window.adsbygoogle || []).push({});\n<\/script><\/p>\n<p>\u201cEl reposicionamiento que la Argentina ha tenido estos \u00faltimos a\u00f1os en el mundo y, particularmente, en Estados Unidos, es la posibilidad concreta para que cese la invasi\u00f3n de Gran Breta\u00f1a sobre las Malvinas\u201d, repasaron desde Comunidad Organizada.<\/p>\n<p>\u201cLa soberan\u00eda Argentina, declarada por algunos entregando territorio argentino para bases de China y otros enclaves ajenos a los intereses nacionales, forman parte de un discurso mentiroso de entrega nacional, aunque sosten\u00edan lo contrario\u201d, se agreg\u00f3.<\/p>\n<p>\u201cEl liderazgo de un Presidente combatido por la misma carro\u00f1a pol\u00edtica que entreg\u00f3 soberan\u00eda a mensajeros del odio, de la subversi\u00f3n y del extremismo, significa que recuperaremos las Islas Malvinas con el apoyo casi total del pueblo argentino y convirtiendo a la Argentina tambi\u00e9n en un polo estrat\u00e9gico de la defensa nacional, con la instalaci\u00f3n de una base en Tierra del Fuego, no para la batalla, pero s\u00ed para que sepa el mundo entero la disposici\u00f3n a defender nuestra soberan\u00eda\u201d, finaliza el comunicado de prensa.<\/p>\n","protected":false},"excerpt":{"rendered":"<p>En un comunicado de prensa, Comunidad Organizada destac\u00f3 el mensaje presidencial de Javier Milei respecto a la soberan\u00eda sobre las Islas Malvinas. \u201cDesde La Pampa, el Partido Comunidad Organizada reconoce&hellip;<\/p>\n","protected":false},"author":3,"featured_media":482749,"comment_status":"closed","ping_status":"open","sticky":false,"template":"","format":"standard","meta":{"footnotes":""},"categories":[13],"tags":[],"class_list":["post-512277","post","type-post","status-publish","format-standard","has-post-thumbnail","hentry","category-provincia"],"jetpack_featured_media_url":"https:\/\/www.planbnoticias.com.ar\/wp-content\/uploads\/2025\/12\/comunidad-organizada-tierno-fonseca-aliaga.jpg","_links":{"self":[{"href":"https:\/\/www.planbnoticias.com.ar\/index.php\/wp-json\/wp\/v2\/posts\/512277","targetHints":{"allow":["GET"]}}],"collection":[{"href":"https:\/\/www.planbnoticias.com.ar\/index.php\/wp-json\/wp\/v2\/posts"}],"about":[{"href":"https:\/\/www.planbnoticias.com.ar\/index.php\/wp-json\/wp\/v2\/types\/post"}],"author":[{"embeddable":true,"href":"https:\/\/www.planbnoticias.com.ar\/index.php\/wp-json\/wp\/v2\/users\/3"}],"replies":[{"embeddable":true,"href":"https:\/\/www.planbnoticias.com.ar\/index.php\/wp-json\/wp\/v2\/comments?post=512277"}],"version-history":[{"count":1,"href":"https:\/\/www.planbnoticias.com.ar\/index.php\/wp-json\/wp\/v2\/posts\/512277\/revisions"}],"predecessor-version":[{"id":512278,"href":"https:\/\/www.planbnoticias.com.ar\/index.php\/wp-json\/wp\/v2\/posts\/512277\/revisions\/512278"}],"wp:featuredmedia":[{"embeddable":true,"href":"https:\/\/www.planbnoticias.com.ar\/index.php\/wp-json\/wp\/v2\/media\/482749"}],"wp:attachment":[{"href":"https:\/\/www.planbnoticias.com.ar\/index.php\/wp-json\/wp\/v2\/media?parent=512277"}],"wp:term":[{"taxonomy":"category","embeddable":true,"href":"https:\/\/www.planbnoticias.com.ar\/index.php\/wp-json\/wp\/v2\/categories?post=512277"},{"taxonomy":"post_tag","embeddable":true,"href":"https:\/\/www.planbnoticias.com.ar\/index.php\/wp-json\/wp\/v2\/tags?post=512277"}],"curies":[{"name":"wp","href":"https:\/\/api.w.org\/{rel}","templated":true}]}}