{"id":512287,"date":"2026-09-04T08:35:50","date_gmt":"2026-09-04T11:35:50","guid":{"rendered":"https:\/\/www.planbnoticias.com.ar\/?p=512287"},"modified":"2026-09-04T08:35:50","modified_gmt":"2026-09-04T11:35:50","slug":"la-reaccion-de-los-medios-britanicos-tras-la-cadena-nacional-de-milei","status":"publish","type":"post","link":"https:\/\/www.planbnoticias.com.ar\/index.php\/2026\/09\/04\/la-reaccion-de-los-medios-britanicos-tras-la-cadena-nacional-de-milei\/","title":{"rendered":"La reacci\u00f3n de los medios brit\u00e1nicos tras la cadena nacional de Milei"},"content":{"rendered":"<p><img fetchpriority=\"high\" decoding=\"async\" class=\"alignnone size-full wp-image-512291\" src=\"https:\/\/www.planbnoticias.com.ar\/wp-content\/uploads\/2026\/09\/milei-cadena-nacional.avif\" alt=\"\" width=\"793\" height=\"540\" srcset=\"https:\/\/www.planbnoticias.com.ar\/wp-content\/uploads\/2026\/09\/milei-cadena-nacional.avif 793w, https:\/\/www.planbnoticias.com.ar\/wp-content\/uploads\/2026\/09\/milei-cadena-nacional-300x204.avif 300w, https:\/\/www.planbnoticias.com.ar\/wp-content\/uploads\/2026\/09\/milei-cadena-nacional-768x523.avif 768w, https:\/\/www.planbnoticias.com.ar\/wp-content\/uploads\/2026\/09\/milei-cadena-nacional-585x398.avif 585w\" sizes=\"(max-width: 793px) 100vw, 793px\" \/><\/p>\n<p>La BBC, The Telegraph y Mirror son algunos de los medios que se hicieron eco de la cadena nacional en la que el presidente argentino habl\u00f3 de las Islas Malvinas.<\/p>\n<p>Medios brit\u00e1nicos que se hicieron eco de la cadena nacional en la que el presidente Javier Milei se refiri\u00f3 a las Islas Malvinas, coincidieron en destacar que apunt\u00f3 contra las empresas petroleras que se disponen a extraer petr\u00f3leo en ese territorio, seg\u00fan observ\u00f3 la Agencia Noticias Argentinas.<\/p>\n<p>\u201cEl l\u00edder argentino afirma que las empresas petroleras que operan en las islas Malvinas se enfrentan a sanciones\u201d, titul\u00f3 BBC, que introdujo al tema afirmando que \u201cMilei ha intensificado las tensiones con el Reino Unido por las Islas Malvinas\u201d.<\/p>\n<p><script async src=\"\/\/pagead2.googlesyndication.com\/pagead\/js\/adsbygoogle.js\"><\/script><br \/>\n<!-- Publi m\u00f3vil interior nota --><br \/>\n<ins class=\"adsbygoogle\" style=\"display: inline-btiembrepblock; width: 320px; height: 100px;\" data-ad-client=\"ca-pub-7250018434179914\" data-ad-slot=\"1040343543\"><\/ins><br \/>\n<script>\n(adsbygoogle = window.adsbygoogle || []).push({});\n<\/script><\/p>\n<p>\u201cEn un discurso a la naci\u00f3n, Milei afirm\u00f3 que los vientos de cambio\u201dfavorec\u00edan la reivindicaci\u00f3n argentina sobre las islas, envalentonada por las se\u00f1ales de que Estados Unidos podr\u00eda reconsiderar su postura de neutralidad sobre el tema\u201d, sigue la cadena brit\u00e1nica.<\/p>\n<p><img decoding=\"async\" class=\"alignnone size-full wp-image-512290\" src=\"https:\/\/www.planbnoticias.com.ar\/wp-content\/uploads\/2026\/09\/bbc.avif\" alt=\"\" width=\"849\" height=\"540\" srcset=\"https:\/\/www.planbnoticias.com.ar\/wp-content\/uploads\/2026\/09\/bbc.avif 849w, https:\/\/www.planbnoticias.com.ar\/wp-content\/uploads\/2026\/09\/bbc-300x191.avif 300w, https:\/\/www.planbnoticias.com.ar\/wp-content\/uploads\/2026\/09\/bbc-768x488.avif 768w, https:\/\/www.planbnoticias.com.ar\/wp-content\/uploads\/2026\/09\/bbc-585x372.avif 585w\" sizes=\"(max-width: 849px) 100vw, 849px\" \/><\/p>\n<p>A lo largo del art\u00edculo, la BBC desgrana el discurso del mandatario argentino y finalmente informa que \u201cest\u00e1 solicitando comentarios del gobierno brit\u00e1nico sobre la declaraci\u00f3n de Milei\u201d.<\/p>\n<p><strong>The Telegraph<\/strong><\/p>\n<p>Otro medio, The Telegraph, anuncia que la \u201cArgentina impondr\u00e1 sanciones a las perforaciones petroleras en las costas de las Malvinas\u201d.<\/p>\n<p>Tambi\u00e9n destaca que Milei se refiri\u00f3 a la \u201ccrisis\u201d econ\u00f3mica y migratoria de Gran Breta\u00f1a, como punto favorable para la reivindicaci\u00f3n argentina sobre las islas.<\/p>\n<p>Subraya que las palabras de Milei \u201camenazan con una disputa con (Andy) Burnham, primer ministro brit\u00e1nico.<\/p>\n<p><img decoding=\"async\" class=\"alignnone size-full wp-image-512289\" src=\"https:\/\/www.planbnoticias.com.ar\/wp-content\/uploads\/2026\/09\/telegraph.avif\" alt=\"\" width=\"879\" height=\"720\" srcset=\"https:\/\/www.planbnoticias.com.ar\/wp-content\/uploads\/2026\/09\/telegraph.avif 879w, https:\/\/www.planbnoticias.com.ar\/wp-content\/uploads\/2026\/09\/telegraph-300x246.avif 300w, https:\/\/www.planbnoticias.com.ar\/wp-content\/uploads\/2026\/09\/telegraph-768x629.avif 768w, https:\/\/www.planbnoticias.com.ar\/wp-content\/uploads\/2026\/09\/telegraph-585x479.avif 585w\" sizes=\"(max-width: 879px) 100vw, 879px\" \/><\/p>\n<p><strong>Mirror<\/strong><\/p>\n<p>The Mirror, tambi\u00e9n, se hizo eco del mensaje por cadena nacional del Presidente y puso el foco en la reafirmaci\u00f3n de los derechos soberanos argentinos sobre el territorio insular. Adem\u00e1s, remarco las posibles directas sobre la regi\u00f3n.<\/p>\n<p>En su cobertura, titul\u00f3 \u00ab\u00bbJavier Milei declara que &#8216;las Malvinas son argentinas'\u00bb y detall\u00f3 que el jefe de Estado anticip\u00f3 un paquete de sanciones econ\u00f3micas y administrativas dirigidas a condicionar el funcionamiento del enclave y el desenvolvimiento de quienes residen y operan comercialmente en el archipi\u00e9lago.<\/p>\n<p><img loading=\"lazy\" decoding=\"async\" class=\"alignnone size-full wp-image-512288\" src=\"https:\/\/www.planbnoticias.com.ar\/wp-content\/uploads\/2026\/09\/mirror.avif\" alt=\"\" width=\"915\" height=\"540\" srcset=\"https:\/\/www.planbnoticias.com.ar\/wp-content\/uploads\/2026\/09\/mirror.avif 915w, https:\/\/www.planbnoticias.com.ar\/wp-content\/uploads\/2026\/09\/mirror-300x177.avif 300w, https:\/\/www.planbnoticias.com.ar\/wp-content\/uploads\/2026\/09\/mirror-768x453.avif 768w, https:\/\/www.planbnoticias.com.ar\/wp-content\/uploads\/2026\/09\/mirror-585x345.avif 585w\" sizes=\"(max-width: 915px) 100vw, 915px\" \/><\/p>\n<p>Asimismo, durante la nota, el medio ubicado en Londres hizo hincapi\u00e9 en la posible reuni\u00f3n entre los mandatarios del Reino Unido y de Estados Unidos: \u201cSe espera que Trump y Burnham se re\u00fanan por primera vez en la Asamblea General de la ONU dentro de unas semanas, y lo que est\u00e1 en juego no es insignificante\u201d.<\/p>\n<p>La reacci\u00f3n de los medios brit\u00e1nicos tras la cadena nacional de Milei (Agencia NA).<\/p>\n","protected":false},"excerpt":{"rendered":"<p>La BBC, The Telegraph y Mirror son algunos de los medios que se hicieron eco de la cadena nacional en la que el presidente argentino habl\u00f3 de las Islas Malvinas.&hellip;<\/p>\n","protected":false},"author":3,"featured_media":512290,"comment_status":"closed","ping_status":"open","sticky":false,"template":"","format":"standard","meta":{"footnotes":""},"categories":[11],"tags":[],"class_list":["post-512287","post","type-post","status-publish","format-standard","has-post-thumbnail","hentry","category-mundo"],"jetpack_featured_media_url":"https:\/\/www.planbnoticias.com.ar\/wp-content\/uploads\/2026\/09\/bbc.avif","_links":{"self":[{"href":"https:\/\/www.planbnoticias.com.ar\/index.php\/wp-json\/wp\/v2\/posts\/512287","targetHints":{"allow":["GET"]}}],"collection":[{"href":"https:\/\/www.planbnoticias.com.ar\/index.php\/wp-json\/wp\/v2\/posts"}],"about":[{"href":"https:\/\/www.planbnoticias.com.ar\/index.php\/wp-json\/wp\/v2\/types\/post"}],"author":[{"embeddable":true,"href":"https:\/\/www.planbnoticias.com.ar\/index.php\/wp-json\/wp\/v2\/users\/3"}],"replies":[{"embeddable":true,"href":"https:\/\/www.planbnoticias.com.ar\/index.php\/wp-json\/wp\/v2\/comments?post=512287"}],"version-history":[{"count":1,"href":"https:\/\/www.planbnoticias.com.ar\/index.php\/wp-json\/wp\/v2\/posts\/512287\/revisions"}],"predecessor-version":[{"id":512292,"href":"https:\/\/www.planbnoticias.com.ar\/index.php\/wp-json\/wp\/v2\/posts\/512287\/revisions\/512292"}],"wp:featuredmedia":[{"embeddable":true,"href":"https:\/\/www.planbnoticias.com.ar\/index.php\/wp-json\/wp\/v2\/media\/512290"}],"wp:attachment":[{"href":"https:\/\/www.planbnoticias.com.ar\/index.php\/wp-json\/wp\/v2\/media?parent=512287"}],"wp:term":[{"taxonomy":"category","embeddable":true,"href":"https:\/\/www.planbnoticias.com.ar\/index.php\/wp-json\/wp\/v2\/categories?post=512287"},{"taxonomy":"post_tag","embeddable":true,"href":"https:\/\/www.planbnoticias.com.ar\/index.php\/wp-json\/wp\/v2\/tags?post=512287"}],"curies":[{"name":"wp","href":"https:\/\/api.w.org\/{rel}","templated":true}]}}