{"id":512298,"date":"2026-09-04T09:26:29","date_gmt":"2026-09-04T12:26:29","guid":{"rendered":"https:\/\/www.planbnoticias.com.ar\/?p=512298"},"modified":"2026-09-04T10:35:23","modified_gmt":"2026-09-04T13:35:23","slug":"herrera-cuestiono-el-nuevo-codigo-penal-juvenil-la-peor-respuesta-para-los-pibes-es-la-sancion-penal","status":"publish","type":"post","link":"https:\/\/www.planbnoticias.com.ar\/index.php\/2026\/09\/04\/herrera-cuestiono-el-nuevo-codigo-penal-juvenil-la-peor-respuesta-para-los-pibes-es-la-sancion-penal\/","title":{"rendered":"Herrera cuestion\u00f3 el nuevo C\u00f3digo Penal Juvenil: \u201cLa peor respuesta para los pibes es la sanci\u00f3n penal\u201d"},"content":{"rendered":"<p><img fetchpriority=\"high\" decoding=\"async\" class=\"alignnone size-full wp-image-512300\" src=\"https:\/\/www.planbnoticias.com.ar\/wp-content\/uploads\/2026\/09\/marisa-herrera.avif\" alt=\"\" width=\"1280\" height=\"960\" srcset=\"https:\/\/www.planbnoticias.com.ar\/wp-content\/uploads\/2026\/09\/marisa-herrera.avif 1280w, https:\/\/www.planbnoticias.com.ar\/wp-content\/uploads\/2026\/09\/marisa-herrera-300x225.avif 300w, https:\/\/www.planbnoticias.com.ar\/wp-content\/uploads\/2026\/09\/marisa-herrera-1024x768.avif 1024w, https:\/\/www.planbnoticias.com.ar\/wp-content\/uploads\/2026\/09\/marisa-herrera-768x576.avif 768w, https:\/\/www.planbnoticias.com.ar\/wp-content\/uploads\/2026\/09\/marisa-herrera-1170x878.avif 1170w, https:\/\/www.planbnoticias.com.ar\/wp-content\/uploads\/2026\/09\/marisa-herrera-585x439.avif 585w\" sizes=\"(max-width: 1280px) 100vw, 1280px\" \/><\/p>\n<p>En el lanzamiento de una capacitaci\u00f3n obligatoria para agentes estatales, la especialista Marisa Herrera reivindic\u00f3 la Ley Lucio y advirti\u00f3 que las provincias no est\u00e1n preparadas para implementar el nuevo r\u00e9gimen. Reclam\u00f3 pol\u00edticas preventivas que aborden las situaciones de violencia, abandono y vulnerabilidad antes de que los j\u00f3venes lleguen al sistema penal.<\/p>\n<p>Marisa Herrera, capacitadora del Programa Provincial de Capacitaci\u00f3n en Derechos de Ni\u00f1as, Ni\u00f1os y Adolescentes, dialog\u00f3 con Plan B, en el marco del lanzamiento de la pol\u00edtica de estado que se realiz\u00f3 este viernes en el Centro Cultural Medasur.<\/p>\n<p>\u201cEsta capacitaci\u00f3n es obligatoria y los principales destinatarios, es quienes aplican el d\u00eda a d\u00eda de la defensa de los derechos de infancias y adolescencias, por lo cual es el Estado. El Estado es sus tres poderes, as\u00ed que me parece importante tambi\u00e9n que el Ejecutivo tome la bandera, la responsabilidad que implica capacitarse\u201d, dijo a Plan B.<\/p>\n<p>\u201cPorque cuando uno conoce, cuando uno realmente sabe lo que pasa en la realidad es cuando realmente se anima a poder transformarla y cambiarla. Entonces, ver cu\u00e1les son los nuevos criterios que tenemos hoy en materia de infancia es central para que realmente las pol\u00edticas p\u00fablicas vayan encaminadas hacia ese sector\u201d, agreg\u00f3.<\/p>\n<p>\u201cLo que ver con infancias, es lo m\u00e1s preventivo que hay. Ah\u00ed realmente es donde uno tendr\u00eda que poner toda su capacidad operativa para realmente poder pensar en la defensa efectiva de los derechos de ni\u00f1os y ni\u00f1as y adolescentes\u201d, resalt\u00f3.<\/p>\n<p>Consultada sobre los ejes de esta capacitaci\u00f3n, Herrera \u201clo que voy a hacer es, tengo poco tiempo, entonces lo que voy a hacer es traer casos muy actuales para ir viendo c\u00f3mo la Ley Lucio ha sido important\u00edsima como piso m\u00ednimo para empezar a repensar los conceptos de violencia en plural\u201d.<\/p>\n<p>\u201c\u00bfQu\u00e9 pasa con la escuela? \u00bfQu\u00e9 pasa con el \u00e1mbito salud? \u00bfQu\u00e9 pasa con las familias? \u00bfQu\u00e9 pasa hoy con el entorno digital tambi\u00e9n? Acu\u00e9rdense que tenemos hoy un contexto complejo donde ha aumentado el suicidio adolescente. Esos son elementos que hay que tener en cuenta. Y la Ley Lucio, con la capacitaci\u00f3n, puede ir tambi\u00e9n al nudo, al centro de c\u00f3mo repensar las infancias y las adolescencias\u201d, dijo Herrera.<\/p>\n<p>\u201cPorque hablar de que los chicos no tengan esperanza, porque el suicidio es eso, la falta de esperanza, es un dato elocuente que nos debe interpelar y por eso la Ley Lucio tiene que poner eso en el centro de la escena\u201d, indic\u00f3.<\/p>\n<p><script async src=\"\/\/pagead2.googlesyndication.com\/pagead\/js\/adsbygoogle.js\"><\/script><\/p>\n<p><!-- Publi m\u00f3vil interior nota --><\/p>\n<p>&nbsp;<\/p>\n<p><script><\/p>\n<p>(adsbygoogle = window.adsbygoogle || []).push({});<\/p>\n<p><\/script><\/p>\n<p>Preguntada por la puesta en vigencia en las pr\u00f3ximas horas del nuevo C\u00f3digo Penal Juvenil, Herrera fue cr\u00edtica. \u201cQue para los pibes tu \u00fanica respuesta sea justamente la sanci\u00f3n penal, ir desde el \u00e1mbito penal, creo que es la peor respuesta que se puede dar a los pibes. De hecho, las provincias y generales no est\u00e1n preparadas para todo lo que implica eso, por lo cual van a terminar los chicos en comisar\u00eda o en instituciones que no est\u00e1n formadas, con gente que no est\u00e1 capacitada. De hecho, muchas provincias est\u00e1n viendo qu\u00e9 hacer. Esto va a traer muchos m\u00e1s problemas, porque adem\u00e1s es una pol\u00edtica p\u00fablica\u201d.<\/p>\n<p><img decoding=\"async\" class=\"alignnone size-full wp-image-512299\" src=\"https:\/\/www.planbnoticias.com.ar\/wp-content\/uploads\/2026\/09\/lanzamiento-programa-capacitacion-en-derechos.avif\" alt=\"\" width=\"1280\" height=\"960\" srcset=\"https:\/\/www.planbnoticias.com.ar\/wp-content\/uploads\/2026\/09\/lanzamiento-programa-capacitacion-en-derechos.avif 1280w, https:\/\/www.planbnoticias.com.ar\/wp-content\/uploads\/2026\/09\/lanzamiento-programa-capacitacion-en-derechos-300x225.avif 300w, https:\/\/www.planbnoticias.com.ar\/wp-content\/uploads\/2026\/09\/lanzamiento-programa-capacitacion-en-derechos-1024x768.avif 1024w, https:\/\/www.planbnoticias.com.ar\/wp-content\/uploads\/2026\/09\/lanzamiento-programa-capacitacion-en-derechos-768x576.avif 768w, https:\/\/www.planbnoticias.com.ar\/wp-content\/uploads\/2026\/09\/lanzamiento-programa-capacitacion-en-derechos-1170x878.avif 1170w, https:\/\/www.planbnoticias.com.ar\/wp-content\/uploads\/2026\/09\/lanzamiento-programa-capacitacion-en-derechos-585x439.avif 585w\" sizes=\"(max-width: 1280px) 100vw, 1280px\" \/><\/p>\n<p>\u201cSi no hay plata y el Estado argentino, el Gobierno Nacional no baja plata, \u00bfc\u00f3mo vamos a hacer para hacer efectiva esa ley? Va a terminar siendo un dep\u00f3sito de chicos, aquellos chicos que el propio Estado no pudo tambi\u00e9n acompa\u00f1ar, \u00bfNo?\u201d, agreg\u00f3.<\/p>\n<p>\u201cEsta ley tiene una cuesti\u00f3n efectista en alg\u00fan punto, \u00bfno? Esto de dar una respuesta boba a la sociedad, sobre los chicos chorros. Sin embargo, la pregunta es, \u00bfqu\u00e9 pas\u00f3 antes con estos chicos? Por eso la ley Lucio viene a hablar tambi\u00e9n de eso\u201d, dijo.<\/p>\n<p>\u201cMuchos chicos que caen tambi\u00e9n en el delito. La pregunta es, \u00bfde qu\u00e9 familias vienen? \u00bfQu\u00e9 pas\u00f3 antes? \u00bfV\u00edctimas de violencia? \u00bfV\u00edctimas de abandono? Bueno, ah\u00ed es donde hay que estar el Estado. Por eso la ley Lucio es tan importante, para poder tomar dimensi\u00f3n, que es justamente lo m\u00e1s preventivo\u201d, enfatiz\u00f3.<\/p>\n<p>\u201cPorque ya cuando caes en el derecho penal, ya hay que decir que vos ya perdiste en alg\u00fan punto como sociedad. Y hay que decirlo tambi\u00e9n eso de manera expresa. Yo estoy muy preocupada, todos estamos muy preocupados, porque dictar leyes desde el Congreso de la Naci\u00f3n, all\u00e1, en CABA es f\u00e1cil, ahora hay que hacer la implementaci\u00f3n en cada una de las provincias. Yo quiero ver cuando veamos esos pibes a d\u00f3nde van, vamos a ver si realmente esta ley fue buena o no\u201d, cuestion\u00f3.<\/p>\n<p>Preguntada por la situaci\u00f3n en La Pampa, Herrera record\u00f3 un proyecto que envi\u00f3 Ziliotto a la Legislatura. \u201cEl gobernador est\u00e1 preocupado por esta problem\u00e1tica, para tratar de darle una respuesta, que no le queda otra que cumplir con la ley, pero que sea de una manera lo m\u00e1s preventiva y lo m\u00e1s abarcativa y lo m\u00e1s, digamos, integral posible\u201d.<\/p>\n<p>\u201cEs un buen proyecto que se present\u00f3 el gobernador, ojal\u00e1 que la legislatura ac\u00e1 en la Pampa lo apruebe y que adem\u00e1s pueda ser modelo para otras provincias tambi\u00e9n. La Pampa tiene muy buen bagaje legislativo, tiene buenas leyes, como por ejemplo la ley de Ludopat\u00eda, fue una de las primeras que sali\u00f3. Hay un mont\u00f3n de cuestiones que hemos tenido muy buenas. Ser modelo, porque muchas provincias realmente van a tener un problema enorme con la puesta en pr\u00e1ctica de la ley penal juvenil\u201d, dijo.<\/p>\n<p>Para finalizar, Herrera dijo que el estado es m\u00e1s punitivista desde que est\u00e1 Milei. \u201cEn estos casi tres a\u00f1os de gobierno de mi ley, si vos analiz\u00e1s a d\u00f3nde han entrado los proyectos de ley en el Congreso, la Comisi\u00f3n de Penal es la que m\u00e1s proyectos tiene, tanto en el Senado como en Diputados. Por lo cual, un pa\u00eds que apuesta mucho m\u00e1s a la Comisi\u00f3n de Penal en las leyes que a cualquier otra, ya te das cuenta qu\u00e9 pa\u00eds ten\u00e9s, ad\u00f3nde vas\u201d, finaliz\u00f3.<\/p>\n","protected":false},"excerpt":{"rendered":"<p>En el lanzamiento de una capacitaci\u00f3n obligatoria para agentes estatales, la especialista Marisa Herrera reivindic\u00f3 la Ley Lucio y advirti\u00f3 que las provincias no est\u00e1n preparadas para implementar el nuevo&hellip;<\/p>\n","protected":false},"author":3,"featured_media":512300,"comment_status":"closed","ping_status":"open","sticky":false,"template":"","format":"standard","meta":{"footnotes":""},"categories":[4,13,15],"tags":[],"class_list":["post-512298","post","type-post","status-publish","format-standard","has-post-thumbnail","hentry","category-ciudad","category-provincia","category-tapa"],"jetpack_featured_media_url":"https:\/\/www.planbnoticias.com.ar\/wp-content\/uploads\/2026\/09\/marisa-herrera.avif","_links":{"self":[{"href":"https:\/\/www.planbnoticias.com.ar\/index.php\/wp-json\/wp\/v2\/posts\/512298","targetHints":{"allow":["GET"]}}],"collection":[{"href":"https:\/\/www.planbnoticias.com.ar\/index.php\/wp-json\/wp\/v2\/posts"}],"about":[{"href":"https:\/\/www.planbnoticias.com.ar\/index.php\/wp-json\/wp\/v2\/types\/post"}],"author":[{"embeddable":true,"href":"https:\/\/www.planbnoticias.com.ar\/index.php\/wp-json\/wp\/v2\/users\/3"}],"replies":[{"embeddable":true,"href":"https:\/\/www.planbnoticias.com.ar\/index.php\/wp-json\/wp\/v2\/comments?post=512298"}],"version-history":[{"count":1,"href":"https:\/\/www.planbnoticias.com.ar\/index.php\/wp-json\/wp\/v2\/posts\/512298\/revisions"}],"predecessor-version":[{"id":512301,"href":"https:\/\/www.planbnoticias.com.ar\/index.php\/wp-json\/wp\/v2\/posts\/512298\/revisions\/512301"}],"wp:featuredmedia":[{"embeddable":true,"href":"https:\/\/www.planbnoticias.com.ar\/index.php\/wp-json\/wp\/v2\/media\/512300"}],"wp:attachment":[{"href":"https:\/\/www.planbnoticias.com.ar\/index.php\/wp-json\/wp\/v2\/media?parent=512298"}],"wp:term":[{"taxonomy":"category","embeddable":true,"href":"https:\/\/www.planbnoticias.com.ar\/index.php\/wp-json\/wp\/v2\/categories?post=512298"},{"taxonomy":"post_tag","embeddable":true,"href":"https:\/\/www.planbnoticias.com.ar\/index.php\/wp-json\/wp\/v2\/tags?post=512298"}],"curies":[{"name":"wp","href":"https:\/\/api.w.org\/{rel}","templated":true}]}}